{"id":3492,"global_id":"gbta.org\/es?id=3492","global_id_lineage":["gbta.org\/es?id=3492"],"author":"14","status":"publish","date":"2022-08-01 11:58:21","date_utc":"2022-08-01 15:58:21","modified":"2022-10-04 13:02:39","modified_utc":"2022-10-04 17:02:39","url":"https:\/\/gbta.org\/es\/event\/gbta-reconecta-cdmx-educacion-y-networking\/","rest_url":"https:\/\/gbta.org\/es\/wp-json\/tribe\/events\/v1\/events\/3492","title":"GBTA reconecta CDMX: Educaci\u00f3n y Networking","description":"<p>Jueves 6 de Octubre<br \/>\n08:30 am MEX a 14:15 pm MEX<\/p>\n<p>Te invitamos a reencontrarte con tus pares y colegas a puro Educaci\u00f3n y Networking, con presentaciones \u00fanicas inherentes a la actualidad de la Industria de Viajes Corporativos y con un sector para Expo donde podr\u00e1s conocer m\u00e1s sobre qu\u00e9 tienen para contarte las principales empresas aliadas de T\u00da Industria.<\/p>\n<p>En el bell\u00edsimo piso 40 del Sofitel Mexico City Reforma, te espera este evento \u00fanico y con plazas limitadas \u00a1No te quedes sin tu lugar!<\/p>\n<p>El registro abrir\u00e1 a inicios de Septiembre y pronto compartiremos m\u00e1s novedades sobre los ponentes y la agenda general.<\/p>\n<p>Si quieres recibir m\u00e1s informaci\u00f3n como participante o si te interesa estar presente en el \u00e1rea de Expo con tu empresa, cont\u00e1ctanos a:\u00a0<a class=\"ApplyClass\" href=\"mailto:latamevents@gbta.org\">latamevents@gbta.org<\/a><\/p>\n<h2><\/h2>\n<h2>Sede<\/h2>\n<div class=\"row\">\n<div class=\"col-md-4\">Sofitel Mexico City Reforma<br \/>\nAv. Paseo de la Reforma 297<br \/>\n06500 Mexico City, Mexico<\/div>\n<div class=\"col-md-4\"><img loading=\"lazy\" decoding=\"async\" class=\"alignnone size-medium wp-image-6186\" src=\"https:\/\/gbta.org\/wp-content\/uploads\/Sofitel_Mexico-City-Reforma_logo-N21-300x76.png\" alt=\"sofitel mexico city reforma logo n[21]\" width=\"300\" height=\"76\" srcset=\"https:\/\/gbta.org\/wp-content\/uploads\/Sofitel_Mexico-City-Reforma_logo-N21-300x76.png 300w, https:\/\/gbta.org\/wp-content\/uploads\/Sofitel_Mexico-City-Reforma_logo-N21-1024x261.png 1024w, https:\/\/gbta.org\/wp-content\/uploads\/Sofitel_Mexico-City-Reforma_logo-N21-768x196.png 768w, https:\/\/gbta.org\/wp-content\/uploads\/Sofitel_Mexico-City-Reforma_logo-N21-18x5.png 18w, https:\/\/gbta.org\/wp-content\/uploads\/Sofitel_Mexico-City-Reforma_logo-N21.png 1350w\" sizes=\"auto, (max-width: 300px) 100vw, 300px\" \/><\/div>\n<\/div>\n<h2><\/h2>\n<h2>Agenda*<\/h2>\n<p>* subject to change<\/p>\n<p>&nbsp;<\/p>\n<table class=\"table\" style=\"border: solid 1px #ccc\" border=\"1\" cellspacing=\"0\" cellpadding=\"10\">\n<tbody>\n<tr>\n<td width=\"20%\">08:30 am &#8211; 09:00am<\/td>\n<td>\n<h5>Acreditaciones en Sede<\/h5>\n<p>(Procura estar registrado\/a previo al inicio del evento)<\/td>\n<\/tr>\n<tr>\n<td>09:00 am &#8211; 09:30 am<\/td>\n<td>\n<h5>Palabras de Bienvenida<\/h5>\n<\/td>\n<\/tr>\n<tr>\n<td>09:30 am &#8211; 10:15 am<\/td>\n<td>\n<h5>Gestiona con \u00e9xito tu Programa de Viajes: Herramientas Online (OBTs)Tu aliado Post-Pandemia<\/h5>\n<p><strong>Moderadora:<\/strong><\/p>\n<p>Gabriela Escalante Roman, Gerente Comercial Am\u00e9ricas, Viajes El Corte Ingl\u00e9s<\/p>\n<p><strong>Panelistas:<\/strong><\/p>\n<p>Bolivar Fuentes Le\u00f3n, Global Procurement Indirect Director, Grupo Bimbo<br \/>\nNancy Goycochea, Regional Travel Manager NORAM\/Europe &amp; UK, Unilever<br \/>\nIvonne Cordova, Travel Manager, Nissan<br \/>\nMiguel Ruiz, Solutions Consulting Director Latin America, SAP Concur<br \/>\nEmmanuel Delgado, Director de Cuentas, Sabre<br \/>\nMauricio Ba\u00f1ados, Corporate Account Manager,\u00a0 Amadeus<\/td>\n<\/tr>\n<tr>\n<td>10:15 am &#8211; 11:00 am<\/td>\n<td>\n<h5>Sustentabilidad referida a Viajes Corporativos<\/h5>\n<p>Navegando sobre los standards de Sustentabilidad en las diferentes industrias proveedoras: c\u00f3mo y porqu\u00e9 elegir opciones \u201cverdes\u201d<\/p>\n<p>Joanna Baskin, Corporate Business Travel &amp; Consortia Director, Grupo Posadas<br \/>\nDiana Olivares, Gerente General M\u00e9xico, LATAM Airlines y Presidente CANAERO<br \/>\nH\u00e9ctor Javier Alva Mirazo, Gerente de Cuentas Corporativas, Enterprise<\/td>\n<\/tr>\n<tr>\n<td>11:00 am &#8211; 12:30 pm<\/td>\n<td>\n<h5>Networking Brunch y Expo<\/h5>\n<\/td>\n<\/tr>\n<tr>\n<td>12:30 pm &#8211; 13:15 pm<\/td>\n<td>\n<h5>Bienestar y Seguridad referidos a Viajes Corporativos: una charla de Safety y Wellness post-Pandemia<\/h5>\n<p>Dra. Dayana Tinoco Hans, M\u00e9dico Especialista en Seguridad e Higiene, Master en Salud Ocupacional y Medicina Aeroespacial, Jefe de Salud Ocupacional Grupo Aerom\u00e9xico<\/td>\n<\/tr>\n<tr>\n<td>13:15 pm \u2013 14:15 pm<\/td>\n<td>\n<h5>Expo<\/h5>\n<\/td>\n<\/tr>\n<\/tbody>\n<\/table>\n<p>&nbsp;<\/p>\n<h4><span style=\"text-decoration: underline\"><strong>Hecho posible por<\/strong><\/span><\/h4>\n<p><img loading=\"lazy\" decoding=\"async\" class=\"alignnone wp-image-7514\" src=\"https:\/\/gbta.org\/wp-content\/uploads\/123-300x49.png\" alt=\"123\" width=\"894\" height=\"146\" srcset=\"https:\/\/gbta.org\/wp-content\/uploads\/123-300x49.png 300w, https:\/\/gbta.org\/wp-content\/uploads\/123-768x125.png 768w, https:\/\/gbta.org\/wp-content\/uploads\/123-18x3.png 18w, https:\/\/gbta.org\/wp-content\/uploads\/123.png 800w\" sizes=\"auto, (max-width: 894px) 100vw, 894px\" \/><\/p>\n<h4><span style=\"text-decoration: underline\"><strong>Expositores<\/strong><\/span><\/h4>\n<p><img loading=\"lazy\" decoding=\"async\" class=\"alignnone wp-image-7510\" src=\"https:\/\/gbta.org\/wp-content\/uploads\/gbtslogos-300x150.png\" alt=\"gbtslogos\" width=\"892\" height=\"446\" srcset=\"https:\/\/gbta.org\/wp-content\/uploads\/gbtslogos-300x150.png 300w, https:\/\/gbta.org\/wp-content\/uploads\/gbtslogos-1024x512.png 1024w, https:\/\/gbta.org\/wp-content\/uploads\/gbtslogos-768x384.png 768w, https:\/\/gbta.org\/wp-content\/uploads\/gbtslogos-18x9.png 18w, https:\/\/gbta.org\/wp-content\/uploads\/gbtslogos.png 1200w\" sizes=\"auto, (max-width: 892px) 100vw, 892px\" \/><\/p>\n<h2 style=\"text-align: left\">Valores de Registro<\/h2>\n<p style=\"text-align: left\">Direct Members: USD 40 \/\/ Direct Non-Members: USD 50<br \/>\nAllied Members: USD 60 \/\/ Allied Non-Members: USD 70<\/p>\n<div class=\"button\" style=\"text-align: left\"><a href=\"https:\/\/cvent.me\/zX4axV\">Registro<\/a><\/div>\n<div><\/div>\n<div><\/div>\n<div><\/div>\n<div><\/div>","excerpt":"","slug":"gbta-reconecta-cdmx-educacion-y-networking","image":false,"all_day":false,"start_date":"2022-10-06 08:30:00","start_date_details":{"year":"2022","month":"10","day":"06","hour":"08","minutes":"30","seconds":"00"},"end_date":"2022-10-06 14:15:00","end_date_details":{"year":"2022","month":"10","day":"06","hour":"14","minutes":"15","seconds":"00"},"utc_start_date":"2022-10-06 13:30:00","utc_start_date_details":{"year":"2022","month":"10","day":"06","hour":"13","minutes":"30","seconds":"00"},"utc_end_date":"2022-10-06 19:15:00","utc_end_date_details":{"year":"2022","month":"10","day":"06","hour":"19","minutes":"15","seconds":"00"},"timezone":"America\/Mexico_City","timezone_abbr":"CDT","cost":"","cost_details":{"currency_symbol":"","currency_code":"","currency_position":"prefix","values":[]},"website":"","show_map":true,"show_map_link":true,"hide_from_listings":false,"sticky":false,"featured":false,"categories":[{"name":"LATAM","slug":"latam","term_group":0,"term_taxonomy_id":1460,"taxonomy":"tribe_events_cat","description":"","parent":0,"count":35,"filter":"raw","id":1460,"urls":{"self":"https:\/\/gbta.org\/es\/wp-json\/tribe\/events\/v1\/categories\/1460","collection":"https:\/\/gbta.org\/es\/wp-json\/tribe\/events\/v1\/categories"}},{"name":"Summits &amp; Workshops","slug":"summits-workshops","term_group":0,"term_taxonomy_id":1461,"taxonomy":"tribe_events_cat","description":"","parent":0,"count":68,"filter":"raw","id":1461,"urls":{"self":"https:\/\/gbta.org\/es\/wp-json\/tribe\/events\/v1\/categories\/1461","collection":"https:\/\/gbta.org\/es\/wp-json\/tribe\/events\/v1\/categories"}}],"tags":[],"venue":{"id":5511,"author":"14","status":"publish","date":"2022-08-12 12:48:43","date_utc":"2022-08-12 16:48:43","modified":"2022-08-12 12:48:43","modified_utc":"2022-08-12 16:48:43","url":"https:\/\/gbta.org\/es\/lugar\/in-person\/","venue":"in-person","slug":"in-person","json_ld":{"@type":"Place","name":"in-person","description":"","url":"https:\/\/gbta.org\/es\/lugar\/in-person\/","address":{"@type":"PostalAddress"},"telephone":"","sameAs":""},"show_map":true,"show_map_link":true,"global_id":"gbta.org\/es?id=5511","global_id_lineage":["gbta.org\/es?id=5511"]},"organizer":[],"json_ld":{"@context":"http:\/\/schema.org","@type":"Event","name":"GBTA reconecta CDMX: Educaci\u00f3n y Networking","description":"&lt;p&gt;Jueves 6 de Octubre 08:30 am MEX a 14:15 pm MEX Te invitamos a reencontrarte con tus pares y colegas a puro Educaci\u00f3n y Networking, con presentaciones \u00fanicas inherentes a...&lt;\/p&gt;\\n","url":"https:\/\/gbta.org\/es\/event\/gbta-reconecta-cdmx-educacion-y-networking\/","eventAttendanceMode":"https:\/\/schema.org\/OfflineEventAttendanceMode","eventStatus":"https:\/\/schema.org\/EventScheduled","startDate":"2022-10-06T08:30:00-05:00","endDate":"2022-10-06T14:15:00-05:00","location":{"@type":"Place","name":"in-person","description":"","url":"https:\/\/gbta.org\/es\/lugar\/in-person\/","address":{"@type":"PostalAddress"},"telephone":"","sameAs":""},"performer":"Organization"},"is_virtual":false,"virtual_url":null,"virtual_video_source":""}