{"id":1027,"date":"2022-07-20T09:39:39","date_gmt":"2022-07-20T13:39:39","guid":{"rendered":"https:\/\/gbta.org\/from-washington-to-brussels-gbta-expands-advocacy-to-the-eu\/"},"modified":"2022-08-11T11:33:20","modified_gmt":"2022-08-11T15:33:20","slug":"from-washington-to-brussels-gbta-expands-advocacy-to-the-eu","status":"publish","type":"post","link":"https:\/\/gbta.org\/es\/from-washington-to-brussels-gbta-expands-advocacy-to-the-eu\/","title":{"rendered":"De Washington a Bruselas: GBTA ampl\u00eda su defensa a la UE"},"content":{"rendered":"<p>En nuestra conferencia sin precedentes celebrada en noviembre en Frankfurt, sub\u00ed al escenario con Hans-Ingo Biehl, de la Asociaci\u00f3n Alemana de Viajes de Negocios VDR, para hablar sobre los esfuerzos de promoci\u00f3n y las cuestiones pol\u00edticas en la UE que afectan a nuestra industria.<\/p>\n<p>GBTA est\u00e1 trabajando en Europa, Am\u00e9rica Latina y Am\u00e9rica del Norte para promover los viajes de negocios a trav\u00e9s de la promoci\u00f3n. Eso implica educar a los tomadores de decisiones sobre la importancia econ\u00f3mica de los viajes de negocios, abogar por pol\u00edticas que mejoren aspectos de los viajes de negocios y oponerse a los esfuerzos que obstaculizan los viajes de negocios.<\/p>\n<p><img loading=\"lazy\" decoding=\"async\" class=\"aligncenter size-full wp-image-1547\" src=\"http:\/\/blog.gbta.org\/wp-content\/uploads\/2015\/12\/EuropeAdvocacyPost_Briefcase.jpg\" alt=\"EuropeAdvocacyPost_Briefcase\" width=\"592\" height=\"538\" \/><\/p>\n<p>Con nuestras voces unidas en todo el mundo, podemos tratar de impulsar una agenda de viajes de negocios con controles de pasajeros, impuestos y tarifas m\u00e1s inteligentes y seguros que beneficien al viajero, no lo sobrecarguen, y una infraestructura que satisfaga las necesidades del viajero.<\/p>\n<p>Trabajando con nuestros socios en la UE, identificamos cuestiones pol\u00edticas en las que centrarnos y que tienen el mayor impacto en nuestra industria, incluidas las visas Schengen, garantizando un sector de la aviaci\u00f3n europeo m\u00e1s competitivo, alej\u00e1ndonos de un enfoque \u00fanico para la seguridad aeroportuaria. directrices, actualizar la gesti\u00f3n del tr\u00e1fico a\u00e9reo para formar un cielo \u00fanico europeo y garantizar que los impuestos a los viajeros se reinviertan en infraestructura de transporte, entre otras cosas.<\/p>\n<p><img loading=\"lazy\" decoding=\"async\" class=\"aligncenter wp-image-1548 size-large\" src=\"http:\/\/blog.gbta.org\/wp-content\/uploads\/2015\/12\/EuropeAdvocacyPost_EuropeCommission-1024x844.jpg\" alt=\"EuropeAdvocacyPost_EuropeCommission\" width=\"1024\" height=\"844\" \/><\/p>\n<p>Una vez finalizada la conferencia, viaj\u00e9 a Bruselas para nuestra primera ronda de compromiso con responsables pol\u00edticos clave de la UE.<\/p>\n<p>Nos reunimos con actores clave en el Consejo de los Estados miembros, el Parlamento Europeo y la Comisi\u00f3n Europea:<\/p>\n<ul>\n<li><strong>Sr. Marinescu<\/strong>, miembro del Parlamento Europeo, responsable de las reformas del Cielo \u00danico Europeo<\/li>\n<\/ul>\n<figure id=\"attachment_1550\" aria-describedby=\"caption-attachment-1550\" style=\"width: 758px\" class=\"wp-caption aligncenter\"><img loading=\"lazy\" decoding=\"async\" class=\"wp-image-1550 size-large\" src=\"http:\/\/blog.gbta.org\/wp-content\/uploads\/2015\/12\/EuropeAdvocacyPost_ParliamentMember-758x1024.jpg\" alt=\"EuropeAdvocacyPost_ParliamentMember\" width=\"758\" height=\"1024\" \/><figcaption id=\"caption-attachment-1550\" class=\"wp-caption-text\">Marinescu se convirti\u00f3 en el primer miembro del Parlamento europeo con el que se reuni\u00f3 GBTA.<\/figcaption><\/figure>\n<ul>\n<li><strong>Sr. Cifras y Sra. Hamilton<\/strong>, respectivamente a cargo de negocios y transporte en la Embajada del Reino Unido ante la UE<\/li>\n<li><strong>Se\u00f1or Tokarski<\/strong>, Director responsable de industrias tur\u00edsticas en la Direcci\u00f3n General de Industrias de la Comisi\u00f3n Europea<\/li>\n<li><strong>Se\u00f1or Castelletti<\/strong>, Jefe de Unidad responsable del Cielo \u00danico Europeo<\/li>\n<li><strong>Sra. Pleterski<\/strong>, Director de Mercados Clim\u00e1ticos Europeos e Internacionales, a cargo de las emisiones de la aviaci\u00f3n<\/li>\n<li><strong>Sr. Rosgen<\/strong>, Embajador de Alemania ante la UE<\/li>\n<\/ul>\n<p>Compartimos nuestros mensajes sobre la importancia de la eficiencia y seguridad de los pasajeros, la tributaci\u00f3n justa y las inversiones en infraestructura de transporte. Tambi\u00e9n discutimos el Acuerdo de Puerto Seguro UE-EE.UU., las emisiones de la aviaci\u00f3n y la econom\u00eda colaborativa.<\/p>\n<p><img loading=\"lazy\" decoding=\"async\" class=\"aligncenter size-large wp-image-1549\" src=\"http:\/\/blog.gbta.org\/wp-content\/uploads\/2015\/12\/EuropeAdvocacyPost_Flags-768x1024.jpg\" alt=\"EuropeAdvocacyPost_Flags\" width=\"768\" height=\"1024\" \/><\/p>\n<p>Los formuladores de pol\u00edticas fueron muy receptivos y planeamos continuar interactuando con ellos compartiendo datos e informaci\u00f3n relevantes, para que nosotros, como industria, podamos ayudar a hacer avanzar la agenda. La promoci\u00f3n no ocurre de la noche a la ma\u00f1ana. Sin embargo, establecer relaciones con estos formuladores de pol\u00edticas y comprender c\u00f3mo podemos ayudarlos nos coloca en una posici\u00f3n para hacer escuchar la voz colectiva de nuestra industria.<\/p>\n<p><img loading=\"lazy\" decoding=\"async\" class=\"aligncenter size-large wp-image-1551\" src=\"http:\/\/blog.gbta.org\/wp-content\/uploads\/2015\/12\/EuropeAdvocacyPost_ParliamentPlaque-768x1024.jpg\" alt=\"EuropeAdvocacyPost_ParliamentPlaque\" width=\"768\" height=\"1024\" \/><\/p>\n<p>S\u00f3lo podemos ser eficaces si todos estamos comprometidos. Este es solo el comienzo de nuestros esfuerzos de promoci\u00f3n en Europa y, con el aporte de nuestras asociaciones asociadas y de ustedes, nuestros miembros, GBTA puede actuar como una voz en todo el mundo para la industria de viajes de negocios.<\/p>","protected":false},"excerpt":{"rendered":"<p>En nuestra conferencia r\u00e9cord este noviembre en Frankfurt, sub\u00ed al escenario con Hans-Ingo Biehl de la Asociaci\u00f3n Alemana de Viajes de Negocios VDR para hablar sobre los esfuerzos de defensa y los problemas de pol\u00edtica en la UE que afectan a nuestra industria. GBTA est\u00e1 trabajando en Europa, Am\u00e9rica Latina y Am\u00e9rica del Norte para promover los viajes de negocios a trav\u00e9s de la promoci\u00f3n. Eso implica educar la decisi\u00f3n\u2026<\/p>","protected":false},"author":25,"featured_media":1028,"comment_status":"open","ping_status":"open","sticky":false,"template":"","format":"standard","meta":{"_acf_changed":false,"_seopress_robots_primary_cat":"","_seopress_titles_title":"","_seopress_titles_desc":"","_seopress_robots_index":"","om_disable_all_campaigns":false,"_relevanssi_hide_post":"","_relevanssi_hide_content":"","_relevanssi_pin_for_all":"","_relevanssi_pin_keywords":"","_relevanssi_unpin_keywords":"","_relevanssi_related_keywords":"","_relevanssi_related_include_ids":"","_relevanssi_related_exclude_ids":"","_relevanssi_related_no_append":"","_relevanssi_related_not_related":"","_relevanssi_related_posts":"","_relevanssi_noindex_reason":"","_kad_blocks_custom_css":"","_kad_blocks_head_custom_js":"","_kad_blocks_body_custom_js":"","_kad_blocks_footer_custom_js":"","_kad_post_transparent":"","_kad_post_title":"","_kad_post_layout":"","_kad_post_sidebar_id":"","_kad_post_content_style":"","_kad_post_vertical_padding":"","_kad_post_feature":"","_kad_post_feature_position":"","_kad_post_header":false,"_kad_post_footer":false,"footnotes":"","_links_to":"","_links_to_target":""},"categories":[114],"tags":[115,118,587,148,602,603,61,75],"class_list":["post-1027","post","type-post","status-publish","format-standard","has-post-thumbnail","hentry","category-airlines-and-aviation","tag-advocacy","tag-aviation","tag-eu","tag-europe","tag-european-commission","tag-european-parliament","tag-visa","tag-visas"],"acf":[],"featured_image_src_large":["https:\/\/gbta.org\/wp-content\/uploads\/EuropeAdvocacyPost_Flags-768x1024.jpg",768,1024,true],"author_info":{"display_name":"jcampbell","author_link":"https:\/\/gbta.org\/es\/author\/jcampbell\/"},"comment_info":"","category_info":[{"term_id":114,"name":"Airlines and Aviation","slug":"airlines-and-aviation","term_group":0,"term_taxonomy_id":114,"taxonomy":"category","description":"","parent":0,"count":355,"filter":"raw","cat_ID":114,"category_count":355,"category_description":"","cat_name":"Airlines and Aviation","category_nicename":"airlines-and-aviation","category_parent":0}],"tag_info":[{"term_id":115,"name":"advocacy","slug":"advocacy","term_group":0,"term_taxonomy_id":115,"taxonomy":"post_tag","description":"","parent":0,"count":48,"filter":"raw"},{"term_id":118,"name":"aviation","slug":"aviation","term_group":0,"term_taxonomy_id":118,"taxonomy":"post_tag","description":"","parent":0,"count":42,"filter":"raw"},{"term_id":587,"name":"EU","slug":"eu","term_group":0,"term_taxonomy_id":587,"taxonomy":"post_tag","description":"","parent":0,"count":19,"filter":"raw"},{"term_id":148,"name":"Europe","slug":"europe","term_group":0,"term_taxonomy_id":148,"taxonomy":"post_tag","description":"","parent":0,"count":32,"filter":"raw"},{"term_id":602,"name":"European Commission","slug":"european-commission","term_group":0,"term_taxonomy_id":602,"taxonomy":"post_tag","description":"","parent":0,"count":5,"filter":"raw"},{"term_id":603,"name":"European Parliament","slug":"european-parliament","term_group":0,"term_taxonomy_id":603,"taxonomy":"post_tag","description":"","parent":0,"count":3,"filter":"raw"},{"term_id":61,"name":"visa","slug":"visa","term_group":0,"term_taxonomy_id":61,"taxonomy":"post_tag","description":"","parent":0,"count":16,"filter":"raw"},{"term_id":75,"name":"visas","slug":"visas","term_group":0,"term_taxonomy_id":75,"taxonomy":"post_tag","description":"","parent":0,"count":6,"filter":"raw"}],"taxonomy_info":{"category":[{"value":114,"label":"Airlines and Aviation"}],"post_tag":[{"value":115,"label":"advocacy"},{"value":118,"label":"aviation"},{"value":587,"label":"EU"},{"value":148,"label":"Europe"},{"value":602,"label":"European Commission"},{"value":603,"label":"European Parliament"},{"value":61,"label":"visa"},{"value":75,"label":"visas"}]},"featured_image_src":"https:\/\/gbta.org\/wp-content\/uploads\/EuropeAdvocacyPost_Flags.jpg","featured_image_src_square":"https:\/\/gbta.org\/wp-content\/uploads\/EuropeAdvocacyPost_Flags.jpg","mfb_rest_fields":["featured_image_src_large","author_info","comment_info","category_info","tag_info","taxonomy_info","featured_image_src","featured_image_src_square"],"_links":{"self":[{"href":"https:\/\/gbta.org\/es\/wp-json\/wp\/v2\/posts\/1027","targetHints":{"allow":["GET"]}}],"collection":[{"href":"https:\/\/gbta.org\/es\/wp-json\/wp\/v2\/posts"}],"about":[{"href":"https:\/\/gbta.org\/es\/wp-json\/wp\/v2\/types\/post"}],"author":[{"embeddable":true,"href":"https:\/\/gbta.org\/es\/wp-json\/wp\/v2\/users\/25"}],"replies":[{"embeddable":true,"href":"https:\/\/gbta.org\/es\/wp-json\/wp\/v2\/comments?post=1027"}],"version-history":[{"count":0,"href":"https:\/\/gbta.org\/es\/wp-json\/wp\/v2\/posts\/1027\/revisions"}],"wp:featuredmedia":[{"embeddable":true,"href":"https:\/\/gbta.org\/es\/wp-json\/wp\/v2\/media\/1028"}],"wp:attachment":[{"href":"https:\/\/gbta.org\/es\/wp-json\/wp\/v2\/media?parent=1027"}],"wp:term":[{"taxonomy":"category","embeddable":true,"href":"https:\/\/gbta.org\/es\/wp-json\/wp\/v2\/categories?post=1027"},{"taxonomy":"post_tag","embeddable":true,"href":"https:\/\/gbta.org\/es\/wp-json\/wp\/v2\/tags?post=1027"}],"curies":[{"name":"wp","href":"https:\/\/api.w.org\/{rel}","templated":true}]}}