{"id":1071,"date":"2022-07-20T09:40:40","date_gmt":"2022-07-20T13:40:40","guid":{"rendered":"https:\/\/gbta.org\/statement-information-on-brussels-attacks\/"},"modified":"2022-08-11T11:33:22","modified_gmt":"2022-08-11T15:33:22","slug":"statement-information-on-brussels-attacks","status":"publish","type":"post","link":"https:\/\/gbta.org\/es\/statement-information-on-brussels-attacks\/","title":{"rendered":"Declaraci\u00f3n e informaci\u00f3n sobre los ataques de Bruselas"},"content":{"rendered":"<p>*Actualizado el 28 de marzo a las 10:20 a.m. ET*<\/p>\n<p>Hoy, GBTA emiti\u00f3 la siguiente cita de la presidenta de GBTA, Christle Johnson:<\/p>\n<p>&quot;La GBTA est\u00e1 profundamente entristecida por la noticia de los ataques terroristas de esta ma\u00f1ana en Bruselas&quot;, dijo Christle Johnson, presidenta de la GBTA. \u201cDecenas de personas inocentes murieron en un ataque que fue m\u00e1s que un simple ataque contra un aeropuerto y un sistema de metro, sino un ataque contra todos nosotros y nuestra forma de vida. En nombre de GBTA, quiero expresar mi m\u00e1s sentido p\u00e9same al pueblo de Bruselas y a aquellos directamente afectados por estos ataques. Hoy apoyamos al pueblo de Bruselas\u201d.<\/p>\n<p>A continuaci\u00f3n encontrar\u00e1 la informaci\u00f3n y los recursos m\u00e1s recientes sobre los ataques:<\/p>\n<p><strong>Noticias generales:<\/strong><\/p>\n<p>C\u00f3mo controlar a familiares y amigos: <a href=\"https:\/\/www.facebook.com\/safetycheck\/brusselsexplosions-march2016\/?search_type=safe\" target=\"_blank\" rel=\"noopener\">Facebook ofrece el servicio &quot;Estoy seguro&quot;<\/a>. La l\u00ednea de emergencia que se ha habilitado en B\u00e9lgica es: +32 02753 7300<\/p>\n<p><a href=\"http:\/\/www.usatoday.com\/story\/news\/world\/2016\/03\/28\/brussels-terror-arrests\/82333656\/\" target=\"_blank\" rel=\"noopener\">Tres m\u00e1s enfrentan cargos de terrorismo en Bruselas; aumenta el n\u00famero de muertos<\/a> - EE.UU. Hoy en d\u00eda<\/p>\n<p><a href=\"http:\/\/www.bloomberg.com\/news\/articles\/2016-03-27\/brussels-airline-decamps-after-terrorist-bomb-wrecks-main-hub\" target=\"_blank\" rel=\"noopener\">Aerol\u00ednea de Bruselas abandona sus instalaciones despu\u00e9s de que una bomba terrorista destrozara su centro principal<\/a> \u2013Bloomberg<\/p>\n<p><a href=\"http:\/\/www.nytimes.com\/2016\/03\/28\/world\/europe\/brussels-attack-paris-italy-arrest.html\" target=\"_blank\" rel=\"noopener\">Estallan tensiones en Bruselas y la polic\u00eda de cuatro pa\u00edses realiza arrestos<\/a> - Los New York Times<\/p>\n<p><a href=\"http:\/\/www.nbcnews.com\/storyline\/brussels-attacks\/brussels-attacks-naim-al-hamed-reportedly-5th-suspect-n545286\" target=\"_blank\" rel=\"noopener\">Ataques de Bruselas: Naim al-Hamed ser\u00eda el quinto sospechoso<\/a> -Noticias NBC<\/p>\n<p><a href=\"http:\/\/abcnews.go.com\/International\/brussels-manhunt-recent-arrests\/story?id=37920731\" target=\"_blank\" rel=\"noopener\">Redadas policiales en marcha en B\u00e9lgica mientras contin\u00faa la b\u00fasqueda de sospechosos de ataques en Bruselas<\/a> - ABC Noticias<\/p>\n<p><a href=\"http:\/\/www.usatoday.com\/story\/travel\/flights\/todayinthesky\/2016\/03\/24\/brussels-air-restarts-some-flights-alternative-airports-belgium\/82208330\/\" target=\"_blank\" rel=\"noopener\">Bruselas Air reinicia algunos vuelos desde aeropuertos alternativos en B\u00e9lgica <\/a>- EE.UU. Hoy en d\u00eda<\/p>\n<p><a href=\"http:\/\/www.theguardian.com\/world\/2016\/mar\/24\/brussels-bombings-eu-ministers-meet-as-border-controls-criticised\" target=\"_blank\" rel=\"noopener\">Atentados de Bruselas: los ministros de la UE se reunir\u00e1n<\/a> - El guardi\u00e1n<\/p>\n<p><a href=\"http:\/\/www.cnn.com\/2016\/03\/24\/europe\/brussels-investigation\/\" target=\"_blank\" rel=\"noopener\">Atentado en Bruselas: Se busca a un hombre por el atentado en el metro<\/a> \u2013CNN<\/p>\n<p><a href=\"http:\/\/www.usatoday.com\/story\/travel\/flights\/todayinthesky\/2016\/03\/23\/fliers-see-bigger-security-presence-us-airports\/82170866\/\" target=\"_blank\" rel=\"noopener\">Los viajeros ven una mayor presencia de seguridad en los aeropuertos de EE. UU.<\/a> - EE.UU. Hoy en d\u00eda<\/p>\n<p><a href=\"https:\/\/www.washingtonpost.com\/business\/economy\/stepped-up-security-is-becoming-a-cost-of-doing-business-in-an-age-of-terrorism\/2016\/03\/22\/cb587196-f04c-11e5-a61f-e9c95c06edca_story.html\" target=\"_blank\" rel=\"noopener\">El aumento de la seguridad se est\u00e1 convirtiendo en un costo para hacer negocios en una era de terrorismo<\/a> \u2013 El Washington Post<\/p>\n<p><a href=\"http:\/\/www.nytimes.com\/2016\/03\/24\/world\/europe\/brussels-attack.html?_r=0\" target=\"_blank\" rel=\"noopener\">2 hermanos como atacantes de Bruselas; Se busca al tercer sospechoso<\/a> - Los New York Times<\/p>\n<p><a href=\"http:\/\/www.theguardian.com\/world\/2016\/mar\/23\/brussels-bombings-first-victims-named-as-stories-of-survival-emerge\" target=\"_blank\" rel=\"noopener\">Surgen las primeras v\u00edctimas de los atentados de Bruselas nombradas como historias de supervivencia<\/a> - El guardi\u00e1n<\/p>\n<p><a href=\"http:\/\/www.usatoday.com\/story\/news\/world\/2016\/03\/22\/explosions-rock-brussels-airport\/82107254\/\" target=\"_blank\" rel=\"noopener\">ISIL se atribuye la responsabilidad del ataque en Bruselas que mat\u00f3 a decenas de personas<\/a> - EE.UU. Hoy en d\u00eda<\/p>\n<p><a href=\"http:\/\/www.lemonde.fr\/europe\/live\/2016\/03\/22\/en-direct-double-explosion-a-l-aeroport-principal-de-bruxelles_4887504_3214.html\" target=\"_blank\" rel=\"noopener\">En vivo: Al menos 31 muertos en atentados con bombas en trenes de Bruselas<\/a> \u2013 El Mundo<\/p>\n<p><a href=\"https:\/\/www.yahoo.com\/news\/brussels-airport-remain-closed-wednesday-ceo-163028344.html\" target=\"_blank\" rel=\"noopener\">El aeropuerto de Bruselas permanecer\u00e1 cerrado el mi\u00e9rcoles<\/a> - Noticias de Yahoo<\/p>\n<p><a href=\"http:\/\/www.politico.eu\/article\/several-killed-in-two-explosions-at-brussels-zaventem-airport\/\" target=\"_blank\" rel=\"noopener\">Ataques terroristas golpean Bruselas<\/a> \u2013 pol\u00edtico<\/p>\n<p><a href=\"http:\/\/www.politico.eu\/article\/brussels-airport-explosions-live-blog\/\" target=\"_blank\" rel=\"noopener\">Ataques de Bruselas: Blog en vivo<\/a> \u2013 Pol\u00edtica Europa<\/p>\n<p><a href=\"http:\/\/www.cnn.com\/2016\/03\/22\/europe\/brussels-explosions\/index.html\">Terror en Bruselas: 34 muertos en explosiones en aeropuerto y estaci\u00f3n de metro<\/a> \u2013CNN<\/p>\n<p><a href=\"http:\/\/www.bbc.com\/news\/uk-35870700\" target=\"_blank\" rel=\"noopener\">Explosiones en Bruselas: David Cameron condena los ataques &quot;salvajes&quot;<\/a> \u2013 BBC<\/p>\n<p><a href=\"http:\/\/www.travelmole.com\/news_feature.php?news_id=2021308&amp;c=setreg&amp;region=2\" target=\"_blank\" rel=\"noopener\">Aumenta n\u00famero de muertos en explosiones en Bruselas<\/a> \u2013 Topo de viaje<\/p>\n<p><a href=\"http:\/\/www.lexpress.fr\/actualite\/monde\/europe\/en-direct-explosions-a-l-aeroport-de-zaventem-a-bruxelles_1775567.html\" target=\"_blank\" rel=\"noopener\">En directo: Atentados en Bruselas: al menos 8 franceses heridos<\/a> \u2013 L&#039;Express<\/p>\n<p><a href=\"http:\/\/www.cleveland.com\/business\/index.ssf\/2016\/03\/brussels_attack_ohio_business.html\" target=\"_blank\" rel=\"noopener\">Ataque en Bruselas: los empresarios de Ohio reaccionan<\/a> \u2013 El comerciante llano de Cleveland<\/p>\n<p><strong>Declaraciones:<\/strong><\/p>\n<p><a href=\"https:\/\/www.dhs.gov\/news\/2016\/03\/22\/statement-secretary-jeh-c-johnson-attacks-today-brussels-belgium\" target=\"_blank\" rel=\"noopener\">Declaraci\u00f3n del Secretario Jeh C. Johnson sobre los ataques de hoy en Bruselas, B\u00e9lgica<\/a><\/p>\n<p><a href=\"http:\/\/www.cnn.com\/videos\/world\/2016\/03\/22\/brussels-explosions-belgium-prime-minister-presser.cnn\/video\/playlists\/deadly-explosions-rock-brussels\/\" target=\"_blank\" rel=\"noopener\">El primer ministro belga pide solidaridad<\/a><\/p>\n<p><a href=\"http:\/\/www.consilium.europa.eu\/en\/press\/press-releases\/2016\/03\/22-tusk-statement-bombings\/\" target=\"_blank\" rel=\"noopener\">Declaraci\u00f3n del presidente del Consejo Europeo, Donald Tusk, tras los atentados terroristas en Bruselas<\/a><\/p>\n<p><a href=\"http:\/\/wbj.pl\/president-duda-offers-condolences-to-families-of-brussels-attacks-victims\/\" target=\"_blank\" rel=\"noopener\">El presidente Duda ofrece sus condolencias a las familias de las v\u00edctimas de los atentados de Bruselas<\/a><\/p>\n<p><a href=\"http:\/\/www.cnn.com\/2016\/03\/22\/politics\/obama-belgium-terror-attacks-cuba\/index.html\" target=\"_blank\" rel=\"noopener\">Obama sobre los ataques terroristas: &quot;Nos solidarizamos&quot; con B\u00e9lgica<\/a><\/p>\n<p><strong>Seguridad incrementada:<\/strong><\/p>\n<p><a href=\"http:\/\/www.nbcnews.com\/storyline\/brussels-attacks\/u-s-officials-travelers-alert-after-brussels-blasts-n543331\" target=\"_blank\" rel=\"noopener\">Funcionarios estadounidenses y viajeros en alerta tras las explosiones en Bruselas<\/a> -Noticias NBC<\/p>\n<p><a href=\"http:\/\/www.foxnews.com\/us\/2016\/03\/22\/major-us-airports-transit-systems-ramp-up-security-after-brussels-attacks.html\" target=\"_blank\" rel=\"noopener\">Los principales aeropuertos y sistemas de tr\u00e1nsito de EE. UU. refuerzan la seguridad tras los ataques de Bruselas<\/a> - Fox News<\/p>\n<p><a href=\"http:\/\/www.travelmole.com\/news_feature.php?news_id=2021318&amp;c=setreg&amp;region=2\" target=\"_blank\" rel=\"noopener\">El aeropuerto de Londres refuerza la seguridad<\/a> \u2013 Topo de viaje<\/p>\n<p><a href=\"http:\/\/www.globalpost.com\/article\/6749659\/2016\/03\/22\/new-york-steps-security-after-brussels-attacks\" target=\"_blank\" rel=\"noopener\">Nueva York y Washington refuerzan la seguridad tras los ataques de Bruselas<\/a> \u2013 Agencia France-Presse Global Post<\/p>\n<p><a href=\"http:\/\/www.nbcnewyork.com\/news\/local\/NYPD-to-Increase-Security-in-Response-to-Brussels-Attack-373044421.html\" target=\"_blank\" rel=\"noopener\">La polic\u00eda de Nueva York aumenta la seguridad en respuesta al ataque de Bruselas<\/a> \u2013 NBC Nueva York<\/p>\n<p><a href=\"http:\/\/patch.com\/district-columbia\/georgetown\/dc-metro-increases-security-after-brussels-terrorist-attack-0\" target=\"_blank\" rel=\"noopener\">El metro de DC aumenta la seguridad tras el ataque terrorista en Bruselas<\/a> \u2013 Parche de Georgetown<\/p>\n<p><a href=\"http:\/\/www.wesh.com\/news\/mco-expect-increased-security-at-airport-in-response-to-brussels-attacks\/38632516\" target=\"_blank\" rel=\"noopener\">MCO: Espere una mayor seguridad en el aeropuerto en respuesta a los ataques de Bruselas<\/a> \u2013 WESH.com Orlando<\/p>\n<p><strong>Recursos del deber de diligencia:<\/strong><\/p>\n<p><a href=\"http:\/\/travel.state.gov\/content\/passports\/en\/alertswarnings\/europe-travel-alert.html\" target=\"_blank\" rel=\"noopener\">Alerta de viaje a Europa<\/a> \u2013 Departamento de Estado de EE. UU.<\/p>\n<p><a href=\"http:\/\/belgium.usembassy.gov\/security_messages.html\" target=\"_blank\" rel=\"noopener\">Mensaje de seguridad<\/a> \u2013 Embajada de Estados Unidos en Bruselas, B\u00e9lgica<\/p>\n<p><a href=\"http:\/\/www.diplomatie.gouv.fr\/fr\/conseils-aux-voyageurs\/conseils-par-pays\/belgique\/\" target=\"_blank\" rel=\"noopener\">Consejos de seguridad para viajeros <\/a>\u2013 Gobierno franc\u00e9s<\/p>\n<p><a href=\"https:\/\/gbta.org\/es\/SiteCollectionDocuments\/NewsReleases\/GBTA-Keeping BusinessTravelersSafeinanUncertainTimeFINAL.pdf\/\" target=\"_blank\" rel=\"noopener\">Manteniendo seguros a los viajeros de negocios en tiempos inciertos<\/a> \u2013 Estudio de caso de los ataques de Par\u00eds<\/p>\n<p><a href=\"http:\/\/blog.gbta.org\/2015\/12\/22\/preparing-for-crisis-in-todays-risky-world\/\" target=\"_blank\" rel=\"noopener\">Preparaci\u00f3n para la crisis en el mundo riesgoso de hoy<\/a> \u2013 Resumen del seminario web del Comit\u00e9 de Riesgos de GBTA<\/p>\n<p><a href=\"http:\/\/blog.gbta.org\/2014\/12\/22\/10-duty-of-care-tips-from-gbtas-risk-committee\/\" target=\"_blank\" rel=\"noopener\">Diez consejos sobre el deber de diligencia del Comit\u00e9 de Riesgos de GBTA<\/a> \u2013 Blog de GBTA<\/p>\n<p><strong>Recursos adicionales de GBTA (deber\u00e1 iniciar sesi\u00f3n en GBTA Hub para acceder a estos documentos y seminarios web).<\/strong><\/p>\n<p><strong>Documentos<br \/>\n<\/strong><a href=\"https:\/\/hub.gbta.org\/groups\/reviews\/item\/20\/11\/1517\" target=\"_blank\" rel=\"noopener\">Directrices de seguridad para viajes nacionales y extranjeros<br \/>\n<\/a><a href=\"https:\/\/hub.gbta.org\/groups\/reviews\/item\/20\/11\/1423\" target=\"_blank\" rel=\"noopener\">Estrategias de gesti\u00f3n de riesgos de viaje: c\u00f3mo seleccionar un socio TRM para su programa<br \/>\n<\/a><a href=\"https:\/\/hub.gbta.org\/groups\/reviews\/item\/20\/11\/758\" target=\"_blank\" rel=\"noopener\">Gesti\u00f3n de riesgos de viaje<br \/>\n<\/a><a href=\"https:\/\/hub.gbta.org\/groups\/reviews\/item\/20\/11\/842\" target=\"_blank\" rel=\"noopener\">Incorporaci\u00f3n de la gesti\u00f3n de riesgos de eventos y reuniones en el programa de su hotel<br \/>\n<\/a><a href=\"https:\/\/hub.gbta.org\/groups\/reviews\/item\/20\/11\/1797\" target=\"_blank\" rel=\"noopener\">Solicitud de propuesta de servicios de seguridad<br \/>\n<\/a><a href=\"https:\/\/hub.gbta.org\/groups\/reviews\/item\/20\/11\/1083\" target=\"_blank\" rel=\"noopener\">\u201c\u00bfC&#039;est La Vie?\u201d: Una gu\u00eda paso a paso para crear un programa de gesti\u00f3n de riesgos de viajes<br \/>\n<\/a><a href=\"https:\/\/hub.gbta.org\/groups\/reviews\/item\/20\/11\/888\" target=\"_blank\" rel=\"noopener\">Soluciones de seguimiento de viajeros y gesti\u00f3n de riesgos<\/a><\/p>\n<p><strong>seminarios web<br \/>\n<\/strong><a href=\"https:\/\/hub.gbta.org\/groups\/reviews\/item\/20\/11\/2283\" target=\"_blank\" rel=\"noopener\">Una onza de prevenci\u00f3n: apoyo a la planificaci\u00f3n para viajeros y expatriados globales<\/a><strong><br \/>\n<\/strong><a href=\"https:\/\/hub.gbta.org\/groups\/reviews\/item\/20\/11\/1937\" target=\"_blank\" rel=\"noopener\">Introducci\u00f3n a la gesti\u00f3n de riesgos de viaje<br \/>\n<\/a><a href=\"https:\/\/hub.gbta.org\/groups\/reviews\/item\/20\/11\/2171\" target=\"_blank\" rel=\"noopener\">Mitigar los riesgos de los viajes internacionales para las mujeres: lo que pueden hacer las organizaciones<\/a><a href=\"https:\/\/hub.gbta.org\/groups\/reviews\/item\/20\/11\/1937\" target=\"_blank\" rel=\"noopener\"><br \/>\n<\/a><\/p>","protected":false},"excerpt":{"rendered":"<p>*Actualizado el 28 de marzo a las 10:20 a. m. ET* Hoy, GBTA emiti\u00f3 la siguiente cita del presidente de GBTA, Christle Johnson: &quot;GBTA est\u00e1 profundamente entristecido por la noticia de los ataques terroristas esta ma\u00f1ana en Bruselas&quot;, dijo Christle Johnson, presidente de GBTA. \u201cDecenas de personas inocentes murieron en un ataque que fue m\u00e1s que un simple ataque contra\u2026<\/p>","protected":false},"author":25,"featured_media":1072,"comment_status":"open","ping_status":"open","sticky":false,"template":"","format":"standard","meta":{"_acf_changed":false,"_seopress_robots_primary_cat":"","_seopress_titles_title":"","_seopress_titles_desc":"","_seopress_robots_index":"","om_disable_all_campaigns":false,"_relevanssi_hide_post":"","_relevanssi_hide_content":"","_relevanssi_pin_for_all":"","_relevanssi_pin_keywords":"","_relevanssi_unpin_keywords":"","_relevanssi_related_keywords":"","_relevanssi_related_include_ids":"","_relevanssi_related_exclude_ids":"","_relevanssi_related_no_append":"","_relevanssi_related_not_related":"","_relevanssi_related_posts":"","_relevanssi_noindex_reason":"","_kad_blocks_custom_css":"","_kad_blocks_head_custom_js":"","_kad_blocks_body_custom_js":"","_kad_blocks_footer_custom_js":"","_kad_post_transparent":"","_kad_post_title":"","_kad_post_layout":"","_kad_post_sidebar_id":"","_kad_post_content_style":"","_kad_post_vertical_padding":"","_kad_post_feature":"","_kad_post_feature_position":"","_kad_post_header":false,"_kad_post_footer":false,"footnotes":"","_links_to":"","_links_to_target":""},"categories":[114,79],"tags":[652,653,587,293,501,121,591,596],"class_list":["post-1071","post","type-post","status-publish","format-standard","has-post-thumbnail","hentry","category-airlines-and-aviation","category-safety-and-security","tag-belgium","tag-brussels","tag-eu","tag-risk","tag-safety","tag-security","tag-terror","tag-terrorist-attacks"],"acf":[],"featured_image_src_large":["https:\/\/gbta.org\/wp-content\/uploads\/Brussels-1024x625.jpg",1024,625,true],"author_info":{"display_name":"jcampbell","author_link":"https:\/\/gbta.org\/es\/author\/jcampbell\/"},"comment_info":"","category_info":[{"term_id":114,"name":"Airlines and Aviation","slug":"airlines-and-aviation","term_group":0,"term_taxonomy_id":114,"taxonomy":"category","description":"","parent":0,"count":355,"filter":"raw","cat_ID":114,"category_count":355,"category_description":"","cat_name":"Airlines and Aviation","category_nicename":"airlines-and-aviation","category_parent":0},{"term_id":79,"name":"Safety and Security","slug":"safety-and-security","term_group":0,"term_taxonomy_id":79,"taxonomy":"category","description":"","parent":0,"count":237,"filter":"raw","cat_ID":79,"category_count":237,"category_description":"","cat_name":"Safety and Security","category_nicename":"safety-and-security","category_parent":0}],"tag_info":[{"term_id":652,"name":"Belgium","slug":"belgium","term_group":0,"term_taxonomy_id":652,"taxonomy":"post_tag","description":"","parent":0,"count":1,"filter":"raw"},{"term_id":653,"name":"Brussels","slug":"brussels","term_group":0,"term_taxonomy_id":653,"taxonomy":"post_tag","description":"","parent":0,"count":4,"filter":"raw"},{"term_id":587,"name":"EU","slug":"eu","term_group":0,"term_taxonomy_id":587,"taxonomy":"post_tag","description":"","parent":0,"count":18,"filter":"raw"},{"term_id":293,"name":"risk","slug":"risk","term_group":0,"term_taxonomy_id":293,"taxonomy":"post_tag","description":"","parent":0,"count":77,"filter":"raw"},{"term_id":501,"name":"safety","slug":"safety","term_group":0,"term_taxonomy_id":501,"taxonomy":"post_tag","description":"","parent":0,"count":28,"filter":"raw"},{"term_id":121,"name":"security","slug":"security","term_group":0,"term_taxonomy_id":121,"taxonomy":"post_tag","description":"","parent":0,"count":48,"filter":"raw"},{"term_id":591,"name":"terror","slug":"terror","term_group":0,"term_taxonomy_id":591,"taxonomy":"post_tag","description":"","parent":0,"count":5,"filter":"raw"},{"term_id":596,"name":"terrorist attacks","slug":"terrorist-attacks","term_group":0,"term_taxonomy_id":596,"taxonomy":"post_tag","description":"","parent":0,"count":2,"filter":"raw"}],"taxonomy_info":{"category":[{"value":114,"label":"Airlines and Aviation"},{"value":79,"label":"Safety and Security"}],"post_tag":[{"value":652,"label":"Belgium"},{"value":653,"label":"Brussels"},{"value":587,"label":"EU"},{"value":293,"label":"risk"},{"value":501,"label":"safety"},{"value":121,"label":"security"},{"value":591,"label":"terror"},{"value":596,"label":"terrorist attacks"}]},"featured_image_src":"https:\/\/gbta.org\/wp-content\/uploads\/Brussels.jpg","featured_image_src_square":"https:\/\/gbta.org\/wp-content\/uploads\/Brussels.jpg","mfb_rest_fields":["featured_image_src_large","author_info","comment_info","category_info","tag_info","taxonomy_info","featured_image_src","featured_image_src_square"],"_links":{"self":[{"href":"https:\/\/gbta.org\/es\/wp-json\/wp\/v2\/posts\/1071","targetHints":{"allow":["GET"]}}],"collection":[{"href":"https:\/\/gbta.org\/es\/wp-json\/wp\/v2\/posts"}],"about":[{"href":"https:\/\/gbta.org\/es\/wp-json\/wp\/v2\/types\/post"}],"author":[{"embeddable":true,"href":"https:\/\/gbta.org\/es\/wp-json\/wp\/v2\/users\/25"}],"replies":[{"embeddable":true,"href":"https:\/\/gbta.org\/es\/wp-json\/wp\/v2\/comments?post=1071"}],"version-history":[{"count":0,"href":"https:\/\/gbta.org\/es\/wp-json\/wp\/v2\/posts\/1071\/revisions"}],"wp:featuredmedia":[{"embeddable":true,"href":"https:\/\/gbta.org\/es\/wp-json\/wp\/v2\/media\/1072"}],"wp:attachment":[{"href":"https:\/\/gbta.org\/es\/wp-json\/wp\/v2\/media?parent=1071"}],"wp:term":[{"taxonomy":"category","embeddable":true,"href":"https:\/\/gbta.org\/es\/wp-json\/wp\/v2\/categories?post=1071"},{"taxonomy":"post_tag","embeddable":true,"href":"https:\/\/gbta.org\/es\/wp-json\/wp\/v2\/tags?post=1071"}],"curies":[{"name":"wp","href":"https:\/\/api.w.org\/{rel}","templated":true}]}}