{"id":1561,"date":"2022-07-20T09:55:05","date_gmt":"2022-07-20T13:55:05","guid":{"rendered":"https:\/\/gbta.org\/newsletter-gbta-brasil-fevereiro-2018\/"},"modified":"2022-08-11T11:34:03","modified_gmt":"2022-08-11T15:34:03","slug":"newsletter-gbta-brasil-fevereiro-2018","status":"publish","type":"post","link":"https:\/\/gbta.org\/es\/newsletter-gbta-brasil-fevereiro-2018\/","title":{"rendered":"Bolet\u00edn: GBTA Brasil Fevereiro 2018"},"content":{"rendered":"<p><a id=\"story1\" name=\"story1\"><strong>GBTA lanza su primer seminario web en Am\u00e9rica Latina<\/strong><\/a><\/p>\n<p><img decoding=\"async\" alt=\"GBTA lan\u00e7a seu primeiro Webinar na Am\u00e9rica Latina\" src=\"\/Portals\/0\/GBTABrazil_FebruaryNewsletter1.jpg\" style=\"width: 800px; height: 533px;\" title=\"GBTA lanza su primer seminario web en Am\u00e9rica Latina\" \/><\/p>\n<p>\u201cGesti\u00f3n de gastos\u201d ser\u00e1 el tema de este lanzamiento. Despesas corporativas precisam ser gerenciadas, estejam elas relacionadas a viagens, reuni\u00f5es ou qualquer outra atividade que precisa de adiantamento ou reembolso. Conhe\u00e7a neste bate papo como tecnolog\u00eda es fundamental para mayor visibilidad de la informaci\u00f3n, organizaci\u00f3n, gesti\u00f3n, optimizaci\u00f3n del tiempo, adem\u00e1s de calidad y seguridad de los datos.<\/p>\n<p>El \u201cwebinar\u201d ser\u00e1 presentado por Gabriel Barros, director de operaciones de Argo Solutions, el d\u00eda 08 de marzo, a las 11 horas. <a href=\"https:\/\/goo.gl\/YV2n6T\">Inscreva-se J\u00e1<\/a>!<\/p>\n<p>&nbsp;<\/p>\n<p><a id=\"story2\" name=\"story2\"><strong>Conferencia GBTA Curitiba Presente seu Conte\u00fado Acad\u00eamico<\/strong><\/a><\/p>\n<p><img decoding=\"async\" alt=\"Confer\u00eancia GBTA Curitiba Apresenta seu Conte\u00fado Acad\u00eamico\" src=\"\/Portals\/0\/GBTABrazil_FebruaryNewsletter2.jpg\" style=\"width: 800px; height: 519px;\" title=\"Conferencia GBTA Curitiba Presente seu Conte\u00fado Acad\u00eamico\" \/><\/p>\n<p>Desafios e Oportunidades da Hotelaria no Mundo VUCA (vol\u00e1til, inst\u00e1vel, complexo e amb\u00edguo), Tecnologias, Tend\u00eancias e Inova\u00e7\u00e3o, o estudo da GBTA \u201cBTI-Brazil Travel Index\u201d, y O Impacto da Economia Compartilhada na Mobilidade Corporativa ser\u00e1n debatidos e presentados dia 23 de abril durante la 2\u00aa. Conferencia GBTA Curitiba 2018, no Pestana Curitiba. Veja una agenda completa <a href=\"https:\/\/goo.gl\/oGfi1v\">aqu\u00ed<\/a>.<\/p>\n<p>&nbsp;<\/p>\n<p><a id=\"story3\" name=\"story3\"><strong>Comparta su conocimiento y experiencia en viajes y eventos corporativos en S\u00e3o Paulo<\/strong><\/a><\/p>\n<p><img decoding=\"async\" alt=\"Compartilhe seu Conhecimento e Experi\u00eancia em Viagens e Eventos Corporativos em S\u00e3o Paulo\" src=\"\/Portals\/0\/GBTABrazil_FebruaryNewsletter3.jpg\" style=\"width: 800px; height: 533px;\" title=\"Comparta su conocimiento y experiencia en viajes y eventos corporativos en S\u00e3o Paulo\" \/><\/p>\n<p>GBTA reunir\u00e1 m\u00e1s de 200 profesionales de la industria de viajes de negocios, el d\u00eda 11 de junio, en Hilton Morumbi, en S\u00e3o Paulo para discutir sobre temas como: tendencias, innovaci\u00f3n, gesti\u00f3n de eventos corporativos y gesti\u00f3n de riesgos, entre otros. Envie hasta el d\u00eda 23 de abril su propuesta y comparta con sus colegas su conocimiento y experiencia en viajes y eventos corporativos. Favor notar que, para empresas fornecedoras, apenas expositores y patrocinadores que participar\u00e3o da Confer\u00eancia ter\u00e3o suas propostas de apresenta\u00e7\u00e3o consideradas. Saiba mais sobre o proceso no sitio da <a href=\"https:\/\/goo.gl\/QrXxfQ\">Conferencia GBTA 2018 \u2013 S\u00e3o Paulo<\/a>.<\/p>\n<p>&nbsp;<\/p>\n<p><a id=\"story4\" name=\"story4\"><strong>Confirme sus est\u00e1ndares en tres conferencias GBTA en Brasil y reciba un descuento especial de R$1.800,00<\/strong><\/a><\/p>\n<p><img decoding=\"async\" alt=\"GBTA Conferencia Curitiba\" src=\"\/Portals\/0\/GBTA%20Conferencia%20Curitiba%20Expo.jpg\" style=\"width: 800px; height: 526px;\" title=\"Conferencia GBTA Curitiba\" \/><\/p>\n<p>Marque a sua presen\u00e7a em Curitiba \u2013 S\u00e3o Paulo \u2013 Rio de Janeiro, 2018. Reserve ahora! \u00a1Assine antes del 15 de marzo para recibir esse beneficio! Entre en contacto con <a href=\"mailto:lrhampton@gbta.org?subject=Mais informa\u00e7\u00f5es  Promo Brasil\">Lizet Rodr\u00edguez-Hampton<\/a>.<\/p>","protected":false},"excerpt":{"rendered":"<p>P\u00f3ngase al d\u00eda con los \u00faltimos eventos y acontecimientos en GBTA Brasil con nuestro bolet\u00edn informativo de febrero de 2018.<\/p>","protected":false},"author":25,"featured_media":0,"comment_status":"open","ping_status":"open","sticky":false,"template":"","format":"standard","meta":{"_acf_changed":false,"_seopress_robots_primary_cat":"","_seopress_titles_title":"","_seopress_titles_desc":"","_seopress_robots_index":"","om_disable_all_campaigns":false,"_relevanssi_hide_post":"","_relevanssi_hide_content":"","_relevanssi_pin_for_all":"","_relevanssi_pin_keywords":"","_relevanssi_unpin_keywords":"","_relevanssi_related_keywords":"","_relevanssi_related_include_ids":"","_relevanssi_related_exclude_ids":"","_relevanssi_related_no_append":"","_relevanssi_related_not_related":"","_relevanssi_related_posts":"","_relevanssi_noindex_reason":"","_kad_blocks_custom_css":"","_kad_blocks_head_custom_js":"","_kad_blocks_body_custom_js":"","_kad_blocks_footer_custom_js":"","_kad_post_transparent":"","_kad_post_title":"","_kad_post_layout":"","_kad_post_sidebar_id":"","_kad_post_content_style":"","_kad_post_vertical_padding":"","_kad_post_feature":"","_kad_post_feature_position":"","_kad_post_header":false,"_kad_post_footer":false,"footnotes":"","_links_to":"","_links_to_target":""},"categories":[37],"tags":[1190],"class_list":["post-1561","post","type-post","status-publish","format-standard","hentry","category-research-and-travel-trends","tag-latamnewsletter"],"acf":[],"featured_image_src_large":false,"author_info":{"display_name":"jcampbell","author_link":"https:\/\/gbta.org\/es\/author\/jcampbell\/"},"comment_info":"","category_info":[{"term_id":37,"name":"Research and Travel Trends","slug":"research-and-travel-trends","term_group":0,"term_taxonomy_id":37,"taxonomy":"category","description":"","parent":0,"count":966,"filter":"raw","cat_ID":37,"category_count":966,"category_description":"","cat_name":"Research and Travel Trends","category_nicename":"research-and-travel-trends","category_parent":0}],"tag_info":[{"term_id":1190,"name":"LATAMnewsletter","slug":"latamnewsletter","term_group":0,"term_taxonomy_id":1190,"taxonomy":"post_tag","description":"","parent":0,"count":30,"filter":"raw"}],"taxonomy_info":{"category":[{"value":37,"label":"Research and Travel Trends"}],"post_tag":[{"value":1190,"label":"LATAMnewsletter"}]},"featured_image_src":null,"featured_image_src_square":null,"mfb_rest_fields":["featured_image_src_large","author_info","comment_info","category_info","tag_info","taxonomy_info","featured_image_src","featured_image_src_square"],"_links":{"self":[{"href":"https:\/\/gbta.org\/es\/wp-json\/wp\/v2\/posts\/1561","targetHints":{"allow":["GET"]}}],"collection":[{"href":"https:\/\/gbta.org\/es\/wp-json\/wp\/v2\/posts"}],"about":[{"href":"https:\/\/gbta.org\/es\/wp-json\/wp\/v2\/types\/post"}],"author":[{"embeddable":true,"href":"https:\/\/gbta.org\/es\/wp-json\/wp\/v2\/users\/25"}],"replies":[{"embeddable":true,"href":"https:\/\/gbta.org\/es\/wp-json\/wp\/v2\/comments?post=1561"}],"version-history":[{"count":0,"href":"https:\/\/gbta.org\/es\/wp-json\/wp\/v2\/posts\/1561\/revisions"}],"wp:attachment":[{"href":"https:\/\/gbta.org\/es\/wp-json\/wp\/v2\/media?parent=1561"}],"wp:term":[{"taxonomy":"category","embeddable":true,"href":"https:\/\/gbta.org\/es\/wp-json\/wp\/v2\/categories?post=1561"},{"taxonomy":"post_tag","embeddable":true,"href":"https:\/\/gbta.org\/es\/wp-json\/wp\/v2\/tags?post=1561"}],"curies":[{"name":"wp","href":"https:\/\/api.w.org\/{rel}","templated":true}]}}