{"id":1614,"date":"2018-05-08T09:56:00","date_gmt":"2018-05-08T13:56:00","guid":{"rendered":"https:\/\/gbta.org\/newsletter-gbta-america-latina-mayo-2018\/"},"modified":"2022-10-02T11:25:54","modified_gmt":"2022-10-02T15:25:54","slug":"newsletter-gbta-america-latina-mayo-2018","status":"publish","type":"post","link":"https:\/\/gbta.org\/es\/newsletter-gbta-america-latina-mayo-2018\/","title":{"rendered":"Bolet\u00edn: GBTA Am\u00e9rica Latina Mayo 2018"},"content":{"rendered":"<p><a id=\"story1\" name=\"story1\"><strong>Primera Conferencia GBTA en Costa Rica tendr\u00e1 lugar el 16 de mayo<\/strong><\/a><\/p>\n<p><img decoding=\"async\" alt=\"\" src=\"\/Portals\/0\/Images\/Blog\/2018\/LATAM_May_1.JPG\" style=\"width: 800px;height: 459px\" title=\"\"><\/p>\n<p>Luego de tres cursos para gestores de viajes de negocios, Costa Rica est\u00e1 lista para su primera conferencia, la cual tendr\u00e1 lugar en San Jos\u00e9 este 16 de mayo con el apoyo tambi\u00e9n de la C\u00e1mara Costarricense de Hoteles y el Bur\u00f3 de Convenciones de Costa Rica.<\/p>\n<p>Junto a Chile y Panam\u00e1, el pa\u00eds es uno de los mercados emergentes en Am\u00e9rica Latina que empiezan a experimentar un mayor crecimiento en el segmento de viajes de negocios, incluyendo los viajes de incentivos. Actualmente los pa\u00edses que est\u00e1n a la cabeza en esta industria en la regi\u00f3n son Brasil, M\u00e9xico y Colombia.<\/p>\n<p>La Conferencia GBTA 2018 \u2013 San Jos\u00e9, que tendr\u00e1 como sede el hotel Radisson, ser\u00e1 una jornada de un d\u00eda que contar\u00e1 con sesiones de inter\u00e9s, como es el caso de valiosas experiencias en la gesti\u00f3n de viajes de negocios, el futuro de los pagos corporativos. , el manejo de la gesti\u00f3n del riesgo y nuevos jugadores en tecnolog\u00eda.<\/p>\n<p>Tambi\u00e9n se abordar\u00e1 la tendencia hacia el <em>dicha<\/em>, que combina el viaje de negocio con el de tiempo libre y representa una tendencia principalmente entre los <em>millennials<\/em>, quienes en 10 a\u00f1os dominar\u00e1n en un 60% el nicho de viajes corporativos y que sobresalen tambi\u00e9n por su gran inter\u00e9s en la tecnolog\u00eda, seg\u00fan afirm\u00f3 Roberto Morales, director regional de GBTA para Am\u00e9rica Latina.<\/p>\n<p>La conferencia, que espera contar con la asistencia de 120 personas, tambi\u00e9n tendr\u00e1 una extensa \u00e1rea de exhibici\u00f3n de proveedores. Para mayor informaci\u00f3n, haga clic <a href=\"http:\/\/(https:\/\/gbta.org\/calendar\/programs-by-location\/latin-america\/costa-rica\/san-jose)\">aqu\u00ed<\/a>.&nbsp;<\/p>\n<p>&nbsp;<\/p>\n<p><a id=\"story2\" name=\"story2\"><strong>Con gran asistencia y satisfacci\u00f3n de los participantes culminaron eventos de GBTA en Curitiba, Brasil y Santiago de Chile.<\/strong><\/a><\/p>\n<p><img decoding=\"async\" alt=\"\" src=\"\/Portals\/0\/Images\/Blog\/2018\/LATAM_May_2.jpg\" style=\"width: 800px;height: 514px\" title=\"\"><\/p>\n<p>En su segunda edici\u00f3n, la Conferencia GBTA 2018 \u2013 Curitiba reuni\u00f3 el pasado 23 de abril a m\u00e1s de 100 profesionales de la industria de viajes de negocios y proveedores de la regi\u00f3n sudeste y sur de Brasil. El contenido acad\u00e9mico, as\u00ed como la oferta de servicios fue del agrado de todos los participantes y su \u00e9xito confirma la celebraci\u00f3n de la tercera edici\u00f3n de esta conferencia nuevamente en la pujante capital del Estado de Paran\u00e1 para el primer semestre del 2019.<\/p>\n<p>El pasado 17 de abril tambi\u00e9n se celebr\u00f3 con gran \u00e9xito el Primer GBTA Business Travel Management Workshop en Santiago de Chile, organizado por GBTA y la C\u00e1mara Chilena Norteamericana de Comercio Amcham Chile.<\/p>\n<p>Ricardo Margulis, presidente del comit\u00e9 de turismo de AmCham recalc\u00f3 la importancia de la figura del gestor de viajes de negocio: \u201ces importante conocer a todos los prestatarios de servicios involucrados en la industria del turismo, especialmente cuando se trata de viajes corporativos. En Chile, la figura del <em>gerente de viajes<\/em> ha avanzado de manera lenta pero segura, y por eso necesitamos definir una estrategia que nos permita saber qu\u00e9 buscamos y cu\u00e1les son nuestros objetivos en esta \u00e1rea para optimizar nuestros recursos y maximizar beneficios\u201d.<\/p>\n<p>&nbsp;<\/p>\n<p><a id=\"story3\" name=\"story3\"><strong>Sao Paulo<\/strong><strong> celebrar\u00e1 su Conferencia GBTA 2018 en junio<\/strong><\/a><\/p>\n<p><img decoding=\"async\" alt=\"\" src=\"\/Portals\/0\/Images\/Blog\/2018\/LATAM_May_3.JPG\" style=\"width: 800px;height: 483px\" title=\"\"><\/p>\n<p>La industria de viajes de negocios est\u00e1 evolucionando con una rapidez sin precedentes en el mundo y Brasil es uno de los grandes mercados en Am\u00e9rica Latina y el Caribe. Es por eso que S\u00e3o Paulo se prepara para celebrar la sexta edici\u00f3n de la Conferencia GBTA, que tendr\u00e1 lugar el pr\u00f3ximo 11 de junio en el <a href=\"https:\/\/www.oetkercollection.com\/pt\/destinations\/palacio-tangara\/\" target=\"_blank\" rel=\"noopener\">Palacio Tangar\u00e1 S\u00e3o Paulo<\/a><strong>. <\/strong><\/p>\n<p>Se espera m\u00e1s de un centenar de participantes, que tendr\u00e1n acceso a sesiones educativas y foros de vanguardia sobre temas de inter\u00e9s para la industria de viajes corporativos y a una amplia exhibici\u00f3n de productos y servicios. Para mayor informaci\u00f3n e inscripciones, ingrese <a href=\"https:\/\/gbta.org\/es\/calendar\/all-programs\/eventid\/38\/e\/conferencia-gbta-2018-sao-paulo-11-jun-2018\/\">aqu\u00ed<\/a>.&nbsp;<\/p>\n<p>&nbsp;<\/p>\n<p><a id=\"story4\" name=\"story4\"><strong>Ventajas de hacer <em>redes<\/em> en los eventos de <em>Asociaci\u00f3n mundial de viajes de negocios<\/em> <\/strong><\/a><\/p>\n<p><strong><em><img decoding=\"async\" alt=\"\" src=\"\/Portals\/0\/Images\/Blog\/2018\/GBTALATAM2.jpg\" style=\"width: 680px;height: 453px\" title=\"\"><\/em><\/strong><\/p>\n<p>En un ambiente tan segmentado y competitivo es importante entender que el mantener relaciones laborales es una pieza esencial para el crecimiento de nuestra carrera y nuestra organizaci\u00f3n. <b><a href=\"https:\/\/gbta.org\/es\/news-and-advocacy\/commentary\/postid\/4156\/ventajas-de-hacer-networking-en-los-eventos-de-global-business-travel-association\/\">Leer m\u00e1s<\/a>.<\/b><\/p>","protected":false},"excerpt":{"rendered":"<p>Bolet\u00edn GBTA para la regi\u00f3n de Am\u00e9rica Latina correspondiente al mes de mayo.<\/p>","protected":false},"author":25,"featured_media":0,"comment_status":"open","ping_status":"open","sticky":false,"template":"","format":"standard","meta":{"_acf_changed":false,"_seopress_robots_primary_cat":"none","_seopress_titles_title":"","_seopress_titles_desc":"","_seopress_robots_index":"","om_disable_all_campaigns":false,"_relevanssi_hide_post":"","_relevanssi_hide_content":"","_relevanssi_pin_for_all":"","_relevanssi_pin_keywords":"","_relevanssi_unpin_keywords":"","_relevanssi_related_keywords":"","_relevanssi_related_include_ids":"","_relevanssi_related_exclude_ids":"","_relevanssi_related_no_append":"","_relevanssi_related_not_related":"","_relevanssi_related_posts":"1576,1957,6093,4069,1782,1970","_relevanssi_noindex_reason":"","_kad_blocks_custom_css":"","_kad_blocks_head_custom_js":"","_kad_blocks_body_custom_js":"","_kad_blocks_footer_custom_js":"","_kad_post_transparent":"","_kad_post_title":"","_kad_post_layout":"","_kad_post_sidebar_id":"","_kad_post_content_style":"","_kad_post_vertical_padding":"","_kad_post_feature":"","_kad_post_feature_position":"","_kad_post_header":false,"_kad_post_footer":false,"footnotes":"","_links_to":"","_links_to_target":""},"categories":[37],"tags":[1190],"class_list":["post-1614","post","type-post","status-publish","format-standard","hentry","category-research-and-travel-trends","tag-latamnewsletter"],"acf":[],"featured_image_src_large":false,"author_info":{"display_name":"jcampbell","author_link":"https:\/\/gbta.org\/es\/author\/jcampbell\/"},"comment_info":"","category_info":[{"term_id":37,"name":"Research and Travel Trends","slug":"research-and-travel-trends","term_group":0,"term_taxonomy_id":37,"taxonomy":"category","description":"","parent":0,"count":966,"filter":"raw","cat_ID":37,"category_count":966,"category_description":"","cat_name":"Research and Travel Trends","category_nicename":"research-and-travel-trends","category_parent":0}],"tag_info":[{"term_id":1190,"name":"LATAMnewsletter","slug":"latamnewsletter","term_group":0,"term_taxonomy_id":1190,"taxonomy":"post_tag","description":"","parent":0,"count":30,"filter":"raw"}],"taxonomy_info":{"category":[{"value":37,"label":"Research and Travel Trends"}],"post_tag":[{"value":1190,"label":"LATAMnewsletter"}]},"featured_image_src":null,"featured_image_src_square":null,"mfb_rest_fields":["featured_image_src_large","author_info","comment_info","category_info","tag_info","taxonomy_info","featured_image_src","featured_image_src_square"],"_links":{"self":[{"href":"https:\/\/gbta.org\/es\/wp-json\/wp\/v2\/posts\/1614","targetHints":{"allow":["GET"]}}],"collection":[{"href":"https:\/\/gbta.org\/es\/wp-json\/wp\/v2\/posts"}],"about":[{"href":"https:\/\/gbta.org\/es\/wp-json\/wp\/v2\/types\/post"}],"author":[{"embeddable":true,"href":"https:\/\/gbta.org\/es\/wp-json\/wp\/v2\/users\/25"}],"replies":[{"embeddable":true,"href":"https:\/\/gbta.org\/es\/wp-json\/wp\/v2\/comments?post=1614"}],"version-history":[{"count":0,"href":"https:\/\/gbta.org\/es\/wp-json\/wp\/v2\/posts\/1614\/revisions"}],"wp:attachment":[{"href":"https:\/\/gbta.org\/es\/wp-json\/wp\/v2\/media?parent=1614"}],"wp:term":[{"taxonomy":"category","embeddable":true,"href":"https:\/\/gbta.org\/es\/wp-json\/wp\/v2\/categories?post=1614"},{"taxonomy":"post_tag","embeddable":true,"href":"https:\/\/gbta.org\/es\/wp-json\/wp\/v2\/tags?post=1614"}],"curies":[{"name":"wp","href":"https:\/\/api.w.org\/{rel}","templated":true}]}}