{"id":1800,"date":"2015-06-19T09:57:00","date_gmt":"2015-06-19T13:57:00","guid":{"rendered":"https:\/\/gbta.org\/gbta-says-proposal-to-slash-carry-on-baggage-size-must-be-permanently-scrapped-2\/"},"modified":"2022-10-02T10:36:34","modified_gmt":"2022-10-02T14:36:34","slug":"gbta-says-proposal-to-slash-carry-on-baggage-size-must-be-permanently-scrapped-2","status":"publish","type":"post","link":"https:\/\/gbta.org\/es\/gbta-says-proposal-to-slash-carry-on-baggage-size-must-be-permanently-scrapped-2\/","title":{"rendered":"GBTA dice que la propuesta para reducir dr\u00e1sticamente el tama\u00f1o del equipaje de mano debe ser &quot;desechado permanentemente&quot;"},"content":{"rendered":"<p>Alexandria, VA (19 de junio de 2015) \u2013 Las tres cuartas partes (74 por ciento) de los administradores de viajes se oponen a las pautas recomendadas recientemente por IATA de que el tama\u00f1o est\u00e1ndar del equipaje de mano se reduzca a dimensiones aproximadamente un 20 por ciento m\u00e1s peque\u00f1as de lo que la mayor\u00eda de las principales aerol\u00edneas permiten actualmente de acuerdo con un encuesta de gerentes de viajes realizada por la Fundaci\u00f3n GBTA, el brazo de educaci\u00f3n e investigaci\u00f3n de la Asociaci\u00f3n Global de Viajes de Negocios.<\/p>\n<p>El mi\u00e9rcoles, la Asociaci\u00f3n Internacional de Transporte A\u00e9reo (IATA) suspendi\u00f3 esta recomendaci\u00f3n y ahora GBTA cree que deber\u00eda descartar la propuesta por completo.<\/p>\n<p>\u201cEstos nuevos datos demuestran una oposici\u00f3n abrumadora a la propuesta de la IATA por parte de los viajeros de negocios, y la propuesta debe descartarse de forma permanente, de una vez por todas. Si se promulga, esta propuesta brinda a los viajeros de negocios la opci\u00f3n de comprar una nueva maleta o pagar por el equipaje registrado; de cualquier manera, hay otra tarifa adicional\u201d, dijo Michael W. McCormick, director ejecutivo y COO de GBTA. \u201cEsto claramente toc\u00f3 la fibra sensible, ya que va m\u00e1s all\u00e1 de la cuesti\u00f3n de simplemente disminuir el tama\u00f1o del equipaje de mano, es un s\u00edmbolo de la presi\u00f3n de costos constante que las aerol\u00edneas est\u00e1n ejerciendo sobre el viajero de negocios\u201d.<\/p>\n<p>En una conferencia de prensa el domingo, el senador Chuck Schumer (D-NY) critic\u00f3 la propuesta diciendo que no solo har\u00e1 mella en las billeteras de las familias, sino que tambi\u00e9n perjudicar\u00e1 a los viajeros de negocios. Los miembros de GBTA est\u00e1n de acuerdo con el Senador, ya que el 64 por ciento de los administradores de viajes dicen que las nuevas pautas afectar\u00edan dr\u00e1sticamente a sus viajeros de negocios y un 31 por ciento adicional dice que sus viajeros se ver\u00edan afectados de alguna manera.<\/p>\n<p>\u201cMe complace que la Asociaci\u00f3n Internacional de Transporte A\u00e9reo haya respondido al llamado y planee reevaluar su propuesta, que podr\u00eda reducir el equipaje de mano de un viajero en m\u00e1s de un veinte por ciento\u201d, dijo el Senador estadounidense Charles E. Schumer. \u201cMuchos viajeros han tenido su equipaje favorito durante a\u00f1os, y esta pol\u00edtica podr\u00eda haber obligado a los pasajeros a comprar equipaje nuevo o, en cambio, a pagar m\u00e1s para facturar su equipaje. Es una buena noticia que este plan se haya estancado, y continuar\u00e9 presionando a la industria de las aerol\u00edneas para garantizar que las propuestas que podr\u00edan da\u00f1ar a los consumidores nunca despeguen\u201d.<\/p>\n<p>Metodolog\u00eda<br \/>\nEsta encuesta de compradores de viajes que viven en los Estados Unidos y Canad\u00e1 se realiz\u00f3 en l\u00ednea entre el 17 y el 18 de junio de 2015. En total, 292 personas fueron invitadas a participar en este estudio por correo electr\u00f3nico con 78 respuestas para una tasa de respuesta del 27 por ciento.<\/p>\n<p>CONTACTO: Colleen Lerro Gallagher, +1 703-236-1133, cgallagher@gbta.org<\/p>\n<p>Acerca de la Asociaci\u00f3n Global de Viajes de Negocios<br \/>\nLa Asociaci\u00f3n Global de Viajes de Negocios (GBTA) es la principal organizaci\u00f3n comercial de viajes de negocios y reuniones del mundo con sede en el \u00e1rea de Washington, DC y operaciones en seis continentes. Los m\u00e1s de 9000 miembros de GBTA administran anualmente m\u00e1s de $345 mil millones de viajes de negocios globales y gastos de reuniones. GBTA y la Fundaci\u00f3n GBTA brindan educaci\u00f3n, eventos, investigaci\u00f3n, defensa y medios de clase mundial a una red global en crecimiento de m\u00e1s de 28,000 profesionales de viajes y 125,000 contactos activos. Para aprender c\u00f3mo los viajes de negocios impulsan el crecimiento empresarial duradero, gbta.org<br \/>\nArt\u00edculo anterior<br \/>\nArt\u00edculo siguiente<br \/>\nCuota<br \/>\n?<br \/>\nImpresi\u00f3n<br \/>\nContactos con los medios<br \/>\ncolleen gallagher<\/p>\n<p>Vicepresidente, Comunicaciones<br \/>\n+1 703 236 1133<br \/>\ncgallagher@gbta.org<\/p>\n<p>Marianne Varkiani<\/p>\n<p>Gerente de Comunicaciones<br \/>\n+1 703 236 1164<br \/>\nmvarkiani@gbta.org<\/p>\n<p>Cont\u00e1ctenos<\/p>\n<p>Asociaci\u00f3n mundial de viajes de negocios<\/p>\n<p>Calle Rey 1101, Suite 500<\/p>\n<p>Alejandr\u00eda, VA 22314<\/p>\n<p>Tel\u00e9fono: +1 703 684 0836<\/p>\n<p>Fax: +1 703 342 4324<br \/>\ninfo@gbta.org<\/p>\n<p>GBTA<br \/>\nAcerca de GBTA<br \/>\nAcerca de la Fundaci\u00f3n GBTA<br \/>\nPrensa<br \/>\nAfiliaci\u00f3n<br \/>\nContacto<\/p>\n<p>Comunidad<br \/>\nLinkedIn<br \/>\nYoutube<br \/>\nGorjeo<br \/>\nFacebook<\/p>\n<p>Am\u00e9rica del norte<br \/>\nEstados Unidos<br \/>\nCanad\u00e1<\/p>\n<p>Asia Pac\u00edfico<br \/>\nAustralia\/Nueva Zelanda<br \/>\nIndia<\/p>\n<p>\u00c1frica<br \/>\nSud\u00e1frica<\/p>\n<p>Europa<br \/>\nEuropa<br \/>\nFrancia<\/p>\n<p>America latina<br \/>\nAmerica latina<br \/>\nM\u00e9xico<br \/>\nArgentina<br \/>\nBrasil<\/p>\n<p>Pol\u00edtica de privacidad y cookies<br \/>\nPol\u00edtica de reembolso y cancelaci\u00f3n<br \/>\nT\u00e9rminos y condiciones<br \/>\n\u00a92018 Asociaci\u00f3n Global de Viajes de Negocios (GBTA)<\/p>","protected":false},"excerpt":{"rendered":"<p>Alexandria, VA (19 de junio de 2015) \u2013 Tres cuartas partes (74 por ciento) de los administradores de viajes se oponen a las pautas recientemente recomendadas por la IATA de que los tama\u00f1os est\u00e1ndar del equipaje de mano se reduzcan a dimensiones aproximadamente un 20 por ciento m\u00e1s peque\u00f1as de lo que la mayor\u00eda de las principales aerol\u00edneas permiten actualmente, seg\u00fan un Encuesta de gestores de viajes realizada por la Fundaci\u00f3n GBTA, el brazo de educaci\u00f3n e investigaci\u00f3n de\u2026<\/p>","protected":false},"author":25,"featured_media":0,"comment_status":"open","ping_status":"open","sticky":false,"template":"","format":"standard","meta":{"_acf_changed":false,"_seopress_robots_primary_cat":"none","_seopress_titles_title":"","_seopress_titles_desc":"","_seopress_robots_index":"","om_disable_all_campaigns":false,"_relevanssi_hide_post":"","_relevanssi_hide_content":"","_relevanssi_pin_for_all":"","_relevanssi_pin_keywords":"","_relevanssi_unpin_keywords":"","_relevanssi_related_keywords":"","_relevanssi_related_include_ids":"","_relevanssi_related_exclude_ids":"","_relevanssi_related_no_append":"","_relevanssi_related_not_related":"","_relevanssi_related_posts":"2509,4069,6093,1809,1797,1803","_relevanssi_noindex_reason":"","_kad_blocks_custom_css":"","_kad_blocks_head_custom_js":"","_kad_blocks_body_custom_js":"","_kad_blocks_footer_custom_js":"","_kad_post_transparent":"","_kad_post_title":"","_kad_post_layout":"","_kad_post_sidebar_id":"","_kad_post_content_style":"","_kad_post_vertical_padding":"","_kad_post_feature":"","_kad_post_feature_position":"","_kad_post_header":false,"_kad_post_footer":false,"footnotes":"","_links_to":"","_links_to_target":""},"categories":[45],"tags":[233],"class_list":["post-1800","post","type-post","status-publish","format-standard","hentry","category-news-and-press-releases","tag-news"],"acf":[],"featured_image_src_large":false,"author_info":{"display_name":"jcampbell","author_link":"https:\/\/gbta.org\/es\/author\/jcampbell\/"},"comment_info":"","category_info":[{"term_id":45,"name":"News and Press Releases","slug":"news-and-press-releases","term_group":0,"term_taxonomy_id":45,"taxonomy":"category","description":"","parent":0,"count":540,"filter":"raw","cat_ID":45,"category_count":540,"category_description":"","cat_name":"News and Press Releases","category_nicename":"news-and-press-releases","category_parent":0}],"tag_info":[{"term_id":233,"name":"news","slug":"news","term_group":0,"term_taxonomy_id":233,"taxonomy":"post_tag","description":"","parent":0,"count":307,"filter":"raw"}],"taxonomy_info":{"category":[{"value":45,"label":"News and Press Releases"}],"post_tag":[{"value":233,"label":"news"}]},"featured_image_src":null,"featured_image_src_square":null,"mfb_rest_fields":["featured_image_src_large","author_info","comment_info","category_info","tag_info","taxonomy_info","featured_image_src","featured_image_src_square"],"_links":{"self":[{"href":"https:\/\/gbta.org\/es\/wp-json\/wp\/v2\/posts\/1800","targetHints":{"allow":["GET"]}}],"collection":[{"href":"https:\/\/gbta.org\/es\/wp-json\/wp\/v2\/posts"}],"about":[{"href":"https:\/\/gbta.org\/es\/wp-json\/wp\/v2\/types\/post"}],"author":[{"embeddable":true,"href":"https:\/\/gbta.org\/es\/wp-json\/wp\/v2\/users\/25"}],"replies":[{"embeddable":true,"href":"https:\/\/gbta.org\/es\/wp-json\/wp\/v2\/comments?post=1800"}],"version-history":[{"count":0,"href":"https:\/\/gbta.org\/es\/wp-json\/wp\/v2\/posts\/1800\/revisions"}],"wp:attachment":[{"href":"https:\/\/gbta.org\/es\/wp-json\/wp\/v2\/media?parent=1800"}],"wp:term":[{"taxonomy":"category","embeddable":true,"href":"https:\/\/gbta.org\/es\/wp-json\/wp\/v2\/categories?post=1800"},{"taxonomy":"post_tag","embeddable":true,"href":"https:\/\/gbta.org\/es\/wp-json\/wp\/v2\/tags?post=1800"}],"curies":[{"name":"wp","href":"https:\/\/api.w.org\/{rel}","templated":true}]}}