{"id":18587,"date":"2024-11-05T07:09:32","date_gmt":"2024-11-05T12:09:32","guid":{"rendered":"https:\/\/gbta.org\/?p=18587"},"modified":"2024-11-05T07:09:33","modified_gmt":"2024-11-05T12:09:33","slug":"amex-gbt-announces-expanded-collaboration-withair-france-and-klm-to-scale-up-ndc-content","status":"publish","type":"post","link":"https:\/\/gbta.org\/es\/amex-gbt-announces-expanded-collaboration-withair-france-and-klm-to-scale-up-ndc-content\/","title":{"rendered":"Amex GBT anuncia una colaboraci\u00f3n ampliada con Air France y KLM para ampliar el contenido NDC"},"content":{"rendered":"<p><em>Nuevo compromiso\u00a0<\/em><em>para mejorar el valor para los clientes corporativos dentro del mercado GBT de Amex\u00a0<\/em><\/p>\n\n\n\n<p><strong>Londres, Reino Unido \u2013 5 de noviembre de 2024 \u2013<\/strong>\u00a0American Express Global Business Travel (Amex GBT), empresa l\u00edder en software y servicios para viajes, gastos, reuniones y eventos, ha anunciado una fase de implementaci\u00f3n ampliada de tarifas de nueva capacidad de distribuci\u00f3n (NDC) con Air France y KLM.\u00a0<\/p>\n\n\n\n<p>El nuevo compromiso se centra en crear valor para los clientes corporativos a trav\u00e9s de tecnolog\u00edas habilitadas para NDC, en particular, habilitando contenido NDC a escala y al mismo tiempo respaldando la integridad y la eficacia de sus programas de viajes administrados.&nbsp;<\/p>\n\n\n\n<p>John Bukowski, vicepresidente de adquisici\u00f3n de contenido y abastecimiento estrat\u00e9gico de Amex GBT, afirm\u00f3: \u201cEste desarrollo demuestra nuestro compromiso de brindar a los clientes las mejores opciones de viajes dentro de nuestro mercado, a trav\u00e9s de todas nuestras soluciones: canales propios y de terceros, en l\u00ednea y fuera de l\u00ednea\u201d.&nbsp;<\/p>\n\n\n\n<p>Stefan Vanovermeir, vicepresidente de distribuci\u00f3n de Air France-KLM, afirm\u00f3: \u201cHemos colaborado estrechamente con Amex GBT para desarrollar una soluci\u00f3n NDC s\u00f3lida para nuestros clientes conjuntos, que incluye mejores capacidades de servicio en comparaci\u00f3n con EDIFACT para cambios y reembolsos. Nos complace ver que nuestras ofertas de NDC, que incluyen las mejores tarifas gracias a la fijaci\u00f3n continua de precios y una experiencia m\u00e1s personalizada, beneficiar\u00e1n a un mayor n\u00famero de clientes de Amex GBT a gran escala\u201d.<\/p>\n\n\n\n<p>Con esta colaboraci\u00f3n ampliada, Amex GBT, Air France y KLM continuar\u00e1n aumentando su presencia conjunta de NDC en m\u00faltiples canales y pa\u00edses.<\/p>\n\n\n\n<p>###<\/p>\n\n\n\n<p><strong>Acerca de los viajes de negocios internacionales de American Express<\/strong><\/p>\n\n\n\n<p>American Express Global Business Travel (Amex GBT) es una empresa l\u00edder en software y servicios para viajes, gastos, reuniones y eventos. Hemos creado el mercado de viajes m\u00e1s valioso con el contenido m\u00e1s completo y competitivo. Una selecci\u00f3n de soluciones que le ofrecemos a trav\u00e9s de una s\u00f3lida combinaci\u00f3n de tecnolog\u00eda y personal, que le ofrece las mejores experiencias, comprobadas a gran escala. Con profesionales de viajes y socios comerciales en m\u00e1s de 140 pa\u00edses, nuestras soluciones ofrecen ahorros, flexibilidad y servicio de una marca en la que puede confiar: Amex GBT.\u00a0<\/p>\n\n\n\n<p>Visitar\u00a0<a href=\"https:\/\/www.amexglobalbusinesstravel.com\/uk\/\" target=\"_blank\" rel=\"noreferrer noopener\"><strong>amexglobalbusinesstravel.com<\/strong><\/a>\u00a0Para obtener m\u00e1s informaci\u00f3n sobre Amex GBT, siga a @amexgbt en\u00a0<a href=\"https:\/\/x.com\/amexgbt#_blank\"><strong>X<\/strong><\/a>,\u00a0<a href=\"http:\/\/www.linkedin.com\/company\/american-express-global-business-travel\/#_blank\" target=\"_blank\" rel=\"noreferrer noopener\"><strong>LinkedIn<\/strong><\/a>\u00a0y\u00a0<a href=\"https:\/\/www.instagram.com\/amexgbt\/?hl=en\" target=\"_blank\" rel=\"noreferrer noopener\"><strong>Instagram<\/strong><\/a>.<\/p>\n\n\n\n<p><strong>Contactos de prensa:<\/strong><br>Contacto de la agencia estadounidense: <a href=\"mailto:amexgbt@mbooth.com\">amexgbt@mbooth.com<\/a><br>Contacto de la agencia EMEA: <a href=\"mailto:amexgbt@fightorflight.com\">amexgbt@fightorflight.com<\/a><br>Paul Revel, director de comunicaciones globales y asuntos p\u00fablicos de Amex GBT<br><a href=\"mailto:paul.revel@amexgbt.com\">paul.revel@amexgbt.com<\/a><br>Tel\u00e9fono: +44 7786692665<\/p>","protected":false},"excerpt":{"rendered":"<p>Nuevo compromiso para mejorar el valor para los clientes corporativos dentro del mercado de Amex GBT Londres, Reino Unido \u2013 5 de noviembre de 2024 \u2013 American Express Global Business Travel (Amex GBT), una empresa l\u00edder en software y servicios para viajes, gastos, reuniones y eventos, ha anunciado una fase de implementaci\u00f3n ampliada de tarifas de nueva capacidad de distribuci\u00f3n (NDC) con Air France y KLM. El nuevo compromiso es\u2026<\/p>","protected":false},"author":70,"featured_media":0,"comment_status":"open","ping_status":"open","sticky":false,"template":"","format":"standard","meta":{"_acf_changed":false,"_seopress_robots_primary_cat":"none","_seopress_titles_title":"","_seopress_titles_desc":"","_seopress_robots_index":"","om_disable_all_campaigns":false,"_relevanssi_hide_post":"","_relevanssi_hide_content":"","_relevanssi_pin_for_all":"","_relevanssi_pin_keywords":"","_relevanssi_unpin_keywords":"","_relevanssi_related_keywords":"","_relevanssi_related_include_ids":"","_relevanssi_related_exclude_ids":"","_relevanssi_related_no_append":"","_relevanssi_related_not_related":"","_relevanssi_related_posts":"2661,1825,2703,2057,773,912","_relevanssi_noindex_reason":"","_kad_blocks_custom_css":"","_kad_blocks_head_custom_js":"","_kad_blocks_body_custom_js":"","_kad_blocks_footer_custom_js":"","_kad_post_transparent":"","_kad_post_title":"","_kad_post_layout":"","_kad_post_sidebar_id":"","_kad_post_content_style":"","_kad_post_vertical_padding":"","_kad_post_feature":"","_kad_post_feature_position":"","_kad_post_header":false,"_kad_post_footer":false,"footnotes":"","_links_to":"","_links_to_target":""},"categories":[105],"tags":[],"class_list":["post-18587","post","type-post","status-publish","format-standard","hentry","category-europe-and-uk"],"acf":[],"featured_image_src_large":false,"author_info":{"display_name":"Ron Nucum","author_link":"https:\/\/gbta.org\/es\/author\/rnucumgbta-org\/"},"comment_info":"","category_info":[{"term_id":105,"name":"Europe and UK","slug":"europe-and-uk","term_group":0,"term_taxonomy_id":105,"taxonomy":"category","description":"","parent":0,"count":152,"filter":"raw","cat_ID":105,"category_count":152,"category_description":"","cat_name":"Europe and UK","category_nicename":"europe-and-uk","category_parent":0}],"tag_info":false,"taxonomy_info":{"category":[{"value":105,"label":"Europe and UK"}]},"featured_image_src":null,"featured_image_src_square":null,"mfb_rest_fields":["featured_image_src_large","author_info","comment_info","category_info","tag_info","taxonomy_info","featured_image_src","featured_image_src_square"],"_links":{"self":[{"href":"https:\/\/gbta.org\/es\/wp-json\/wp\/v2\/posts\/18587","targetHints":{"allow":["GET"]}}],"collection":[{"href":"https:\/\/gbta.org\/es\/wp-json\/wp\/v2\/posts"}],"about":[{"href":"https:\/\/gbta.org\/es\/wp-json\/wp\/v2\/types\/post"}],"author":[{"embeddable":true,"href":"https:\/\/gbta.org\/es\/wp-json\/wp\/v2\/users\/70"}],"replies":[{"embeddable":true,"href":"https:\/\/gbta.org\/es\/wp-json\/wp\/v2\/comments?post=18587"}],"version-history":[{"count":1,"href":"https:\/\/gbta.org\/es\/wp-json\/wp\/v2\/posts\/18587\/revisions"}],"predecessor-version":[{"id":18590,"href":"https:\/\/gbta.org\/es\/wp-json\/wp\/v2\/posts\/18587\/revisions\/18590"}],"wp:attachment":[{"href":"https:\/\/gbta.org\/es\/wp-json\/wp\/v2\/media?parent=18587"}],"wp:term":[{"taxonomy":"category","embeddable":true,"href":"https:\/\/gbta.org\/es\/wp-json\/wp\/v2\/categories?post=18587"},{"taxonomy":"post_tag","embeddable":true,"href":"https:\/\/gbta.org\/es\/wp-json\/wp\/v2\/tags?post=18587"}],"curies":[{"name":"wp","href":"https:\/\/api.w.org\/{rel}","templated":true}]}}