{"id":2052,"date":"2022-07-20T09:58:44","date_gmt":"2022-07-20T13:58:44","guid":{"rendered":"https:\/\/gbta.org\/newsletter-febrero-2019\/"},"modified":"2022-08-11T11:35:09","modified_gmt":"2022-08-11T15:35:09","slug":"newsletter-febrero-2019","status":"publish","type":"post","link":"https:\/\/gbta.org\/es\/newsletter-febrero-2019\/","title":{"rendered":"Bolet\u00edn: febrero 2019"},"content":{"rendered":"<p><a id=\"story2\" name=\"story2\"><\/a><strong>Convenci\u00f3n GBTA 2019 se llevar\u00e1 a cabo en el centro de convenciones m\u00e1s grande de Norteam\u00e9rica en Chicago<\/strong><\/p>\n<p>El McCormick Place, el Centro de Convenciones m\u00e1s grande de Norteam\u00e9rica, ubicado en la ciudad de Chicago, recibir\u00e1 este a\u00f1o a cerca de 7000 profesionales en viajes de negocios. Los profesionales vendr\u00e1n de m\u00e1s de 50 pa\u00edses y traer\u00e1n m\u00e1s de 400 compa\u00f1\u00edas expositoras, a la edici\u00f3n n\u00famero 51 de la Convenci\u00f3n GBTA, del 3 al 7 de agosto.<\/p>\n<p>La movilidad en un ambiente de mucha aceleraci\u00f3n, una experiencia de viaje m\u00e1s personalizada y la atenci\u00f3n de riesgos en un contexto din\u00e1mico tecnol\u00f3gico, ambiental y geopol\u00edtico, son parte de los temas y soluciones de los cuales se hablar\u00e1n en lo que se considera el evento del a\u00f1o en viajes de negocios.<\/p>\n<p>Durante la Convenci\u00f3n, se llevar\u00e1 a cabo el 3 de agosto, el WINiT Summit 2019 en Chicago. WINiT Summit 2019 reunir\u00e1 a profesionales de todos los niveles con el m\u00e9todo de cambiar positivamente las carreras y vidas de las mujeres en industrias relacionadas con los viajes de negocios. busque m\u00e1s informaci\u00f3n en:\u00a0<a href=\"https:\/\/gbta.org\/es\/news-and-advocacy\/newsroom\/gbta-convention-2019-coming-to-chicago\/\">https:\/\/gbta.org\/news-and-advocacy\/newsroom\/gbta-convention-2019-coming-to-chicago<\/a><\/p>\n<p>&nbsp;<\/p>\n<p><a id=\"story3\" name=\"story3\"><\/a><strong>GBTA M\u00e9xico presenta su nueva mesa directiva<\/strong><\/p>\n<p>Por Carlos Galv\u00e1n, de Factor Reuniones<\/p>\n<p><img decoding=\"async\" title=\"\" src=\"https:\/\/gbta.org\/Portals\/0\/Images\/Blog\/2019\/LATAM_Feb19_2.jpg\" alt=\"\" \/><\/p>\n<p>GBTA contin\u00faa avanzando y tomando fuerza como la asociaci\u00f3n m\u00e1s grande de viajes a nivel global. Su estructura organizacional en M\u00e9xico, evoluciona para aprovechar de manera \u00f3ptima el conocimiento de los viajes de negocios.<\/p>\n<p>Como parte de esta evoluci\u00f3n, se nombr\u00f3 a Paola Garc\u00eda como Directora Regional de M\u00e9xico y Jessica Ordaz en Proyectos Especiales. El intento es poderles ofrecer a los Travel Managers ya todos nuestros socios comerciales, experiencias diferentes y propuestas de valor que sin duda, har\u00e1n que GBTA tome un giro diferente en M\u00e9xico.<\/p>\n<p>Con el objetivo de fomentar el conocimiento y profesionalizaci\u00f3n de los miembros compradores, se cre\u00f3 el \u201cBoard de Travel Managers\u201d. Ellos representar\u00e1n y ser\u00e1n la voz de todos los miembros activos de la asociaci\u00f3n, ya la vez, participar\u00e1n en proyectos que ayudar\u00e1n al desarrollo e implementaci\u00f3n de los programas educativos agendados durante 2019.<\/p>\n<p>Como presidenta est\u00e1 Roci\u00f3 Ceballos, Travel Manager de PWC (Price Waterhouse Coopers), como vicepresidenta Nancy Goycochea, Travel Manager de la Cruz Roja Internacional y como junta de comit\u00e9: Elisa S\u00e1nchez Llanes, Travel Manager de Deloitte; Eduardo Villa Gerente de Viajes de Elementia, V\u00edctor Iba\u00f1ez Gerente de Viajes de Holcim.<\/p>\n<p>En la regi\u00f3n de Monterrey, est\u00e1n Catalina Cavazos Gerente de Viajes de Metalsa, Paolina Huerta Gerente de Viajes de Femsa y Luis Bueno Gerente de Viajes de Exiros.<\/p>\n<p><img decoding=\"async\" title=\"\" src=\"https:\/\/gbta.org\/Portals\/0\/Images\/Blog\/2019\/LATAM_Feb19_3.jpg\" alt=\"\" \/><\/p>\n<p>Tambi\u00e9n se cre\u00f3 el \u201cBoard de Proveedores\u201d, que actuar\u00e1n como un recurso para los miembros de GBTA, aportando informaci\u00f3n y material de investigaci\u00f3n sobre la industria de los viajes corporativos, liderado por Beat Wille Country General Manager de BCD Travel.<\/p>\n<p><img decoding=\"async\" title=\"\" src=\"https:\/\/gbta.org\/Portals\/0\/Images\/Blog\/2019\/LATAM_Feb19_4.png\" alt=\"\" \/><\/p>","protected":false},"excerpt":{"rendered":"<p>Convenci\u00f3n GBTA 2019 se realizar\u00e1 en el centro de convenciones m\u00e1s grande de Norteam\u00e9rica en Chicago El McCormick Place, el Centro de Convenciones m\u00e1s grande de Norteam\u00e9rica, ubicado en la ciudad de Chicago, recibir\u00e1 este a\u00f1o a cerca de 7000 profesionales en viajes de negocios. Los profesionales vendr\u00e1n de m\u00e1s de 50 pa\u00edses y traer\u00e1n\u2026<\/p>","protected":false},"author":25,"featured_media":0,"comment_status":"open","ping_status":"open","sticky":false,"template":"","format":"standard","meta":{"_acf_changed":false,"_seopress_robots_primary_cat":"","_seopress_titles_title":"","_seopress_titles_desc":"","_seopress_robots_index":"","om_disable_all_campaigns":false,"_relevanssi_hide_post":"","_relevanssi_hide_content":"","_relevanssi_pin_for_all":"","_relevanssi_pin_keywords":"","_relevanssi_unpin_keywords":"","_relevanssi_related_keywords":"","_relevanssi_related_include_ids":"","_relevanssi_related_exclude_ids":"","_relevanssi_related_no_append":"","_relevanssi_related_not_related":"","_relevanssi_related_posts":"","_relevanssi_noindex_reason":"","_kad_blocks_custom_css":"","_kad_blocks_head_custom_js":"","_kad_blocks_body_custom_js":"","_kad_blocks_footer_custom_js":"","_kad_post_transparent":"","_kad_post_title":"","_kad_post_layout":"","_kad_post_sidebar_id":"","_kad_post_content_style":"","_kad_post_vertical_padding":"","_kad_post_feature":"","_kad_post_feature_position":"","_kad_post_header":false,"_kad_post_footer":false,"footnotes":"","_links_to":"","_links_to_target":""},"categories":[37],"tags":[1190],"class_list":["post-2052","post","type-post","status-publish","format-standard","hentry","category-research-and-travel-trends","tag-latamnewsletter"],"acf":[],"featured_image_src_large":false,"author_info":{"display_name":"jcampbell","author_link":"https:\/\/gbta.org\/es\/author\/jcampbell\/"},"comment_info":"","category_info":[{"term_id":37,"name":"Research and Travel Trends","slug":"research-and-travel-trends","term_group":0,"term_taxonomy_id":37,"taxonomy":"category","description":"","parent":0,"count":966,"filter":"raw","cat_ID":37,"category_count":966,"category_description":"","cat_name":"Research and Travel Trends","category_nicename":"research-and-travel-trends","category_parent":0}],"tag_info":[{"term_id":1190,"name":"LATAMnewsletter","slug":"latamnewsletter","term_group":0,"term_taxonomy_id":1190,"taxonomy":"post_tag","description":"","parent":0,"count":30,"filter":"raw"}],"taxonomy_info":{"category":[{"value":37,"label":"Research and Travel Trends"}],"post_tag":[{"value":1190,"label":"LATAMnewsletter"}]},"featured_image_src":null,"featured_image_src_square":null,"mfb_rest_fields":["featured_image_src_large","author_info","comment_info","category_info","tag_info","taxonomy_info","featured_image_src","featured_image_src_square"],"_links":{"self":[{"href":"https:\/\/gbta.org\/es\/wp-json\/wp\/v2\/posts\/2052","targetHints":{"allow":["GET"]}}],"collection":[{"href":"https:\/\/gbta.org\/es\/wp-json\/wp\/v2\/posts"}],"about":[{"href":"https:\/\/gbta.org\/es\/wp-json\/wp\/v2\/types\/post"}],"author":[{"embeddable":true,"href":"https:\/\/gbta.org\/es\/wp-json\/wp\/v2\/users\/25"}],"replies":[{"embeddable":true,"href":"https:\/\/gbta.org\/es\/wp-json\/wp\/v2\/comments?post=2052"}],"version-history":[{"count":0,"href":"https:\/\/gbta.org\/es\/wp-json\/wp\/v2\/posts\/2052\/revisions"}],"wp:attachment":[{"href":"https:\/\/gbta.org\/es\/wp-json\/wp\/v2\/media?parent=2052"}],"wp:term":[{"taxonomy":"category","embeddable":true,"href":"https:\/\/gbta.org\/es\/wp-json\/wp\/v2\/categories?post=2052"},{"taxonomy":"post_tag","embeddable":true,"href":"https:\/\/gbta.org\/es\/wp-json\/wp\/v2\/tags?post=2052"}],"curies":[{"name":"wp","href":"https:\/\/api.w.org\/{rel}","templated":true}]}}