{"id":2151,"date":"2019-07-01T09:59:00","date_gmt":"2019-07-01T13:59:00","guid":{"rendered":"https:\/\/gbta.org\/message-from-the-office-of-the-president-gbta-convention-2019-update\/"},"modified":"2022-10-01T05:21:18","modified_gmt":"2022-10-01T09:21:18","slug":"message-from-the-office-of-the-president-gbta-convention-2019-update","status":"publish","type":"post","link":"https:\/\/gbta.org\/es\/message-from-the-office-of-the-president-gbta-convention-2019-update\/","title":{"rendered":"Mensaje de la Oficina del Presidente - Actualizaci\u00f3n de la Convenci\u00f3n GBTA 2019"},"content":{"rendered":"<p>*Esta publicaci\u00f3n tambi\u00e9n se envi\u00f3 como correo electr\u00f3nico a los miembros de GBTA.*<\/p>\n<p style=\"line-height: 15.0pt\"><span style=\"font-size: 10.5pt;font-family: 'Arial',sans-serif\">Estamos en la recta final para la Convenci\u00f3n GBTA 2019 y mientras trabajamos diligentemente para asegurarnos de que esta sea la mejor Convenci\u00f3n de la historia; Todav\u00eda estamos trabajando en muchos otros proyectos. Consulte a continuaci\u00f3n una breve actualizaci\u00f3n sobre los \u00faltimos acontecimientos de GBTA.<\/span><\/p>\n<p><strong><span style=\"font-family: 'Arial',sans-serif\">Convenci\u00f3n<\/span><\/strong><span style=\"font-size: 10.5pt;font-family: 'Arial',sans-serif\"><br \/>\nUna vez m\u00e1s tenemos planeada una experiencia de Convenci\u00f3n repleta para todos los asistentes. De nuevo por demanda popular, seremos anfitriones del <a href=\"https:\/\/www3.gbta.org\/e\/5572\/end-GBTA-Awareness-5K-Run-Walk\/6btb55\/2438216224?h=ArPWi14j0ospFxQ2GC2bRDwqsaiQrl_TfbPwR-HLMPg\">Carrera\/caminata de 5 km de concientizaci\u00f3n sobre GBTA<\/a>, posible gracias a American Airlines, para recaudar fondos para ayudar a poner fin a la trata de ni\u00f1os. Disfrute de una caminata (o un paseo) por el hermoso puerto Burnham de Chicago, mientras apoya una causa importante en la industria de viajes de negocios. Independientemente de su nivel de condici\u00f3n f\u00edsica, participe y ay\u00fadenos a mantener a los ni\u00f1os libres y a salvo de la trata. Puedes registrarte cuando <a href=\"https:\/\/www3.gbta.org\/e\/5572\/Attend-Registration-Rates\/6btb57\/2438216224?h=ArPWi14j0ospFxQ2GC2bRDwqsaiQrl_TfbPwR-HLMPg\">registrarse para la convenci\u00f3n<\/a> y si ya te has registrado en la Convenci\u00f3n, puedes volver a entrar y <a href=\"https:\/\/www3.gbta.org\/e\/5572\/2L0eNtA\/6btb59\/2438216224?h=ArPWi14j0ospFxQ2GC2bRDwqsaiQrl_TfbPwR-HLMPg\">modificar su registro<\/a> y agr\u00e9guelo.<\/span><\/p>\n<p>El domingo por la noche organizaremos una sesi\u00f3n inicial de bienvenida con <a href=\"https:\/\/www3.gbta.org\/e\/5572\/Program-Speakers-Jon-Taffer\/6btb5c\/2438216224?h=ArPWi14j0ospFxQ2GC2bRDwqsaiQrl_TfbPwR-HLMPg\">Juan Taffer<\/a>, presentador de Bar Rescue, Author and Restauranteur de Spike TV. Taffer es una personalidad din\u00e1mica y entretenida que encantar\u00e1 a nuestros asistentes. Ya hemos anunciado el icono de los medios deportivos. <a href=\"https:\/\/www3.gbta.org\/e\/5572\/Program-Speakers-Bob-Costas\/6btb5f\/2438216224?h=ArPWi14j0ospFxQ2GC2bRDwqsaiQrl_TfbPwR-HLMPg\">Bob Costas<\/a>; presentador, productor y autor <a href=\"https:\/\/www3.gbta.org\/e\/5572\/Program-Speakers-Andy-Cohen\/6btb5h\/2438216224?h=ArPWi14j0ospFxQ2GC2bRDwqsaiQrl_TfbPwR-HLMPg\">Andy Cohen<\/a>; y actriz y humanitaria <a href=\"https:\/\/www3.gbta.org\/e\/5572\/Program-Speakers-Ashley-Judd\/6btb5k\/2438216224?h=ArPWi14j0ospFxQ2GC2bRDwqsaiQrl_TfbPwR-HLMPg\">ashley judd<\/a> como nuestros oradores principales en el almuerzo en el escenario Arena los lunes, martes y mi\u00e9rcoles.<\/p>\n<p>Este a\u00f1o volveremos a celebrar elecciones para la Junta Directiva de GBTA. Se puede consultar la terna de candidatos para las elecciones de la Junta Directiva 2019 <a href=\"https:\/\/www3.gbta.org\/e\/5572\/a-board-of-directors-nominees-\/6btb5m\/2438216224?h=ArPWi14j0ospFxQ2GC2bRDwqsaiQrl_TfbPwR-HLMPg\">aqu\u00ed<\/a> y puedes leer el <a href=\"https:\/\/www3.gbta.org\/e\/5572\/gbta-bios-GBTABrochure2019-pdf\/6btb5p\/2438216224?h=ArPWi14j0ospFxQ2GC2bRDwqsaiQrl_TfbPwR-HLMPg\">folleto electoral 2019<\/a> para obtener m\u00e1s informaci\u00f3n sobre cada candidato. La votaci\u00f3n se abrir\u00e1 a partir del lunes 5 de agosto a las 11:30 a. m. CT hasta el martes 6 de agosto a las 6:00 p. m. CT en la Convenci\u00f3n GBTA en McCormick Place de Chicago. Para poder votar a la vista, debe estar registrado para la Convenci\u00f3n antes del 23 de julio de 2019.<\/p>\n<p>Si no puede asistir a la Convenci\u00f3n GBTA 2019 y votar en persona o prefiere votar anticipadamente, puede solicitar una boleta de voto ausente. Conozca m\u00e1s sobre el proceso de ausencia y c\u00f3mo solicitar una boleta <a href=\"https:\/\/www3.gbta.org\/e\/5572\/ot-request-process-now-open-2-\/6btb5r\/2438216224?h=ArPWi14j0ospFxQ2GC2bRDwqsaiQrl_TfbPwR-HLMPg\">aqu\u00ed<\/a>. La fecha l\u00edmite para solicitar la boleta de voto en ausencia es el 5 de julio. La fecha l\u00edmite para presentar una boleta de voto en ausencia es el 29 de julio.<\/p>\n<p><strong><span style=\"font-family: 'Arial',sans-serif\">Actualizaciones de Canad\u00e1<\/span><\/strong><span style=\"font-size: 10.5pt;font-family: 'Arial',sans-serif\"><br \/>\nYa est\u00e1n abiertas las inscripciones para el <a href=\"https:\/\/www3.gbta.org\/e\/5572\/a-conference-2019-registration\/6btb5t\/2438216224?h=ArPWi14j0ospFxQ2GC2bRDwqsaiQrl_TfbPwR-HLMPg\">Conferencia GBTA del Oeste de Canad\u00e1 2019<\/a> que se celebrar\u00e1 los d\u00edas 16 y 17 de octubre. Ser\u00e1 nuestra primera conferencia anual en el oeste de Canad\u00e1. Anteriormente conocida como Simposio de Energ\u00eda, Recursos y Marinos, la nueva conferencia contar\u00e1 con un programa m\u00e1s amplio y amplio centrado en las distintas necesidades y econom\u00eda de esa regi\u00f3n.<\/span><\/p>\n<p><strong><span style=\"font-family: 'Arial',sans-serif\">America latina<\/span><\/strong><span style=\"font-size: 10.5pt;font-family: 'Arial',sans-serif\"><br \/>\nEn un esfuerzo por brindar la mejor informaci\u00f3n y contenido de la manera m\u00e1s eficiente, GBTA realizar\u00e1 dos eventos en Am\u00e9rica Latina en 2019 y la primera mitad de 2020: primero ser\u00e1 una conferencia en Buenos Aires el 12 de noviembre seguida por la Ciudad de M\u00e9xico en Marzo de 2020. Para m\u00e1s informaci\u00f3n sobre estos eventos, por favor <a href=\"https:\/\/www3.gbta.org\/e\/5572\/ters-and-regions-latin-america\/6btb5w\/2438216224?h=ArPWi14j0ospFxQ2GC2bRDwqsaiQrl_TfbPwR-HLMPg\">haga clic aqu\u00ed<\/a>.<\/span><\/p>\n<p><strong><span style=\"font-family: 'Arial',sans-serif\">Europa<\/span><\/strong><span style=\"font-size: 10.5pt;font-family: 'Arial',sans-serif\"><br \/>\nGBTA France Masterclass 2019 tuvo lugar la semana pasada y se est\u00e1 haciendo un nombre como EL evento para compradores y proveedores en la cadena de valor de viajes y MICE. Este evento destac\u00f3 las \u00faltimas tendencias y mejores pr\u00e1cticas, al mismo tiempo que ofreci\u00f3 una tremenda oportunidad para establecer contactos. Adem\u00e1s, ya est\u00e1 abierta la inscripci\u00f3n para <a href=\"https:\/\/www3.gbta.org\/e\/5572\/61380554-2033417558-1551282125\/6btb5y\/2438216224?h=ArPWi14j0ospFxQ2GC2bRDwqsaiQrl_TfbPwR-HLMPg\">Conferencia GBTA 2019 M\u00fanich<\/a> que se celebrar\u00e1 del 19 al 21 de noviembre.<\/span><\/p>\n<p><strong><span style=\"font-family: 'Arial',sans-serif\">Comit\u00e9s Globales<\/span><\/strong><span style=\"font-size: 10.5pt;font-family: 'Arial',sans-serif\"><br \/>\nNuestros comit\u00e9s globales trabajan juntos para crear contenido atractivo para la Convenci\u00f3n GBTA, utilizando los diversos expertos en la materia involucrados dentro del comit\u00e9, para garantizar un programa educativo completo y bien desarrollado. Puede encontrar m\u00e1s informaci\u00f3n sobre todas las sesiones educativas ofrecidas por los comit\u00e9s de GBTA durante la Convenci\u00f3n GBTA 2019. <a href=\"https:\/\/www3.gbta.org\/e\/5572\/word-search-Committee-show-all\/6btb61\/2438216224?h=ArPWi14j0ospFxQ2GC2bRDwqsaiQrl_TfbPwR-HLMPg\">aqu\u00ed<\/a>. Un gran agradecimiento a todos aquellos miembros que trabajan incansablemente para brindar a los asistentes el contenido m\u00e1s actualizado. Las ofertas educativas de GBTA son insuperables.<\/span><\/p>\n<p>Haremos m\u00e1s anuncios sobre la Convenci\u00f3n GBTA, \u00a1as\u00ed que estad atentos!<\/p>\n<p style=\"line-height: 15.0pt\"><span style=\"font-size: 10.5pt;font-family: 'Arial',sans-serif\">Espero verlos a todos en Chicago.<br \/>\n<\/span><\/p>","protected":false},"excerpt":{"rendered":"<p>*Esta publicaci\u00f3n tambi\u00e9n se envi\u00f3 como correo electr\u00f3nico a los miembros de GBTA.* Estamos en la recta final para la Convenci\u00f3n GBTA 2019 y mientras trabajamos diligentemente para asegurarnos de que esta sea la mejor Convenci\u00f3n de la historia; Todav\u00eda estamos trabajando en muchos otros proyectos. Consulte a continuaci\u00f3n una breve actualizaci\u00f3n sobre los \u00faltimos acontecimientos de GBTA\u2026.<\/p>","protected":false},"author":25,"featured_media":0,"comment_status":"open","ping_status":"open","sticky":false,"template":"","format":"standard","meta":{"_acf_changed":false,"_seopress_robots_primary_cat":"none","_seopress_titles_title":"","_seopress_titles_desc":"","_seopress_robots_index":"","om_disable_all_campaigns":false,"_relevanssi_hide_post":"","_relevanssi_hide_content":"","_relevanssi_pin_for_all":"","_relevanssi_pin_keywords":"","_relevanssi_unpin_keywords":"","_relevanssi_related_keywords":"","_relevanssi_related_include_ids":"","_relevanssi_related_exclude_ids":"","_relevanssi_related_no_append":"","_relevanssi_related_not_related":"","_relevanssi_related_posts":"4069,2091,6093,1385,2115,1963","_relevanssi_noindex_reason":"","_kad_blocks_custom_css":"","_kad_blocks_head_custom_js":"","_kad_blocks_body_custom_js":"","_kad_blocks_footer_custom_js":"","_kad_post_transparent":"","_kad_post_title":"","_kad_post_layout":"","_kad_post_sidebar_id":"","_kad_post_content_style":"","_kad_post_vertical_padding":"","_kad_post_feature":"","_kad_post_feature_position":"","_kad_post_header":false,"_kad_post_footer":false,"footnotes":"","_links_to":"","_links_to_target":""},"categories":[37],"tags":[],"class_list":["post-2151","post","type-post","status-publish","format-standard","hentry","category-research-and-travel-trends"],"acf":[],"featured_image_src_large":false,"author_info":{"display_name":"jcampbell","author_link":"https:\/\/gbta.org\/es\/author\/jcampbell\/"},"comment_info":"","category_info":[{"term_id":37,"name":"Research and Travel Trends","slug":"research-and-travel-trends","term_group":0,"term_taxonomy_id":37,"taxonomy":"category","description":"","parent":0,"count":966,"filter":"raw","cat_ID":37,"category_count":966,"category_description":"","cat_name":"Research and Travel Trends","category_nicename":"research-and-travel-trends","category_parent":0}],"tag_info":false,"taxonomy_info":{"category":[{"value":37,"label":"Research and Travel Trends"}]},"featured_image_src":null,"featured_image_src_square":null,"mfb_rest_fields":["featured_image_src_large","author_info","comment_info","category_info","tag_info","taxonomy_info","featured_image_src","featured_image_src_square"],"_links":{"self":[{"href":"https:\/\/gbta.org\/es\/wp-json\/wp\/v2\/posts\/2151","targetHints":{"allow":["GET"]}}],"collection":[{"href":"https:\/\/gbta.org\/es\/wp-json\/wp\/v2\/posts"}],"about":[{"href":"https:\/\/gbta.org\/es\/wp-json\/wp\/v2\/types\/post"}],"author":[{"embeddable":true,"href":"https:\/\/gbta.org\/es\/wp-json\/wp\/v2\/users\/25"}],"replies":[{"embeddable":true,"href":"https:\/\/gbta.org\/es\/wp-json\/wp\/v2\/comments?post=2151"}],"version-history":[{"count":0,"href":"https:\/\/gbta.org\/es\/wp-json\/wp\/v2\/posts\/2151\/revisions"}],"wp:attachment":[{"href":"https:\/\/gbta.org\/es\/wp-json\/wp\/v2\/media?parent=2151"}],"wp:term":[{"taxonomy":"category","embeddable":true,"href":"https:\/\/gbta.org\/es\/wp-json\/wp\/v2\/categories?post=2151"},{"taxonomy":"post_tag","embeddable":true,"href":"https:\/\/gbta.org\/es\/wp-json\/wp\/v2\/tags?post=2151"}],"curies":[{"name":"wp","href":"https:\/\/api.w.org\/{rel}","templated":true}]}}