{"id":2197,"date":"2019-09-09T09:59:00","date_gmt":"2019-09-09T13:59:00","guid":{"rendered":"https:\/\/gbta.org\/opening-center-stage-speaker-announced-for-gbta-western-canada-conference-2019\/"},"modified":"2022-10-01T04:40:31","modified_gmt":"2022-10-01T08:40:31","slug":"opening-center-stage-speaker-announced-for-gbta-western-canada-conference-2019","status":"publish","type":"post","link":"https:\/\/gbta.org\/es\/opening-center-stage-speaker-announced-for-gbta-western-canada-conference-2019\/","title":{"rendered":"Se anuncia el orador del escenario central de apertura para la Conferencia GBTA de Canad\u00e1 Occidental 2019"},"content":{"rendered":"<p>Alexandria, VA (9 de septiembre de 2019) \u2013 La Global Business Travel Association (GBTA), la voz de la industria global de viajes de negocios, anunci\u00f3 hoy a Edward Sims, director ejecutivo de WestJet, como el orador inaugural del escenario central en la edici\u00f3n inaugural de GBTA Western Canada. Conferencia, que se celebrar\u00e1 los d\u00edas 16 y 17 de octubre en Calgary.<\/p>\n<p>Sims subir\u00e1 al escenario la tarde del mi\u00e9rcoles 16 de octubre con el reci\u00e9n elegido presidente de GBTA, Bhart Sarin, para discutir las \u00faltimas tendencias en aviaci\u00f3n y el impacto en los viajeros de negocios y compradores de viajes en la actualidad.<\/p>\n<p>Como presidente y director ejecutivo de WestJet, Sims es responsable tanto de la direcci\u00f3n estrat\u00e9gica de la aerol\u00ednea como de sus operaciones diarias. Con m\u00e1s de 30 a\u00f1os de experiencia en la industria del turismo y la aviaci\u00f3n, en los mercados europeos y de Australasia, esta sesi\u00f3n promete brindar una visi\u00f3n de los desaf\u00edos y oportunidades en la industria a\u00e9rea.<\/p>\n<p>WestJet es una gran historia de \u00e9xito canadiense: comenz\u00f3 como una aerol\u00ednea de bajo costo y ahora ha evolucionado hasta convertirse en una aerol\u00ednea de servicio completo que presta servicio a m\u00e1s de 100 destinos\u201d, afirm\u00f3 Scott Solombrino, director ejecutivo y director de operaciones de GBTA. \u201cS\u00e9 que nuestros delegados estar\u00e1n ansiosos por escuchar m\u00e1s sobre su transformaci\u00f3n y crecimiento comercial. Espero escuchar la perspectiva de Ed sobre lo que sigue para la empresa y c\u00f3mo afectar\u00e1 el panorama de los viajes de negocios\u201d.<\/p>\n<p>La Conferencia GBTA Western Canada se llevar\u00e1 a cabo en el reci\u00e9n inaugurado Westin Calgary Airport Hotel y reunir\u00e1 a m\u00e1s de 300 profesionales de viajes de negocios de Columbia Brit\u00e1nica, Alberta, Saskatchewan y Manitoba. Esta conferencia tan esperada abordar\u00e1 las necesidades y tendencias cambiantes de la gesti\u00f3n de reuniones y viajes de negocios, exclusivas del oeste de Canad\u00e1.<\/p>\n<p>La inscripci\u00f3n de asistentes est\u00e1 abierta, reg\u00edstrese antes del 11 de septiembre para ahorrar. Para m\u00e1s detalles visita <a href=\"https:\/\/gbta.org\/es\/calendar\/programs-by-location\/north-america\/gbta-western-canada-conference-2019\/#agenda\">gbta.org.<\/a><\/p>\n<p><strong>Acerca de la Asociaci\u00f3n Global de Viajes de Negocios<br \/>\n<\/strong>La Asociaci\u00f3n Global de Viajes de Negocios (GBTA) es la principal organizaci\u00f3n comercial de viajes de negocios y reuniones del mundo con sede en el \u00e1rea de Washington, DC y operaciones en seis continentes. Los m\u00e1s de 10 000 miembros de GBTA administran anualmente m\u00e1s de $345 mil millones de viajes de negocios y reuniones globales. GBTA ofrece educaci\u00f3n, eventos, investigaci\u00f3n, defensa y medios de clase mundial a una red global en crecimiento de m\u00e1s de 28,000 profesionales de viajes y 125,000 contactos activos. Para saber c\u00f3mo los viajes de negocios impulsan el crecimiento empresarial duradero, visite&nbsp;<a href=\"https:\/\/gbta.org\/es\/Pages\/default.aspx\/\">gbta.org<\/a>.<\/p>","protected":false},"excerpt":{"rendered":"<p>Alexandria, VA (9 de septiembre de 2019) \u2013 La Global Business Travel Association (GBTA), la voz de la industria global de viajes de negocios, anunci\u00f3 hoy a Edward Sims, director ejecutivo de WestJet, como el orador inaugural del escenario central en la GBTA inaugural del Oeste de Canad\u00e1. Conferencia, que se celebrar\u00e1 los d\u00edas 16 y 17 de octubre en Calgary. Los Sims subir\u00e1n al escenario el...<\/p>","protected":false},"author":25,"featured_media":0,"comment_status":"open","ping_status":"open","sticky":false,"template":"","format":"standard","meta":{"_acf_changed":false,"_seopress_robots_primary_cat":"none","_seopress_titles_title":"","_seopress_titles_desc":"","_seopress_robots_index":"","om_disable_all_campaigns":false,"_relevanssi_hide_post":"","_relevanssi_hide_content":"","_relevanssi_pin_for_all":"","_relevanssi_pin_keywords":"","_relevanssi_unpin_keywords":"","_relevanssi_related_keywords":"","_relevanssi_related_include_ids":"","_relevanssi_related_exclude_ids":"","_relevanssi_related_no_append":"","_relevanssi_related_not_related":"","_relevanssi_related_posts":"4069,2509,6093,1775,1797,2480","_relevanssi_noindex_reason":"","_kad_blocks_custom_css":"","_kad_blocks_head_custom_js":"","_kad_blocks_body_custom_js":"","_kad_blocks_footer_custom_js":"","_kad_post_transparent":"","_kad_post_title":"","_kad_post_layout":"","_kad_post_sidebar_id":"","_kad_post_content_style":"","_kad_post_vertical_padding":"","_kad_post_feature":"","_kad_post_feature_position":"","_kad_post_header":false,"_kad_post_footer":false,"footnotes":"","_links_to":"","_links_to_target":""},"categories":[375,45],"tags":[],"class_list":["post-2197","post","type-post","status-publish","format-standard","hentry","category-canada","category-news-and-press-releases"],"acf":[],"featured_image_src_large":false,"author_info":{"display_name":"jcampbell","author_link":"https:\/\/gbta.org\/es\/author\/jcampbell\/"},"comment_info":"","category_info":[{"term_id":375,"name":"Canada","slug":"canada","term_group":0,"term_taxonomy_id":375,"taxonomy":"category","description":"","parent":0,"count":61,"filter":"raw","cat_ID":375,"category_count":61,"category_description":"","cat_name":"Canada","category_nicename":"canada","category_parent":0},{"term_id":45,"name":"News and Press Releases","slug":"news-and-press-releases","term_group":0,"term_taxonomy_id":45,"taxonomy":"category","description":"","parent":0,"count":540,"filter":"raw","cat_ID":45,"category_count":540,"category_description":"","cat_name":"News and Press Releases","category_nicename":"news-and-press-releases","category_parent":0}],"tag_info":false,"taxonomy_info":{"category":[{"value":375,"label":"Canada"},{"value":45,"label":"News and Press Releases"}]},"featured_image_src":null,"featured_image_src_square":null,"mfb_rest_fields":["featured_image_src_large","author_info","comment_info","category_info","tag_info","taxonomy_info","featured_image_src","featured_image_src_square"],"_links":{"self":[{"href":"https:\/\/gbta.org\/es\/wp-json\/wp\/v2\/posts\/2197","targetHints":{"allow":["GET"]}}],"collection":[{"href":"https:\/\/gbta.org\/es\/wp-json\/wp\/v2\/posts"}],"about":[{"href":"https:\/\/gbta.org\/es\/wp-json\/wp\/v2\/types\/post"}],"author":[{"embeddable":true,"href":"https:\/\/gbta.org\/es\/wp-json\/wp\/v2\/users\/25"}],"replies":[{"embeddable":true,"href":"https:\/\/gbta.org\/es\/wp-json\/wp\/v2\/comments?post=2197"}],"version-history":[{"count":0,"href":"https:\/\/gbta.org\/es\/wp-json\/wp\/v2\/posts\/2197\/revisions"}],"wp:attachment":[{"href":"https:\/\/gbta.org\/es\/wp-json\/wp\/v2\/media?parent=2197"}],"wp:term":[{"taxonomy":"category","embeddable":true,"href":"https:\/\/gbta.org\/es\/wp-json\/wp\/v2\/categories?post=2197"},{"taxonomy":"post_tag","embeddable":true,"href":"https:\/\/gbta.org\/es\/wp-json\/wp\/v2\/tags?post=2197"}],"curies":[{"name":"wp","href":"https:\/\/api.w.org\/{rel}","templated":true}]}}