{"id":2458,"date":"2021-02-12T10:00:00","date_gmt":"2021-02-12T15:00:00","guid":{"rendered":"https:\/\/gbta.org\/gbta-and-vdr-to-host-joint-conference-reconnecting-the-industry-in-wiesbaden-13-15-october\/"},"modified":"2022-09-30T11:13:06","modified_gmt":"2022-09-30T15:13:06","slug":"gbta-and-vdr-to-host-joint-conference-reconnecting-the-industry-in-wiesbaden-13-15-october","status":"publish","type":"post","link":"https:\/\/gbta.org\/es\/gbta-and-vdr-to-host-joint-conference-reconnecting-the-industry-in-wiesbaden-13-15-october\/","title":{"rendered":"GBTA y VDR organizar\u00e1n una conferencia conjunta Reconectando la industria en Wiesbaden, del 13 al 15 de octubre"},"content":{"rendered":"<p>Londres, Inglaterra (12 de febrero de 2021) \u2013 La Global Business Travel Association (GBTA), la asociaci\u00f3n de viajes de negocios m\u00e1s grande del mundo, se complace en anunciar su Conferencia Europea 2021, en asociaci\u00f3n con VDR.<\/p>\n<p>&nbsp;<\/p>\n<p>La conferencia europea conjunta que tendr\u00e1 lugar este a\u00f1o en Wiesbaden, del 13 al 15 de octubre, reunir\u00e1 a la industria de toda Europa y m\u00e1s all\u00e1.<\/p>\n<p>&nbsp;<\/p>\n<p>\u201cVDR est\u00e1 encantado de asociarse con GBTA una vez m\u00e1s para albergar la conferencia de viajes de negocios m\u00e1s grande de Europa y esperamos trabajar en asociaci\u00f3n para volver a unir a la industria. Los desaf\u00edos de toda la industria son mayores que nunca y queremos satisfacer la creciente necesidad de transferencia de conocimientos personales y networking con nuestro evento\u201d. dijo Hans-Ingo Biehl, VDR.<\/p>\n<p>&nbsp;<\/p>\n<p>&quot;Esta es una gran noticia para nuestra industria y estoy encantada de que VDR haya reafirmado su intenci\u00f3n de asociarse una vez m\u00e1s para la Conferencia Europea GBTA-VDR&quot;, afirm\u00f3 Catherine Logan, vicepresidenta regional de GBTA en Europa. \u201cGBTA ha introducido una serie de cambios significativos en los \u00faltimos seis meses para garantizar que tengamos una asociaci\u00f3n industrial adecuada para su prop\u00f3sito con influencia a nivel regional y global. Hemos introducido la representaci\u00f3n internacional en el Consejo de Administraci\u00f3n, con el nombramiento de los presidentes de Europa; Consejos Asesores de LATAM y Canad\u00e1; hemos impulsado una revisi\u00f3n global de los estatutos de las asociaciones y la integraci\u00f3n de ACTE, adem\u00e1s de la inminente conclusi\u00f3n de la b\u00fasqueda inclusiva y transparente del nuevo Director Ejecutivo\u201d.<\/p>\n<p>&nbsp;<\/p>\n<p>Logan agreg\u00f3: \u201cEspero trabajar con VDR, nuestros otros socios y voluntarios, para ofrecer una conferencia que brindar\u00e1 a nuestros asistentes un nuevo manual para un mundo nuevo bajo el tema de nuestra conferencia, Ready. Seguro. Viajar.&quot;<\/p>\n<p>&nbsp;<\/p>\n<p><strong>CONTACTO:&nbsp;&nbsp;&nbsp;&nbsp;&nbsp;&nbsp;&nbsp;&nbsp;&nbsp;&nbsp;&nbsp;&nbsp;&nbsp;&nbsp;&nbsp;&nbsp;&nbsp;<\/strong><\/p>\n<p>Nikki Stimson (EMEA), +44(0) 7764 618199, <a href=\"mailto:nstimson@gbta.org\"><u>nstimson@gbta.org<\/u>&nbsp;<\/a><\/p>\n<p>&nbsp;<\/p>\n<p><strong>Acerca de la Asociaci\u00f3n Global de Viajes de Negocios<\/strong><\/p>\n<p>La Global Business Travel Association (GBTA) es la principal organizaci\u00f3n comercial de viajes de negocios y reuniones del mundo con sede en el \u00e1rea de Washington, DC y operaciones en seis continentes. Los m\u00e1s de 9.000 miembros de GBTA gestionan anualmente m\u00e1s de $345 mil millones en gastos globales de viajes y reuniones de negocios. GBTA y la Fundaci\u00f3n GBTA ofrecen educaci\u00f3n, eventos, investigaci\u00f3n, promoci\u00f3n y medios de primer nivel a una creciente red global de m\u00e1s de 28.000 profesionales de viajes y 125.000 contactos activos. Para saber c\u00f3mo los viajes de negocios impulsan un crecimiento empresarial duradero, visite <a href=\"https:\/\/gbta.org\/es\/\">www.gbta.org<\/a>.<\/p>","protected":false},"excerpt":{"rendered":"<p>Londres, Inglaterra (12 de febrero de 2021) \u2013 La Global Business Travel Association (GBTA), la asociaci\u00f3n de viajes de negocios m\u00e1s grande del mundo, se complace en anunciar su Conferencia Europea 2021, en asociaci\u00f3n con VDR. La conferencia europea conjunta que tendr\u00e1 lugar este a\u00f1o en Wiesbaden, del 13 al 15 de octubre, reunir\u00e1 a la industria de toda Europa y m\u00e1s all\u00e1. \u2026<\/p>","protected":false},"author":25,"featured_media":0,"comment_status":"open","ping_status":"open","sticky":false,"template":"","format":"standard","meta":{"_acf_changed":false,"_seopress_robots_primary_cat":"none","_seopress_titles_title":"","_seopress_titles_desc":"","_seopress_robots_index":"","om_disable_all_campaigns":false,"_relevanssi_hide_post":"","_relevanssi_hide_content":"","_relevanssi_pin_for_all":"","_relevanssi_pin_keywords":"","_relevanssi_unpin_keywords":"","_relevanssi_related_keywords":"","_relevanssi_related_include_ids":"","_relevanssi_related_exclude_ids":"","_relevanssi_related_no_append":"","_relevanssi_related_not_related":"","_relevanssi_related_posts":"6093,4069,2474,2460,2463,2509","_relevanssi_noindex_reason":"","_kad_blocks_custom_css":"","_kad_blocks_head_custom_js":"","_kad_blocks_body_custom_js":"","_kad_blocks_footer_custom_js":"","_kad_post_transparent":"","_kad_post_title":"","_kad_post_layout":"","_kad_post_sidebar_id":"","_kad_post_content_style":"","_kad_post_vertical_padding":"","_kad_post_feature":"","_kad_post_feature_position":"","_kad_post_header":false,"_kad_post_footer":false,"footnotes":"","_links_to":"","_links_to_target":""},"categories":[37],"tags":[],"class_list":["post-2458","post","type-post","status-publish","format-standard","hentry","category-research-and-travel-trends"],"acf":[],"featured_image_src_large":false,"author_info":{"display_name":"jcampbell","author_link":"https:\/\/gbta.org\/es\/author\/jcampbell\/"},"comment_info":"","category_info":[{"term_id":37,"name":"Research and Travel Trends","slug":"research-and-travel-trends","term_group":0,"term_taxonomy_id":37,"taxonomy":"category","description":"","parent":0,"count":966,"filter":"raw","cat_ID":37,"category_count":966,"category_description":"","cat_name":"Research and Travel Trends","category_nicename":"research-and-travel-trends","category_parent":0}],"tag_info":false,"taxonomy_info":{"category":[{"value":37,"label":"Research and Travel Trends"}]},"featured_image_src":null,"featured_image_src_square":null,"mfb_rest_fields":["featured_image_src_large","author_info","comment_info","category_info","tag_info","taxonomy_info","featured_image_src","featured_image_src_square"],"_links":{"self":[{"href":"https:\/\/gbta.org\/es\/wp-json\/wp\/v2\/posts\/2458","targetHints":{"allow":["GET"]}}],"collection":[{"href":"https:\/\/gbta.org\/es\/wp-json\/wp\/v2\/posts"}],"about":[{"href":"https:\/\/gbta.org\/es\/wp-json\/wp\/v2\/types\/post"}],"author":[{"embeddable":true,"href":"https:\/\/gbta.org\/es\/wp-json\/wp\/v2\/users\/25"}],"replies":[{"embeddable":true,"href":"https:\/\/gbta.org\/es\/wp-json\/wp\/v2\/comments?post=2458"}],"version-history":[{"count":0,"href":"https:\/\/gbta.org\/es\/wp-json\/wp\/v2\/posts\/2458\/revisions"}],"wp:attachment":[{"href":"https:\/\/gbta.org\/es\/wp-json\/wp\/v2\/media?parent=2458"}],"wp:term":[{"taxonomy":"category","embeddable":true,"href":"https:\/\/gbta.org\/es\/wp-json\/wp\/v2\/categories?post=2458"},{"taxonomy":"post_tag","embeddable":true,"href":"https:\/\/gbta.org\/es\/wp-json\/wp\/v2\/tags?post=2458"}],"curies":[{"name":"wp","href":"https:\/\/api.w.org\/{rel}","templated":true}]}}