{"id":2496,"date":"2021-03-24T10:00:00","date_gmt":"2021-03-24T14:00:00","guid":{"rendered":"https:\/\/gbta.org\/daily-news-brief-march-24-2021\/"},"modified":"2022-09-30T10:22:48","modified_gmt":"2022-09-30T14:22:48","slug":"daily-news-brief-march-24-2021","status":"publish","type":"post","link":"https:\/\/gbta.org\/es\/daily-news-brief-march-24-2021\/","title":{"rendered":"Resumen de noticias diario \u2013 24 de marzo de 2021"},"content":{"rendered":"<p>Las aerol\u00edneas estadounidenses y m\u00e1s de dos docenas de otros grupos industriales instaron el lunes a la administraci\u00f3n Biden a elaborar un plan para mayo para levantar las restricciones a los viajes internacionales, incluidas las normas sobre pasaportes de vacunas digitales, despu\u00e9s de que los viajes transfronterizos fueran devastados en el <a href=\"https:\/\/www.cnbc.com\/2021\/03\/22\/covid-live-updates.html\">Pandemia de COVID-19<\/a>.<\/p>\n<p>Airlines for America, que representa a las principales aerol\u00edneas estadounidenses como <a href=\"https:\/\/www.cnbc.com\/quotes\/AAL\">Americano<\/a>, <a href=\"https:\/\/www.cnbc.com\/quotes\/UAL\">Unido<\/a>, <a href=\"https:\/\/www.cnbc.com\/quotes\/LUV\">Sur oeste<\/a> y otros, enviaron una carta a Jeffrey Zients, coordinador del equipo de respuesta al Covid-19 de la Casa Blanca, diciendo que las directrices deber\u00edan eximir a las personas vacunadas de las normas internacionales de pruebas.<\/p>\n<p>Entre otras recomendaciones, los grupos pidieron que los Centros para el Control y la Prevenci\u00f3n de Enfermedades actualicen sus directrices para decir que las personas vacunadas pueden viajar de forma segura, seg\u00fan una copia de la carta vista por CNBC.<\/p>\n<p>\u201cPara ser claros, en este momento, no apoyamos la eliminaci\u00f3n o flexibilizaci\u00f3n de protecciones b\u00e1sicas de salud p\u00fablica, como el mandato de m\u00e1scara universal, el requisito de pruebas internacionales de entrada, el distanciamiento f\u00edsico u otras medidas que han hecho que los viajes sean m\u00e1s seguros y hayan reducido la transmisi\u00f3n del virus. \u201d, dec\u00eda la carta, que tambi\u00e9n fue firmada por la C\u00e1mara de Comercio de Estados Unidos, el mayor sindicato de asistentes de vuelo y otros grupos industriales. &quot;Sin embargo, los datos y la ciencia demuestran que ahora existen las medidas de salud p\u00fablica adecuadas para mitigar eficazmente el riesgo y permitir la eliminaci\u00f3n segura de las restricciones de entrada&quot;.<\/p>\n<p><a href=\"https:\/\/www.cnbc.com\/2021\/03\/22\/airlines-travel-groups-urge-white-house-for-plan-to-lift-international-covid-19-travel-restrictions.html\">Leer m\u00e1s &gt;&gt;<\/a><\/p>\n<p>&nbsp;<\/p>\n<p><span class=\"font-13\"><strong>Noticias sobre COVID-19<\/strong><\/span><\/p>\n<p><a href=\"https:\/\/www3.nhk.or.jp\/nhkworld\/en\/news\/20210323_03\/\" target=\"_blank\" rel=\"noopener\">Los fabricantes de vacunas de Jap\u00f3n inician ensayos cl\u00ednicos<\/a> <em>(NKH)<\/em><\/p>\n<p><a href=\"https:\/\/www.wsj.com\/livecoverage\/covid-2021-03-24\" target=\"_blank\" rel=\"noopener\">Actualizaciones en vivo sobre el coronavirus: m\u00e1s de 251 TP3T de EE. UU. han recibido una dosis de vacuna<\/a> <em>(EL PERIODICO DE WALL STREET)<\/em><\/p>\n<p><a href=\"https:\/\/www.losangelesblade.com\/2021\/03\/22\/covid-19-cases-decline-as-vaccinations-increase\/\" target=\"_blank\" rel=\"noopener\">Los \u00c1ngeles: Los casos de COVID-19 disminuyen a medida que aumentan las vacunas<\/a> <em>(HOJA DE LOS \u00c1NGELES)<\/em><\/p>\n<p>&nbsp;<\/p>\n<p><span class=\"font-13\"><strong>Foco de la industria<\/strong><\/span><\/p>\n<p><strong>No pierda la oportunidad de conocer a Suzanne Neufang, directora ejecutiva de GBTA <\/strong><br \/>\n<strong>\u00a1La gira de escucha virtual contin\u00faa esta semana!<\/strong><\/p>\n<p>Suzanne Neufang, nueva directora ejecutiva de GBTA, comienza su nuevo rol escuch\u00e1ndolos y comunic\u00e1ndose con ustedes: nuestros miembros, l\u00edderes de la industria, proveedores y patrocinadores. Durante este recorrido de escucha, Suzanne brindar\u00e1 una descripci\u00f3n general de sus antecedentes, compartir\u00e1 su visi\u00f3n futura para GBTA y responder\u00e1 sus preguntas y comentarios. Los asistentes tendr\u00e1n la oportunidad de enviar preguntas antes de la reuni\u00f3n.<\/p>\n<p>Reg\u00edstrese hoy para conocer a Suzanne en uno de estos pr\u00f3ximos eventos:<\/p>\n<p>&nbsp;<\/p>\n<p><strong><u>Estados Unidos<\/u><\/strong><\/p>\n<p><strong>Gira de escucha por la regi\u00f3n del Medio Oeste de EE. UU.<\/strong><br \/>\nHoy | 3:00 p.m. a 4:00 p.m. hora del Este<br \/>\n<a href=\"https:\/\/gbta.org\/es\/calendar\/all-programs\/eventid\/1122\/e\/us-midwest-region-listening-tour-with-gbtas-ceoexecutive-director-suzanne-neufang-24-mar-2021\/\">Reg\u00edstrese ahora &gt;&gt;<\/a><\/p>\n<p><strong>Gira de escucha por la regi\u00f3n oeste de EE. UU.<\/strong><br \/>\nMa\u00f1ana | 3:00 p.m. a 4:00 p.m. hora del Este<br \/>\n<a href=\"https:\/\/gbta.org\/es\/calendar\/all-programs\/eventid\/1123\/e\/us-west-region-listening-tour-with-gbtas-ceoexecutive-director-suzanne-neufang-25-mar-2021\/\">Reg\u00edstrese ahora &gt;&gt;<\/a><\/p>\n<p><strong><u>America latina<\/u><\/strong><\/p>\n<p><strong>Ayuntamiento de GBTA LATAM \/ Gira de escucha y \u00faltimos resultados de BTI\u2122 Outlook<\/strong><br \/>\nMa\u00f1ana | 9:00 a.m. \u2013 10:00 a.m. MEX<br \/>\n<a href=\"https:\/\/gbta.org\/es\/calendar\/all-programs\/eventid\/1103\/e\/foro-gbta-america-latina-25-mar-2021\/\">Reg\u00edstrese ahora &gt;&gt;<\/a><\/p>\n<p><strong><u>Canad\u00e1<\/u><\/strong><\/p>\n<p><strong>Gira de escucha del este de Canad\u00e1<\/strong><br \/>\n29 de marzo | 2:00 p. m. a 3:00 p. m. hora del Este<br \/>\n<a href=\"https:\/\/gbta.org\/es\/calendar\/all-programs\/eventid\/1126\/e\/eastern-canada-listening-tour-with-gbtas-ceoexecutive-director-suzanne-neufang-29-mar-2021\/\">Reg\u00edstrese ahora &gt;&gt;<\/a><\/p>\n<p><strong>Gira de escucha del oeste de Canad\u00e1<\/strong><br \/>\n31 de marzo | 1:00 p.m. \u2013 2:00 p.m. EST<br \/>\n<a href=\"https:\/\/gbta.org\/es\/calendar\/all-programs\/eventid\/1127\/e\/western-canada-listening-tour-with-gbtas-ceoexecutive-director-suzanne-neufang-31-mar-2021\/\">Reg\u00edstrese ahora &gt;&gt;<\/a><\/p>\n<p>&nbsp;<\/p>\n<p><span class=\"font-13\"><strong>Convenci\u00f3n GBTA 2021<\/strong><\/span><\/p>\n<p><strong>Convocatoria de voluntarios <\/strong><br \/>\n<strong>Solicite hoy para convertirse en embajador de la convenci\u00f3n GBTA<\/strong><\/p>\n<p>GBTA est\u00e1 buscando 50 miembros para que cada uno de ellos sirva 8 horas durante la Convenci\u00f3n 2021 como Embajador de la Convenci\u00f3n. Todos los Embajadores recibir\u00e1n una tarifa de registro preferencial de $150 para asistir a la Convenci\u00f3n GBTA 2021. Las solicitudes de Embajadores de la Convenci\u00f3n se aceptar\u00e1n a trav\u00e9s de <strong>este viernes 26 de marzo<\/strong>y los anuncios de selecci\u00f3n finales se publicar\u00e1n en abril.<\/p>\n<p><a href=\"https:\/\/convention.gbta.org\/About\/Ambassador-GBTA-Convention-2021\">M\u00e1s informaci\u00f3n &gt;&gt;<\/a><\/p>\n<p>&nbsp;<\/p>\n<p><span class=\"font-13\"><strong>Seminario web de la industria<\/strong><\/span><\/p>\n<p><strong>Escuche a los expertos en aviaci\u00f3n en el nuevo seminario web de la pr\u00f3xima semana: <\/strong><br \/>\n<strong>Mesa redonda sobre seguridad nacional: El futuro de los viajes despu\u00e9s del COVID-19<\/strong><\/p>\n<p>Martes 30 de marzo | 2:00 p. m. a 3:00 p. m. hora del Este<\/p>\n<p>\u00danase a nosotros para una conversaci\u00f3n interactiva con expertos en aviaci\u00f3n mientras exploran las pol\u00edticas y programas necesarios para recuperar la confianza del p\u00fablico viajero. Los oradores compartir\u00e1n sus perspectivas \u00fanicas sobre c\u00f3mo crecer\u00e1 la industria de la aviaci\u00f3n a partir de la pandemia de COVID-19 y aprovechar\u00e1n las oportunidades innovadoras que le esperan a la industria, impulsando el futuro de una experiencia de viaje sin contacto.<\/p>\n<p><a href=\"https:\/\/gbta.org\/es\/calendar\/all-programs\/eventid\/1114\/e\/national-security-roundtable-the-future-of-travel-post-covid-19-30-mar-2021\/\">Reg\u00edstrese ahora &gt;&gt;<\/a><\/p>\n<p>&nbsp;<\/p>\n<p><span class=\"font-13\"><strong>Bolsa de trabajo<\/strong><\/span><\/p>\n<p><strong>Publicaciones de trabajos de viajes de negocios<\/strong><\/p>\n<p><strong>Agente de viajes<\/strong><br \/>\nCiudad de Taguig, Filipinas<br \/>\n<a href=\"https:\/\/jobs.gbta.org\/job\/travel-consultant\/55838130\/\"><strong>M\u00e1s informaci\u00f3n &gt;&gt; <\/strong><\/a><\/p>\n<p><strong>Director, Operaciones de Viajes Globales<\/strong><br \/>\nRocklin, California, Estados Unidos<br \/>\n<a href=\"https:\/\/jobs.gbta.org\/jobs\/view\/director-global-travel-operations\/ba5122c0-15861037687\/\"><strong>M\u00e1s informaci\u00f3n &gt;&gt; <\/strong><\/a><\/p>\n<p><strong>Director, Experiencia de Viajes Empresariales <\/strong><br \/>\nDallas, Texas, Estados Unidos<br \/>\n<a href=\"https:\/\/jobs.gbta.org\/job\/director-enterprise-travel-experience\/ba5122c0-15824619318\/\"><strong>M\u00e1s informaci\u00f3n &gt;&gt; <\/strong><\/a><\/p>\n<p><strong>Director, Gesti\u00f3n Global de Riesgos de Viajes<\/strong><br \/>\nHenrietta, Nueva York, Estados Unidos<br \/>\n<a href=\"https:\/\/jobs.gbta.org\/jobs\/view\/director-global-travel-risk-management\/ba5122c0-15750596693\/\"><strong>M\u00e1s informaci\u00f3n &gt;&gt; <\/strong><\/a><\/p>\n<p>&nbsp;<\/p>\n<p><strong>\u00bfSu empresa est\u00e1 contratando?<\/strong><\/p>\n<div align=\"left\">\n<p>Utilice el Centro de Carreras de GBTA para publicar sus ofertas de trabajo en viajes de negocios y acceda a miles de profesionales calificados de la industria que buscan dar el siguiente paso en su carrera.<\/p>\n<p><a href=\"https:\/\/jobs.gbta.org\/employer\/pricing\/?extre=1&amp;utm_source=DNB&amp;utm_medium=email&amp;utm_term=jobs&amp;utm_campaign=jobboard\"><strong>Empezar &gt;&gt; <\/strong><\/a><\/p>\n<\/div>\n<p>&nbsp;<\/p>\n<p><span class=\"font-13\"><strong>Noticias de la industria de tendencias<\/strong><\/span><\/p>\n<p><strong>Historia sobresaliente<\/strong><\/p>\n<p><a href=\"https:\/\/www.hotelbusiness.com\/survey-reveals-impact-of-lack-of-business-travel\/\" target=\"_blank\" rel=\"noopener\">Una encuesta revela el impacto de la falta de viajes de negocios <\/a> <em>(NEGOCIO HOTELERO)<\/em><\/p>\n<p><strong>Noticias de la industria de la aviaci\u00f3n<\/strong><\/p>\n<p><a href=\"https:\/\/www.lexology.com\/library\/detail.aspx?g=768085de-cc8c-4b32-b87b-15bf28da4580\" target=\"_blank\" rel=\"noopener\">Las aerol\u00edneas y los contratistas de aviaci\u00f3n recibir\u00e1n $15 mil millones adicionales en virtud de la Ley del Plan de Rescate <\/a> <em>(LEXOLOG\u00cdA)<\/em><\/p>\n<p><a href=\"https:\/\/www.theguardian.com\/world\/2021\/mar\/23\/greece-to-accept-test-flights-from-uk-next-month-says-minister\" target=\"_blank\" rel=\"noopener\">Grecia y Espa\u00f1a aliviar\u00e1n las restricciones a los vuelos procedentes del Reino Unido<\/a> <em>(EL GUARDI\u00c1N)<\/em><\/p>\n<p><a href=\"https:\/\/www.businessinsider.com\/southwest-bringing-back-in-flight-drinks-normal-boarding-procedure-2021-3\" target=\"_blank\" rel=\"noopener\">Southwest est\u00e1 volviendo a su pol\u00edtica de embarque normal y recuperando las comodidades a bordo favoritas de los fan\u00e1ticos<\/a> <em>(BUSINESS INSIDER)<\/em><\/p>\n<p><a href=\"https:\/\/facilityexecutive.com\/2021\/03\/airlines-approve-restart-of-pittsburgh-international-airport-terminal-project\/\" target=\"_blank\" rel=\"noopener\">Aerol\u00edneas aprueban reinicio del proyecto de terminal del aeropuerto internacional de Pittsburgh<\/a> <em>(EJECUTIVO DE INSTALACIONES)<\/em><\/p>\n<p><a href=\"https:\/\/thepointsguy.com\/news\/united-adds-more-hawaii-flights\/\" target=\"_blank\" rel=\"noopener\">United Airlines impulsa 4 rutas a Haw\u00e1i, incluidos los buques insignia m\u00e1s nuevos<\/a> <em>(EL CHICO DE LOS PUNTOS)<\/em><\/p>\n<p><strong>Noticias de la industria hotelera<\/strong><\/p>\n<p><a href=\"https:\/\/www.hospitalitynet.org\/panel\/125000093.html\" target=\"_blank\" rel=\"noopener\">Experiencia del hu\u00e9sped post-COVID: \u00bfC\u00f3mo pueden los hoteles mantener un toque personal?<\/a> <em>(RED DE HOSPITALIDAD)<\/em><\/p>\n<p><strong>M\u00e1s noticias de la industria<\/strong><\/p>\n<p><a href=\"https:\/\/www.hospitalitynet.org\/news\/4103597.html\" target=\"_blank\" rel=\"noopener\">Los pasaportes digitales de vacunas deben unificarse para fortalecer la recuperaci\u00f3n de los viajes internacionales, dice GlobalData<\/a> <em>(RED DE HOSPITALIDAD)<\/em><\/p>\n<p><a href=\"https:\/\/www.4hoteliers.com\/news\/story\/21237\" target=\"_blank\" rel=\"noopener\">\u00bfQu\u00e9 pa\u00edses se est\u00e1n abriendo a los viajeros vacunados?<\/a> <em>(4HOTELEROS)<\/em><\/p>\n<p>&nbsp;<\/p>\n<p><strong>\u00a1Aseg\u00farate de seguirnos en las redes sociales! <\/strong><\/p>\n<p>&nbsp;<\/p>\n<p><span class=\"font-13\"><strong>Pr\u00f3ximos Eventos<\/strong><\/span><\/p>\n<p><strong>Mesa redonda sobre seguridad nacional: El futuro de los viajes despu\u00e9s del COVID-19<\/strong><br \/>\n30 de marzo | 2:00 p.m.EDT<br \/>\n<a href=\"https:\/\/gbta.org\/es\/calendar\/all-programs\/eventid\/1114\/e\/national_security_roundtable_the_future_of_travel_post_covid-19-30-03-2021\/\">M\u00e1s informaci\u00f3n &gt;&gt;<\/a><\/p>\n<p><strong>Ayuntamiento de GBTA Canad\u00e1<\/strong><br \/>\n7 de abril | 14:00 EDT<br \/>\n<a href=\"https:\/\/gbta.org\/es\/calendar\/all-programs\/eventid\/1102\/e\/gbta-canada-town-hall-7-apr-2021\/\">M\u00e1s informaci\u00f3n &gt;&gt;<\/a><\/p>\n<p><strong>Career Builder de GBTA en asociaci\u00f3n con la Dra. Lucy Rattrie<\/strong><br \/>\n12 de Abril<br \/>\n<a href=\"https:\/\/gbta.org\/es\/calendar\/all-programs\/eventid\/1124\/e\/career-builder-from-gbta-in-partnership-with-dr-lucy-rattrie-12-apr-2021\/\">M\u00e1s informaci\u00f3n &gt;&gt;<\/a><\/p>\n<p><strong>Ayuntamiento de GBTA Europa<\/strong><br \/>\n15 de abril | 14:00 GMT<br \/>\n<a href=\"https:\/\/gbta.org\/es\/calendar\/all-programs\/eventid\/1099\/e\/gbta-europe-town-hall-15-apr-2021\/\">M\u00e1s informaci\u00f3n &gt;&gt;<\/a><\/p>\n<p>&nbsp;<\/p>\n<p><span class=\"font-13\"><strong>&nbsp;Resumen de inteligencia de WorldAware<\/strong><\/span><\/p>\n<p><a href=\"https:\/\/hub.gbta.org\/ijetdailybriefing\" target=\"_blank\" rel=\"noopener\">Australia \u2013 El clima adverso contin\u00faa afectando las zonas orientales del pa\u00eds<\/a><\/p>\n<p><a href=\"https:\/\/hub.gbta.org\/ijetdailybriefing\" target=\"_blank\" rel=\"noopener\">India \u2013 La Confederaci\u00f3n de Todos los Comerciantes de la India convoca a protestas en todos los distritos del pa\u00eds<\/a><\/p>\n<p><a href=\"https:\/\/hub.gbta.org\/ijetdailybriefing\" target=\"_blank\" rel=\"noopener\">Italia \u2013 Los trabajadores del transporte p\u00fablico har\u00e1n huelga en todo el pa\u00eds<\/a><\/p>\n<p><a href=\"https:\/\/hub.gbta.org\/ijetdailybriefing\" target=\"_blank\" rel=\"noopener\">Espa\u00f1a \u2013 Las autoridades sanitarias levantar\u00e1n la prohibici\u00f3n de viajar relacionada con la COVID-19 para los viajeros del Reino Unido<\/a><\/p>\n<p><a href=\"https:\/\/hub.gbta.org\/ijetdailybriefing\" target=\"_blank\" rel=\"noopener\">Estados Unidos: pron\u00f3stico de fuertes lluvias, fuertes vientos, granizo y posibles inundaciones en las zonas este y sur del pa\u00eds<\/a><\/p>\n<p><a href=\"https:\/\/hub.gbta.org\/ijetdailybriefing\" target=\"_blank\" rel=\"noopener\">Estados Unidos \u2013 Los funcionarios de California contin\u00faan flexibilizando las restricciones en condados adicionales debido a la disminuci\u00f3n de la actividad de COVID-19<\/a><\/p>\n<p>&nbsp;<\/p>\n<p><span class=\"font-13\"><strong>Recursos COVID-19<\/strong><\/span><\/p>\n<p><strong>Centros para el Control y la Prevenci\u00f3n de Enfermedades (CDC)<\/strong><\/p>\n<ul>\n<li><a href=\"https:\/\/www.cdc.gov\/coronavirus\/2019-ncov\/whats-new-all.html\">Panel de CDC<\/a><\/li>\n<\/ul>\n<p><strong>Administraci\u00f3n de Seguridad del Transporte (TSA)<\/strong><\/p>\n<ul>\n<li><a href=\"https:\/\/www.tsa.gov\/news\/press\/releases\/2020\/05\/21\/tsa-prepared-summer-travelers-updated-security-procedures\">Descripci\u00f3n general de \u201cMant\u00e9ngase saludable. Mant\u00e9ngase seguro\u201d. Campa\u00f1a<\/a><\/li>\n<\/ul>\n<p><strong>Informaci\u00f3n de la visa<\/strong><\/p>\n<ul>\n<li><a href=\"https:\/\/cibtvisas.com\/coronavirus-travel-and-immigration-disruption?utm_source=GBTA&amp;utm_medium=email&amp;utm_campaign=covid-19-blog\">CIBTvisas COVID-19 Gu\u00eda de Viajes e Inmigraci\u00f3n<\/a><\/li>\n<li><a href=\"https:\/\/cibtvisas.com\/health-requirements?utm_source=GBTA&amp;utm_medium=email&amp;utm_campaign=entry-guide\">Gu\u00eda de ingreso al CIBT<\/a><\/li>\n<\/ul>\n<p><a href=\"https:\/\/gbta.org\/es\/news-advocacy\/gbta-statement-on-coronavirus-resources\/#resources\">Ver recursos adicionales &gt;&gt;<\/a><\/p>\n<p>&nbsp;<\/p>\n<p><strong>\u00bfSe le reenvi\u00f3 este correo electr\u00f3nico? Por favor <\/strong> <a href=\"https:\/\/www3.gbta.org\/l\/5572\/2019-12-03\/6dbnwn\"><strong>Reg\u00edstrese para recibir correos electr\u00f3nicos GBTA<\/strong><\/a><strong>.<\/strong><\/p>\n<p><a href=\"https:\/\/www3.gbta.org\/l\/5572\/2020-01-13\/6dkck2\"><strong>\u00bfNo es un miembro? \u00a1\u00danete hoy!<\/strong><\/a><\/p>\n<p><a href=\"mailto:sponsor@gbta.org?subject=Daily News Brief Sponsorship Inquiry\"><strong>Anunciar<\/strong><\/a> | <a href=\"https:\/\/www3.gbta.org\/l\/5572\/2020-02-26\/6dz679\"><strong>Anunciar un trabajo<\/strong><\/a> | <a href=\"https:\/\/form.jotform.com\/210465495941158\"><strong>C\u00f3mo <em>C<\/em>GBTA ayuda a resolver los desaf\u00edos de su industria?<\/strong><\/a><\/p>\n<p><strong>Asociaci\u00f3n mundial de viajes de negocios<\/strong><br \/>\n1101 King Street, Suite 500, Alexandria, VA 22314, EE. UU.<br \/>\ntel\u00e9fono: +1 703 684 0836 | web: <a href=\"https:\/\/gbta.org\/es\/\">gbta.org<\/a><\/p>\n<p><a href=\"https:\/\/preview.pardot.com\/email\/showHtmlMessage\/id\/{{{EmailPreferenceCenter_1773}}}\">Actualice sus preferencias de correo electr\u00f3nico GBTA<\/a><br \/>\n<em>Copyright \u00a9 2021, Todos los derechos reservados.<\/em><\/p>\n<p>&nbsp;<\/p>","protected":false},"excerpt":{"rendered":"<p>Las aerol\u00edneas estadounidenses y m\u00e1s de dos docenas de otros grupos industriales instaron el lunes a la administraci\u00f3n Biden a elaborar un plan para mayo para levantar las restricciones a los viajes internacionales, incluidas las normas de pasaportes de vacunas digitales, despu\u00e9s de que los viajes transfronterizos fueran devastados por la pandemia de COVID. Airlines for America, que representa a las principales aerol\u00edneas estadounidenses como American, United, Southwest y otras,\u2026<\/p>","protected":false},"author":25,"featured_media":0,"comment_status":"open","ping_status":"open","sticky":false,"template":"","format":"standard","meta":{"_acf_changed":false,"_seopress_robots_primary_cat":"none","_seopress_titles_title":"","_seopress_titles_desc":"","_seopress_robots_index":"","om_disable_all_campaigns":false,"_relevanssi_hide_post":"","_relevanssi_hide_content":"","_relevanssi_pin_for_all":"","_relevanssi_pin_keywords":"","_relevanssi_unpin_keywords":"","_relevanssi_related_keywords":"","_relevanssi_related_include_ids":"","_relevanssi_related_exclude_ids":"","_relevanssi_related_no_append":"","_relevanssi_related_not_related":"","_relevanssi_related_posts":"2486,2493,2494,2488,2509,2491","_relevanssi_noindex_reason":"","_kad_blocks_custom_css":"","_kad_blocks_head_custom_js":"","_kad_blocks_body_custom_js":"","_kad_blocks_footer_custom_js":"","_kad_post_transparent":"","_kad_post_title":"","_kad_post_layout":"","_kad_post_sidebar_id":"","_kad_post_content_style":"","_kad_post_vertical_padding":"","_kad_post_feature":"","_kad_post_feature_position":"","_kad_post_header":false,"_kad_post_footer":false,"footnotes":"","_links_to":"","_links_to_target":""},"categories":[1437,1307],"tags":[],"class_list":["post-2496","post","type-post","status-publish","format-standard","hentry","category-covid-19","category-government-relations"],"acf":[],"featured_image_src_large":false,"author_info":{"display_name":"jcampbell","author_link":"https:\/\/gbta.org\/es\/author\/jcampbell\/"},"comment_info":"","category_info":[{"term_id":1437,"name":"COVID-19","slug":"covid-19","term_group":0,"term_taxonomy_id":1437,"taxonomy":"category","description":"","parent":0,"count":124,"filter":"raw","cat_ID":1437,"category_count":124,"category_description":"","cat_name":"COVID-19","category_nicename":"covid-19","category_parent":0},{"term_id":1307,"name":"Government Relations","slug":"government-relations","term_group":0,"term_taxonomy_id":1307,"taxonomy":"category","description":"","parent":0,"count":61,"filter":"raw","cat_ID":1307,"category_count":61,"category_description":"","cat_name":"Government Relations","category_nicename":"government-relations","category_parent":0}],"tag_info":false,"taxonomy_info":{"category":[{"value":1437,"label":"COVID-19"},{"value":1307,"label":"Government Relations"}]},"featured_image_src":null,"featured_image_src_square":null,"mfb_rest_fields":["featured_image_src_large","author_info","comment_info","category_info","tag_info","taxonomy_info","featured_image_src","featured_image_src_square"],"_links":{"self":[{"href":"https:\/\/gbta.org\/es\/wp-json\/wp\/v2\/posts\/2496","targetHints":{"allow":["GET"]}}],"collection":[{"href":"https:\/\/gbta.org\/es\/wp-json\/wp\/v2\/posts"}],"about":[{"href":"https:\/\/gbta.org\/es\/wp-json\/wp\/v2\/types\/post"}],"author":[{"embeddable":true,"href":"https:\/\/gbta.org\/es\/wp-json\/wp\/v2\/users\/25"}],"replies":[{"embeddable":true,"href":"https:\/\/gbta.org\/es\/wp-json\/wp\/v2\/comments?post=2496"}],"version-history":[{"count":0,"href":"https:\/\/gbta.org\/es\/wp-json\/wp\/v2\/posts\/2496\/revisions"}],"wp:attachment":[{"href":"https:\/\/gbta.org\/es\/wp-json\/wp\/v2\/media?parent=2496"}],"wp:term":[{"taxonomy":"category","embeddable":true,"href":"https:\/\/gbta.org\/es\/wp-json\/wp\/v2\/categories?post=2496"},{"taxonomy":"post_tag","embeddable":true,"href":"https:\/\/gbta.org\/es\/wp-json\/wp\/v2\/tags?post=2496"}],"curies":[{"name":"wp","href":"https:\/\/api.w.org\/{rel}","templated":true}]}}