{"id":2557,"date":"2021-07-13T10:00:00","date_gmt":"2021-07-13T14:00:00","guid":{"rendered":"https:\/\/gbta.org\/check-in-with-suzanne-19\/"},"modified":"2022-09-29T11:30:43","modified_gmt":"2022-09-29T15:30:43","slug":"check-in-with-suzanne-19","status":"publish","type":"post","link":"https:\/\/gbta.org\/es\/check-in-with-suzanne-19\/","title":{"rendered":"Comun\u00edcate con Susana"},"content":{"rendered":"<p>Hola a todos,<\/p>\n<p>\u00bfYa has celebrado tu \u201cprimer\u201d viaje de negocios? Lo pregunto porque definitivamente es un reflejo del constante regreso de los viajes de negocios el ver un n\u00famero cada vez mayor de publicaciones en las redes sociales sobre ese tema. La gente est\u00e1 hablando. Y nosotros tambi\u00e9n.<\/p>\n<p>Como asociaci\u00f3n de profesionales de la industria, es muy importante para todos nosotros volver a compartir el testimonio p\u00fablico sobre el valor y el prop\u00f3sito de la colaboraci\u00f3n cara a cara: para lanzar proyectos estrat\u00e9gicos, construir relaciones, promover el aprendizaje y fomentar la cultura.<\/p>\n<p>Tambi\u00e9n acabamos de iniciar una actualizaci\u00f3n cr\u00edtica de nuestro \u00edndice anual de viajes de negocios GTBA. Ahora m\u00e1s oportuno que nunca, el \u00edndice cuantificar\u00e1 lo que usted, sus organizaciones y sus pol\u00edticas dicen sobre el retorno constante de los viajes de negocios de a\u00fan m\u00e1s fuentes este a\u00f1o. Busque los resultados en la Convenci\u00f3n de noviembre.<\/p>\n<p>Por mi parte, me propongo convertir tantas videollamadas de encuentro y saludo en una oportunidad para tomar caf\u00e9s o almuerzos en la vida real (IRL). Y la pr\u00f3xima semana, varios miembros de nuestro equipo GBTA (\u00a1y muchos a quienes a\u00fan no he conocido en persona!) se reunir\u00e1n en nuestra sede de Alexandria, Virginia. Nos reuniremos para la Cumbre Virtual de Mitad de A\u00f1o de la GBTA y la Reuni\u00f3n Comercial Anual, ofreci\u00e9ndolas virtualmente mientras estamos juntos en vivo y en persona. Tambi\u00e9n tendremos un invitado de honor que se unir\u00e1 a nosotros, Dave Hilfman, ex director ejecutivo interino de GBTA, para su primera reuni\u00f3n en la vida real del equipo a quien dirigi\u00f3 tan h\u00e1bilmente durante nuestros meses de transici\u00f3n el a\u00f1o pasado. (\u00a1Esperamos verte, Dave!)<\/p>\n<p>Y la pr\u00f3xima semana les contar\u00e9 m\u00e1s sobre una reuni\u00f3n que tendremos el viernes con la oficina del embajador de la UE en Estados Unidos, Stavros Lambrinidis, quien ha presionado abiertamente a Estados Unidos para que emita acuerdos rec\u00edprocos para los viajes internacionales seguros y entrantes. Seguimos abogando por toda la industria sobre estas importantes pol\u00edticas de reinicio de viajes.<\/p>\n<p>Y, finalmente, para cerrar el informe de hoy, \u00bfd\u00f3nde nos encontramos con respecto a mi desaf\u00edo de hace dos semanas de fomentar una mayor participaci\u00f3n de los votantes en las elecciones? <a href=\"https:\/\/gbta.org\/es\/elections-2021\/?_ga=2.220414096.920571830.1625778583-1780588418.1595976199\">Elecci\u00f3n de la junta directiva<\/a>? Con el objetivo declarado de que 25% de miembros elegibles emitan su voto, hoy me complace compartir que somos 24%, faltando una semana para que cierre la votaci\u00f3n. Gracias por apoyar a los 24 candidatos que han presentado sus nombres y plataformas para estos importantes puestos en la junta directiva. \u00a1Y emita su voto antes del 19 de julio!<\/p>\n<p>&nbsp;<\/p>\n<p><strong><u>Noticias para saber<\/u><\/strong><\/p>\n<p><strong>GBTA contin\u00faa presionando a los gobiernos de Canad\u00e1 y Estados Unidos antes de la revisi\u00f3n fronteriza del 21 de julio<\/strong><\/p>\n<p>A pesar de las continuas se\u00f1ales positivas en ambos pa\u00edses (incluido un aumento en las cifras de vacunaci\u00f3n, tasas de infecci\u00f3n dram\u00e1ticamente mejoradas y una mayor comprensi\u00f3n de los tratamientos contra el COVID), el gobierno de Trudeau y la administraci\u00f3n de Biden a\u00fan tienen que ofrecer planes espec\u00edficos para reabrir los viajes no esenciales. \u00a1GBTA est\u00e1 tomando medidas, pero necesitamos su ayuda! Se anima a todos los canadienses y estadounidenses a <a href=\"https:\/\/form.jotform.com\/211875495873168\">firma esta carta<\/a> que ser\u00e1 entregado a su respectivo gobierno. Por favor env\u00edalo tambi\u00e9n a tus redes y ay\u00fadanos a amplificar este mensaje cr\u00edtico. La fecha l\u00edmite para firmas es el 15 de julio a las 11:59 p. m. EST.<\/p>\n<p><strong>Coalici\u00f3n presiona al gobierno de EE. UU. para reabrir los viajes internacionales antes del 15 de julio<\/strong><\/p>\n<p>GBTA y otros grupos de la coalici\u00f3n est\u00e1n pidiendo al gobierno que <a href=\"https:\/\/www.businesstravelnews.com\/Global\/Trade-Groups-Ask-US-to-Ease-Intl-Travel-Restrictions-by-July-15?utm_source=newsletter&amp;utm_medium=email&amp;utm_campaign=eltrdaily&amp;oly_enc_id=2193B3357467C0V\">tomar medidas inmediatas para abrir los viajes<\/a> entre Estados Unidos y otras \u00e1reas como Canad\u00e1, el Reino Unido y la UE, estimando que las restricciones de viaje le est\u00e1n costando a la econom\u00eda estadounidense al menos $1.5 mil millones en gasto cada semana.<\/p>\n<p><strong>Inglaterra: a partir del 19 de julio, algunos viajeros ya no necesitan ponerse en cuarentena<\/strong><\/p>\n<p>El Reino Unido anunci\u00f3 que a partir de la pr\u00f3xima semana los viajeros completamente vacunados que regresen a Inglaterra desde pa\u00edses de la lista \u00e1mbar <a href=\"https:\/\/www.businesstravelnewseurope.com\/Management\/Reaction-to-Shapps-announcement-on-international-travel-reopening\">ya no es necesario aislarse<\/a>. Los grupos de viajes, incluida la GBTA, contin\u00faan abogando para que el gobierno exima a todos los viajeros completamente vacunados de los requisitos de cuarentena.<\/p>\n<p><strong>Destellos de esperanza en LATAM<\/strong><\/p>\n<p>Copa Airlines, la aerol\u00ednea insignia de Panam\u00e1, anunci\u00f3 que ha <a href=\"https:\/\/www.aviacionline.com\/2021\/07\/copa-airlines-recovered-more-than-70-of-its-destinations\/\">recuper\u00f3 m\u00e1s de 70% de sus destinos<\/a> entre junio y julio. La empresa cita el turismo de vacunas en EE.UU., la temporada de verano en el hemisferio norte y la relajaci\u00f3n de las restricciones como motivos de la recuperaci\u00f3n.<\/p>\n<p><strong>Grupo pide posponer las elecciones en Canad\u00e1 hasta que se establezca un plan para reabrir las fronteras<\/strong><\/p>\n<p>En una de sus medidas m\u00e1s fuertes hasta el momento, la Mesa Redonda Canadiense de Viajes y Turismo, de la cual GBTA es miembro, est\u00e1 <a href=\"https:\/\/www-theglobeandmail-com.cdn.ampproject.org\/c\/s\/www.theglobeandmail.com\/amp\/politics\/article-business-groups-urge-trudeau-to-postpone-federal-election-until-canada\/\">instar p\u00fablicamente al gobierno a posponer las elecciones<\/a> hasta que se publique un plan integral para reabrir la frontera entre Canad\u00e1 y Estados Unidos. Esto es importante porque una vez que se anuncia una campa\u00f1a electoral, los l\u00edderes gubernamentales deben abstenerse de tomar decisiones importantes relacionadas con pol\u00edticas, gastos o nombramientos, que podr\u00edan congelar cualquier progreso en la apertura de fronteras.<\/p>\n<p>&nbsp;<\/p>\n<p><strong><u>Noticias y recordatorios de GBTA<\/u><\/strong><\/p>\n<p><strong>\u00a1Queda una semana para votar! <\/strong><\/p>\n<p>Todos los miembros elegibles que a\u00fan no hab\u00edan votado recibieron un enlace de votaci\u00f3n de los Servicios Electorales el 8 de julio. Si a\u00fan no ha votado, <u>por favor hazlo hoy<\/u>. Y recuerde... \u00a1Todos los votantes ser\u00e1n elegibles para ganar oportunidades para invertir m\u00e1s en su membres\u00eda! Si tiene preguntas o necesita ayuda, comun\u00edquese con Shane Downey (<a href=\"mailto:sdowney@gbta.org\">sdowney@gbta.org<\/a>) o Corporaci\u00f3n de Servicios Electorales (<a href=\"mailto:gbtahelp@electionservicescorp.com\">gbtahelp@electionservicescorp.com<\/a>o +1-866-720-4357).<\/p>\n<p><strong>20 de julio: Cumbre virtual de mitad de a\u00f1o de GBTA y reuni\u00f3n comercial anual<\/strong><\/p>\n<p>No te pierdas una de las reuniones m\u00e1s importantes del verano. Durante esta importante sesi\u00f3n, no solo escuchar\u00e1 los resultados de la elecci\u00f3n de la Junta Directiva mencionada anteriormente y una actualizaci\u00f3n de la Asociaci\u00f3n, sino que tambi\u00e9n podr\u00e1 participar en valiosas sesiones educativas sobre tres temas: recuperaci\u00f3n de la crisis, excelencia operativa y el futuro de los viajes. Falta s\u00f3lo una semana, as\u00ed que <a href=\"https:\/\/gbta.org\/es\/gbta-annual-business-meeting-mid-year-virtual-summit\/?_ga=2.209055002.920571830.1625778583-1780588418.1595976199\">Reg\u00edstrese hoy<\/a>!<\/p>\n<p><strong>La Conferencia GBTA M\u00e9xico 2021 ser\u00e1 virtual<\/strong><\/p>\n<p>Si bien esper\u00e1bamos que esta conferencia pudiera realizarse en persona, persiste la incertidumbre en la regi\u00f3n de Am\u00e9rica Latina. Por lo tanto, hemos decidido posponer la Conferencia GBTA M\u00e9xico completa y presencial hasta 2022 y realizar un evento virtual especial el 7 de octubre de 2021 de 10 am al mediod\u00eda (CDMX). \u00a1Por favor reserva la fecha!<\/p>\n<p>\u00bfSab\u00eda que GBTA ha creado una p\u00e1gina especial de exhibici\u00f3n de convenciones en LinkedIn? Si a\u00fan no lo has hecho, <a href=\"https:\/\/www.linkedin.com\/showcase\/gbta-convention\/\">dir\u00edgete a esta p\u00e1gina<\/a> y m\u00e1rquelo como favorito para conocer las noticias y detalles m\u00e1s actualizados sobre la Convenci\u00f3n GBTA 2021.<\/p>\n<p>&nbsp;<\/p>\n<p>susana<\/p>","protected":false},"excerpt":{"rendered":"<p>Hola a todos, \u00bfYa celebraron un \u201cprimer\u201d viaje de negocios? Pregunto porque definitivamente es un reflejo del regreso constante de los viajes de negocios para ver el n\u00famero cada vez mayor de publicaciones en las redes sociales sobre ese tema. La gente est\u00e1 hablando. Y nosotros tambi\u00e9n. Como asociaci\u00f3n de profesionales de la industria, es muy importante para todos nosotros...<\/p>","protected":false},"author":25,"featured_media":0,"comment_status":"open","ping_status":"open","sticky":false,"template":"","format":"standard","meta":{"_acf_changed":false,"_seopress_robots_primary_cat":"none","_seopress_titles_title":"","_seopress_titles_desc":"","_seopress_robots_index":"","om_disable_all_campaigns":false,"_relevanssi_hide_post":"","_relevanssi_hide_content":"","_relevanssi_pin_for_all":"","_relevanssi_pin_keywords":"","_relevanssi_unpin_keywords":"","_relevanssi_related_keywords":"","_relevanssi_related_include_ids":"","_relevanssi_related_exclude_ids":"","_relevanssi_related_no_append":"","_relevanssi_related_not_related":"","_relevanssi_related_posts":"2477,1439,2017,1620,1171,2480","_relevanssi_noindex_reason":"","_kad_blocks_custom_css":"","_kad_blocks_head_custom_js":"","_kad_blocks_body_custom_js":"","_kad_blocks_footer_custom_js":"","_kad_post_transparent":"","_kad_post_title":"","_kad_post_layout":"","_kad_post_sidebar_id":"","_kad_post_content_style":"","_kad_post_vertical_padding":"","_kad_post_feature":"","_kad_post_feature_position":"","_kad_post_header":false,"_kad_post_footer":false,"footnotes":"","_links_to":"","_links_to_target":""},"categories":[375,1437,105,106],"tags":[],"class_list":["post-2557","post","type-post","status-publish","format-standard","hentry","category-canada","category-covid-19","category-europe-and-uk","category-latin-america"],"acf":[],"featured_image_src_large":false,"author_info":{"display_name":"jcampbell","author_link":"https:\/\/gbta.org\/es\/author\/jcampbell\/"},"comment_info":"","category_info":[{"term_id":375,"name":"Canada","slug":"canada","term_group":0,"term_taxonomy_id":375,"taxonomy":"category","description":"","parent":0,"count":61,"filter":"raw","cat_ID":375,"category_count":61,"category_description":"","cat_name":"Canada","category_nicename":"canada","category_parent":0},{"term_id":1437,"name":"COVID-19","slug":"covid-19","term_group":0,"term_taxonomy_id":1437,"taxonomy":"category","description":"","parent":0,"count":124,"filter":"raw","cat_ID":1437,"category_count":124,"category_description":"","cat_name":"COVID-19","category_nicename":"covid-19","category_parent":0},{"term_id":105,"name":"Europe and UK","slug":"europe-and-uk","term_group":0,"term_taxonomy_id":105,"taxonomy":"category","description":"","parent":0,"count":153,"filter":"raw","cat_ID":105,"category_count":153,"category_description":"","cat_name":"Europe and UK","category_nicename":"europe-and-uk","category_parent":0},{"term_id":106,"name":"Latin America","slug":"latin-america","term_group":0,"term_taxonomy_id":106,"taxonomy":"category","description":"","parent":0,"count":54,"filter":"raw","cat_ID":106,"category_count":54,"category_description":"","cat_name":"Latin America","category_nicename":"latin-america","category_parent":0}],"tag_info":false,"taxonomy_info":{"category":[{"value":375,"label":"Canada"},{"value":1437,"label":"COVID-19"},{"value":105,"label":"Europe and UK"},{"value":106,"label":"Latin America"}]},"featured_image_src":null,"featured_image_src_square":null,"mfb_rest_fields":["featured_image_src_large","author_info","comment_info","category_info","tag_info","taxonomy_info","featured_image_src","featured_image_src_square"],"_links":{"self":[{"href":"https:\/\/gbta.org\/es\/wp-json\/wp\/v2\/posts\/2557","targetHints":{"allow":["GET"]}}],"collection":[{"href":"https:\/\/gbta.org\/es\/wp-json\/wp\/v2\/posts"}],"about":[{"href":"https:\/\/gbta.org\/es\/wp-json\/wp\/v2\/types\/post"}],"author":[{"embeddable":true,"href":"https:\/\/gbta.org\/es\/wp-json\/wp\/v2\/users\/25"}],"replies":[{"embeddable":true,"href":"https:\/\/gbta.org\/es\/wp-json\/wp\/v2\/comments?post=2557"}],"version-history":[{"count":0,"href":"https:\/\/gbta.org\/es\/wp-json\/wp\/v2\/posts\/2557\/revisions"}],"wp:attachment":[{"href":"https:\/\/gbta.org\/es\/wp-json\/wp\/v2\/media?parent=2557"}],"wp:term":[{"taxonomy":"category","embeddable":true,"href":"https:\/\/gbta.org\/es\/wp-json\/wp\/v2\/categories?post=2557"},{"taxonomy":"post_tag","embeddable":true,"href":"https:\/\/gbta.org\/es\/wp-json\/wp\/v2\/tags?post=2557"}],"curies":[{"name":"wp","href":"https:\/\/api.w.org\/{rel}","templated":true}]}}