{"id":2592,"date":"2021-09-07T10:00:00","date_gmt":"2021-09-07T14:00:00","guid":{"rendered":"https:\/\/gbta.org\/gbta-returns-to-in-person-events-as-demand-for-face-to-face-meetings-grows-across-europe\/"},"modified":"2022-09-29T10:44:18","modified_gmt":"2022-09-29T14:44:18","slug":"gbta-returns-to-in-person-events-as-demand-for-face-to-face-meetings-grows-across-europe","status":"publish","type":"post","link":"https:\/\/gbta.org\/es\/gbta-returns-to-in-person-events-as-demand-for-face-to-face-meetings-grows-across-europe\/","title":{"rendered":"GBTA regresa a los eventos en persona a medida que crece la demanda de reuniones cara a cara en toda Europa"},"content":{"rendered":"<p><strong>Londres, Reino Unido <\/strong>\u2013 La Global Business Travel Association (GBTA), la asociaci\u00f3n de viajes de negocios m\u00e1s grande del mundo y l\u00edder mundial en educaci\u00f3n, investigaci\u00f3n, creaci\u00f3n de redes y promoci\u00f3n de la industria, ha anunciado una serie de conferencias y eventos presenciales a medida que nos acercamos al \u00faltimo trimestre de 2021. .<\/p>\n<p>Los eventos, que se llevar\u00e1n a cabo en m\u00faltiples ubicaciones europeas, se encuentran entre las primeras oportunidades cara a cara para que los colegas de la industria se re\u00fanan y colaboren en persona. La educaci\u00f3n seguir\u00e1 siendo un componente clave de cada evento con interesantes ponencias de l\u00edderes de la industria y una variedad de paneles de discusi\u00f3n que cubrir\u00e1n temas de actualidad, cada uno dise\u00f1ado para generar un debate interesante entre los especialistas en su campo. Cada evento tambi\u00e9n brindar\u00e1 numerosas oportunidades para establecer contactos nuevamente con pares, reconstruir y forjar nuevas relaciones comerciales.<\/p>\n<p>Seg\u00fan la \u00faltima encuesta realizada a miembros y partes interesadas de GBTA, 75% de los encuestados europeos esperan que los viajes de negocios experimenten un aumento significativo o moderado en el per\u00edodo de septiembre a noviembre de 2021. Esto est\u00e1 respaldado por los \u00faltimos resultados que destacan que m\u00e1s de siete de cada diez compradores de viajes de GBTA sintieron que sus empleados est\u00e1n &quot;dispuestos&quot; o &quot;muy dispuestos&quot; a viajar por negocios en el entorno actual.<\/p>\n<p>\u201cDespu\u00e9s de otro a\u00f1o disruptivo, estoy encantado de que una vez m\u00e1s podamos organizar una serie de eventos presenciales para los miembros de GBTA en toda Europa. La seguridad y el deber de diligencia, por supuesto, siguen siendo una prioridad y cada uno de nuestros eventos contar\u00e1 con medidas de seguridad adicionales para garantizar el bienestar de los delegados. La colaboraci\u00f3n es quiz\u00e1s m\u00e1s importante que nunca para la industria de los viajes de negocios, el regreso de los eventos presenciales unir\u00e1 una vez m\u00e1s a nuestra industria para continuar con el regreso seguro a los viajes de negocios&quot;, afirm\u00f3 Catherine Logan, vicepresidenta regional de EMEA \u2013 GBTA, a\u00f1adiendo que &quot;las m\u00faltiples Los eventos en toda Europa brindar\u00e1n a los delegados la oportunidad de abordar los desaf\u00edos actuales de toda la industria, as\u00ed como aquellos espec\u00edficos de cada regi\u00f3n y mercado\u201d.<\/p>\n<p>\u201cEstamos encantados de poder volver a los eventos presenciales y asociarnos una vez m\u00e1s con GBTA para albergar la Conferencia GBTA Europa en asociaci\u00f3n con VDR. El registro ya est\u00e1 abierto, esperamos darle la bienvenida y brindarle a la comunidad de viajes de negocios la oportunidad de colaborar y establecer contactos en un entorno seguro\u201d, dijo Hans-Ingo Biehl, director ejecutivo de VDR.<\/p>\n<p>Los eventos en persona incluyen:<\/p>\n<p><strong>16 de septiembre \u2013 Masterclass de GBTA Francia \u2013 H\u00f4tel Le M\u00e9ridien Etoile, Par\u00eds<\/strong><\/p>\n<p><strong>9 de noviembre \u2013 Conferencia GBTA Italia \u2013 Mil\u00e1n<\/strong><\/p>\n<p><strong>6-8 de diciembre \u2013 <\/strong><strong>Conferencia GBTA Europa en colaboraci\u00f3n con VDR \u2013 Berl\u00edn<\/strong><\/p>\n<p>&nbsp;<\/p>\n<p>La inscripci\u00f3n ya est\u00e1 abierta, por favor vaya a <a href=\"https:\/\/gbta.org\/es\/membership-and-communities\/chapters-and-regions\/europe\/\">https:\/\/gbta.org\/membership-and-communities\/chapters-and-regions\/europe<\/a> para m\u00e1s informaci\u00f3n.<\/p>","protected":false},"excerpt":{"rendered":"<p>Londres, Reino Unido \u2013 La Global Business Travel Association (GBTA), la asociaci\u00f3n de viajes de negocios m\u00e1s grande del mundo y l\u00edder mundial en educaci\u00f3n, investigaci\u00f3n, creaci\u00f3n de redes y promoci\u00f3n de la industria, ha anunciado una serie de conferencias y eventos presenciales a medida que nos acercamos a la final. trimestre de 2021. Los eventos, que se llevar\u00e1n a cabo en varias ubicaciones europeas, se encuentran entre\u2026<\/p>","protected":false},"author":25,"featured_media":0,"comment_status":"open","ping_status":"open","sticky":false,"template":"","format":"standard","meta":{"_acf_changed":false,"_seopress_robots_primary_cat":"none","_seopress_titles_title":"","_seopress_titles_desc":"","_seopress_robots_index":"","om_disable_all_campaigns":false,"_relevanssi_hide_post":"","_relevanssi_hide_content":"","_relevanssi_pin_for_all":"","_relevanssi_pin_keywords":"","_relevanssi_unpin_keywords":"","_relevanssi_related_keywords":"","_relevanssi_related_include_ids":"","_relevanssi_related_exclude_ids":"","_relevanssi_related_no_append":"","_relevanssi_related_not_related":"","_relevanssi_related_posts":"1816,1797,2004,1929,1803,1809","_relevanssi_noindex_reason":"","_kad_blocks_custom_css":"","_kad_blocks_head_custom_js":"","_kad_blocks_body_custom_js":"","_kad_blocks_footer_custom_js":"","_kad_post_transparent":"","_kad_post_title":"","_kad_post_layout":"","_kad_post_sidebar_id":"","_kad_post_content_style":"","_kad_post_vertical_padding":"","_kad_post_feature":"","_kad_post_feature_position":"","_kad_post_header":false,"_kad_post_footer":false,"footnotes":"","_links_to":"","_links_to_target":""},"categories":[105],"tags":[],"class_list":["post-2592","post","type-post","status-publish","format-standard","hentry","category-europe-and-uk"],"acf":[],"featured_image_src_large":false,"author_info":{"display_name":"jcampbell","author_link":"https:\/\/gbta.org\/es\/author\/jcampbell\/"},"comment_info":"","category_info":[{"term_id":105,"name":"Europe and UK","slug":"europe-and-uk","term_group":0,"term_taxonomy_id":105,"taxonomy":"category","description":"","parent":0,"count":153,"filter":"raw","cat_ID":105,"category_count":153,"category_description":"","cat_name":"Europe and UK","category_nicename":"europe-and-uk","category_parent":0}],"tag_info":false,"taxonomy_info":{"category":[{"value":105,"label":"Europe and UK"}]},"featured_image_src":null,"featured_image_src_square":null,"mfb_rest_fields":["featured_image_src_large","author_info","comment_info","category_info","tag_info","taxonomy_info","featured_image_src","featured_image_src_square"],"_links":{"self":[{"href":"https:\/\/gbta.org\/es\/wp-json\/wp\/v2\/posts\/2592","targetHints":{"allow":["GET"]}}],"collection":[{"href":"https:\/\/gbta.org\/es\/wp-json\/wp\/v2\/posts"}],"about":[{"href":"https:\/\/gbta.org\/es\/wp-json\/wp\/v2\/types\/post"}],"author":[{"embeddable":true,"href":"https:\/\/gbta.org\/es\/wp-json\/wp\/v2\/users\/25"}],"replies":[{"embeddable":true,"href":"https:\/\/gbta.org\/es\/wp-json\/wp\/v2\/comments?post=2592"}],"version-history":[{"count":0,"href":"https:\/\/gbta.org\/es\/wp-json\/wp\/v2\/posts\/2592\/revisions"}],"wp:attachment":[{"href":"https:\/\/gbta.org\/es\/wp-json\/wp\/v2\/media?parent=2592"}],"wp:term":[{"taxonomy":"category","embeddable":true,"href":"https:\/\/gbta.org\/es\/wp-json\/wp\/v2\/categories?post=2592"},{"taxonomy":"post_tag","embeddable":true,"href":"https:\/\/gbta.org\/es\/wp-json\/wp\/v2\/tags?post=2592"}],"curies":[{"name":"wp","href":"https:\/\/api.w.org\/{rel}","templated":true}]}}