{"id":2597,"date":"2021-09-14T10:01:00","date_gmt":"2021-09-14T14:01:00","guid":{"rendered":"https:\/\/gbta.org\/check-in-with-suzanne-28\/"},"modified":"2022-09-29T10:35:59","modified_gmt":"2022-09-29T14:35:59","slug":"check-in-with-suzanne-28","status":"publish","type":"post","link":"https:\/\/gbta.org\/es\/check-in-with-suzanne-28\/","title":{"rendered":"Comun\u00edcate con Suzanne"},"content":{"rendered":"<p>La semana pasada present\u00e9 el tema de la recuperaci\u00f3n de viajes de negocios en una Conferencia de Clientes de Citi para una audiencia de profesionales senior de adquisiciones de organizaciones FTSE200. Tambi\u00e9n estuvo presente Ulrika Ros\u00e9n, gerente de viajes y reuniones de Tetra Pak, una empresa l\u00edder mundial en procesamiento y envasado de alimentos, quien dijo que su empresa no ha dejado de viajar durante la pandemia. Dijo que la compa\u00f1\u00eda tiene m\u00e1s viajeros que cumplen ahora que antes de la pandemia, porque los viajeros de negocios ya no pueden viajar en piloto autom\u00e1tico. Eso me llam\u00f3 la atenci\u00f3n.<\/p>\n<p>Incluso los viajeros experimentados tienen que adaptarse a la nueva realidad, una de mayor complejidad y nuevas consideraciones, desde restricciones fronterizas hasta requisitos de viaje y precauciones de seguridad. Las organizaciones ya est\u00e1n reconsiderando los viajes de negocios y tambi\u00e9n se est\u00e1n adaptando. Y ciertamente habr\u00e1 m\u00e1s por venir gracias a la pandemia.<\/p>\n<p>Y hablando de seguridad, he estado escuchando sus comentarios en el Check-In de la semana pasada sobre por qu\u00e9 GBTA no solo exige vacunas para los asistentes a la Convenci\u00f3n de este a\u00f1o... El simple hecho es que el estado de Florida no lo permite legalmente. .<\/p>\n<p>Estamos tomando las mayores precauciones posibles para nuestro evento en el sitio; puede leer todos los&nbsp;<a href=\"https:\/\/convention.gbta.org\/About\/COVID-19-Response-Protocols\">detalles aqu\u00ed<\/a>. De acuerdo con las recomendaciones de los CDC, esto incluye que GBTA requerir\u00e1 que todos los asistentes a la Convenci\u00f3n presenten prueba de una prueba de COVID-19 negativa realizada dentro de los \u00faltimos tres d\u00edas antes de su entrada a la Convenci\u00f3n. Los asistentes pueden optar por no cumplir con el requisito de la prueba previa a la llegada presentando voluntariamente un comprobante de vacunaci\u00f3n completa. Y todos deber\u00e1n usar m\u00e1scaras mientras est\u00e9n en el lugar. Y una se\u00f1al positiva es que la nuestra es una industria vacunada. En una encuesta reciente de la industria GBTA COVID-19, 90% inform\u00f3 estar parcial o totalmente vacunado. Adem\u00e1s, continuamos rastreando los mandatos y desaf\u00edos del estado para ver si otras opciones est\u00e1n disponibles legalmente en el per\u00edodo previo a noviembre.<\/p>\n<p>Y finalmente, quer\u00eda tomarme un momento para reconocer otro evento que impact\u00f3 enormemente a nuestra industria y a tantas vidas. El s\u00e1bado se cumpli\u00f3 el sombr\u00edo vig\u00e9simo aniversario de los tr\u00e1gicos acontecimientos del 11 de septiembre.<sup>el<\/sup>&nbsp;en los EE.UU. Los viajeros de negocios y los profesionales de la industria a\u00e9rea se encontraban entre las preciosas vidas perdidas en los vuelos de United Airlines y American Airlines ese d\u00eda. Ojal\u00e1 los recordemos siempre, y a las much\u00edsimas personas que ayudaron a reconstruir el ecosistema de viajes y que han creado un futuro m\u00e1s seguro para nuestra industria desde ese d\u00eda.<\/p>\n<p>&nbsp;<\/p>\n<p>susana<\/p>\n<p>&nbsp;<\/p>\n<p><b><span data-contrast=\"none\">Noticias para saber<\/span><\/b><span data-ccp-props=\"{&quot;201341983&quot;:0,&quot;335559739&quot;:160,&quot;335559740&quot;:259}\">&nbsp;<\/span><\/p>\n<p><b><span data-contrast=\"none\">TakeTwo Travel Solutions: TMC lanzado por el ex d\u00fao CTM<\/span><\/b><span data-ccp-props=\"{&quot;201341983&quot;:0,&quot;335559739&quot;:160,&quot;335559740&quot;:259}\">&nbsp;<\/span><\/p>\n<p><span data-contrast=\"none\">La nueva empresa emergente TMC TakeTwo Travel Solutions ha sido lanzada por el ex director ejecutivo de CTM, Chris Thelen, y la ex directora general del Reino Unido, Julie Cope. La visi\u00f3n de TakeTwo es brindar servicios personalizados de alto nivel,&nbsp;<\/span><a href=\"https:\/\/www.businesstravelnewseurope.com\/Management\/Former-CTM-duo-launch-premium-TMC-for-SMEs\"><span data-contrast=\"none\">Thelen le dice a BTN Europa<\/span><\/a><span data-contrast=\"none\">&quot;Todo el mundo puede tener una gran tecnolog\u00eda ahora (hay much\u00edsimas cosas disponibles), pero hay que tener la estructura, la estrategia y la visi\u00f3n adecuadas, y se trata de c\u00f3mo combinarlas con el servicio, las personas y las relaciones&quot;.<\/span><span data-ccp-props=\"{&quot;201341983&quot;:0,&quot;335559739&quot;:160,&quot;335559740&quot;:259}\">&nbsp;<\/span><\/p>\n<p><b><span data-contrast=\"none\">Iberostar Hotels &amp; Resorts inaugura nueva ubicaci\u00f3n de turismo responsable en Lima&nbsp;<\/span><\/b><span data-ccp-props=\"{&quot;201341983&quot;:0,&quot;335551550&quot;:1,&quot;335551620&quot;:1,&quot;335559739&quot;:160,&quot;335559740&quot;:259}\">&nbsp;<\/span><\/p>\n<p><span data-contrast=\"none\">Tras 25 a\u00f1os de fuerte presencia en Latinoam\u00e9rica, el grupo hotelero mallorqu\u00edn ha elegido Per\u00fa como nuevo destino para reforzar su portfolio en Am\u00e9rica. El nuevo&nbsp;<\/span><a href=\"https:\/\/www.rli.uk.com\/iberostar-group-to-strengthen-americas-presence\/\"><span data-contrast=\"none\">Iberostar Selecci\u00f3n Miraflores<\/span><\/a><span data-contrast=\"none\">&nbsp;ser\u00e1 el primer hotel libre de pl\u00e1sticos de un solo uso en Lima, reflejando el compromiso del Grupo Iberostar con la promoci\u00f3n del turismo responsable.&nbsp;<\/span><span data-ccp-props=\"{&quot;201341983&quot;:0,&quot;335559739&quot;:160,&quot;335559740&quot;:259}\">&nbsp;<\/span><\/p>\n<p><b><span data-contrast=\"none\">Retraso en las pruebas r\u00e1pidas en Canad\u00e1<\/span><\/b><span data-ccp-props=\"{&quot;201341983&quot;:0,&quot;335551550&quot;:1,&quot;335551620&quot;:1,&quot;335559739&quot;:160,&quot;335559740&quot;:259}\">&nbsp;<\/span><\/p>\n<p><span data-contrast=\"none\">En algunas regiones del mundo, las pruebas r\u00e1pidas son una herramienta de uso com\u00fan, pero en Canad\u00e1 estas pruebas son escasas. El programa StaySafe en Ontario ofrece pruebas de COVID-19 que puede hacer usted mismo, que los lugare\u00f1os utilizan y apoyan mucho. Pero en otras partes de Canad\u00e1, las pruebas no se est\u00e1n implementando a gran escala.&nbsp;<\/span><span data-ccp-props=\"{&quot;201341983&quot;:0,&quot;335551550&quot;:1,&quot;335551620&quot;:1,&quot;335559739&quot;:160,&quot;335559740&quot;:259}\">&nbsp;<\/span><\/p>\n<p><span data-ccp-props=\"{&quot;201341983&quot;:0,&quot;335559739&quot;:160,&quot;335559740&quot;:259}\">&nbsp;<\/span><\/p>\n<p><b><span data-contrast=\"none\">Noticias y recordatorios de GBTA<\/span><\/b><span data-ccp-props=\"{&quot;201341983&quot;:0,&quot;335559739&quot;:160,&quot;335559740&quot;:259}\">&nbsp;<\/span><\/p>\n<p><b><span data-contrast=\"none\">Clase magistral de GBTA Francia<\/span><\/b><span data-ccp-props=\"{&quot;201341983&quot;:0,&quot;335551550&quot;:1,&quot;335551620&quot;:1,&quot;335559739&quot;:160,&quot;335559740&quot;:259}\">&nbsp;<\/span><\/p>\n<p><span data-contrast=\"none\">Organizada por GBTA Francia, esta Masterclass est\u00e1 dise\u00f1ada para viajes de negocios y profesionales MICE. Contar\u00e1 con compradores y proveedores expertos que arrojar\u00e1n luz sobre la industria y compartir\u00e1n las mejores pr\u00e1cticas para viajes de negocios en 2021.<\/span><span data-ccp-props=\"{&quot;201341983&quot;:0,&quot;335551550&quot;:1,&quot;335551620&quot;:1,&quot;335559739&quot;:160,&quot;335559740&quot;:259}\">&nbsp;<\/span><\/p>\n<p><b><span data-contrast=\"auto\">Fundamentos de la gesti\u00f3n de reuniones estrat\u00e9gicas<\/span><\/b><span data-ccp-props=\"{&quot;201341983&quot;:0,&quot;335559739&quot;:160,&quot;335559740&quot;:259}\">&nbsp;<\/span><\/p>\n<p><span data-contrast=\"auto\">Pioneros y l\u00edderes de opini\u00f3n en gesti\u00f3n de reuniones, compras y viajes han colaborado para crear una hoja de ruta y compartir las mejores pr\u00e1cticas sobre c\u00f3mo crear y gestionar un programa de gesti\u00f3n de reuniones estrat\u00e9gicas eficaz para su empresa.<\/span><span data-ccp-props=\"{&quot;201341983&quot;:0,&quot;335559739&quot;:160,&quot;335559740&quot;:259}\">&nbsp;<\/span><\/p>","protected":false},"excerpt":{"rendered":"<p>La semana pasada hice una presentaci\u00f3n sobre el tema de la recuperaci\u00f3n de viajes de negocios en una Conferencia de Clientes de Citi para una audiencia de profesionales senior de adquisiciones de organizaciones FTSE200. Tambi\u00e9n estuvo presente Ulrika Ros\u00e9n, Gerente de Viajes y Reuniones de Tetra Pak, una empresa l\u00edder mundial en procesamiento y envasado de alimentos, quien dijo que su empresa no ha dejado de viajar durante la pandemia. Ella dijo que la compa\u00f1\u00eda tiene m\u00e1s viajeros que cumplen ahora que antes de la pandemia, porque los viajeros de negocios ya no pueden viajar en piloto autom\u00e1tico. Eso golpe\u00f3 a casa. Incluso los viajeros experimentados tienen que adaptarse a la nueva realidad, una de mayor complejidad y...<\/p>","protected":false},"author":25,"featured_media":0,"comment_status":"open","ping_status":"open","sticky":false,"template":"","format":"standard","meta":{"_acf_changed":false,"_seopress_robots_primary_cat":"none","_seopress_titles_title":"","_seopress_titles_desc":"","_seopress_robots_index":"","om_disable_all_campaigns":false,"_relevanssi_hide_post":"","_relevanssi_hide_content":"","_relevanssi_pin_for_all":"","_relevanssi_pin_keywords":"","_relevanssi_unpin_keywords":"","_relevanssi_related_keywords":"","_relevanssi_related_include_ids":"","_relevanssi_related_exclude_ids":"","_relevanssi_related_no_append":"","_relevanssi_related_not_related":"","_relevanssi_related_posts":"2477,1439,2017,1620,1171,2480","_relevanssi_noindex_reason":"","_kad_blocks_custom_css":"","_kad_blocks_head_custom_js":"","_kad_blocks_body_custom_js":"","_kad_blocks_footer_custom_js":"","_kad_post_transparent":"","_kad_post_title":"","_kad_post_layout":"","_kad_post_sidebar_id":"","_kad_post_content_style":"","_kad_post_vertical_padding":"","_kad_post_feature":"","_kad_post_feature_position":"","_kad_post_header":false,"_kad_post_footer":false,"footnotes":"","_links_to":"","_links_to_target":""},"categories":[1437,106],"tags":[],"class_list":["post-2597","post","type-post","status-publish","format-standard","hentry","category-covid-19","category-latin-america"],"acf":[],"featured_image_src_large":false,"author_info":{"display_name":"jcampbell","author_link":"https:\/\/gbta.org\/es\/author\/jcampbell\/"},"comment_info":"","category_info":[{"term_id":1437,"name":"COVID-19","slug":"covid-19","term_group":0,"term_taxonomy_id":1437,"taxonomy":"category","description":"","parent":0,"count":124,"filter":"raw","cat_ID":1437,"category_count":124,"category_description":"","cat_name":"COVID-19","category_nicename":"covid-19","category_parent":0},{"term_id":106,"name":"Latin America","slug":"latin-america","term_group":0,"term_taxonomy_id":106,"taxonomy":"category","description":"","parent":0,"count":54,"filter":"raw","cat_ID":106,"category_count":54,"category_description":"","cat_name":"Latin America","category_nicename":"latin-america","category_parent":0}],"tag_info":false,"taxonomy_info":{"category":[{"value":1437,"label":"COVID-19"},{"value":106,"label":"Latin America"}]},"featured_image_src":null,"featured_image_src_square":null,"mfb_rest_fields":["featured_image_src_large","author_info","comment_info","category_info","tag_info","taxonomy_info","featured_image_src","featured_image_src_square"],"_links":{"self":[{"href":"https:\/\/gbta.org\/es\/wp-json\/wp\/v2\/posts\/2597","targetHints":{"allow":["GET"]}}],"collection":[{"href":"https:\/\/gbta.org\/es\/wp-json\/wp\/v2\/posts"}],"about":[{"href":"https:\/\/gbta.org\/es\/wp-json\/wp\/v2\/types\/post"}],"author":[{"embeddable":true,"href":"https:\/\/gbta.org\/es\/wp-json\/wp\/v2\/users\/25"}],"replies":[{"embeddable":true,"href":"https:\/\/gbta.org\/es\/wp-json\/wp\/v2\/comments?post=2597"}],"version-history":[{"count":0,"href":"https:\/\/gbta.org\/es\/wp-json\/wp\/v2\/posts\/2597\/revisions"}],"wp:attachment":[{"href":"https:\/\/gbta.org\/es\/wp-json\/wp\/v2\/media?parent=2597"}],"wp:term":[{"taxonomy":"category","embeddable":true,"href":"https:\/\/gbta.org\/es\/wp-json\/wp\/v2\/categories?post=2597"},{"taxonomy":"post_tag","embeddable":true,"href":"https:\/\/gbta.org\/es\/wp-json\/wp\/v2\/tags?post=2597"}],"curies":[{"name":"wp","href":"https:\/\/api.w.org\/{rel}","templated":true}]}}