{"id":2609,"date":"2021-10-12T10:01:00","date_gmt":"2021-10-12T14:01:00","guid":{"rendered":"https:\/\/gbta.org\/check-in-with-suzanne-32\/"},"modified":"2022-09-29T09:44:02","modified_gmt":"2022-09-29T13:44:02","slug":"check-in-with-suzanne-32","status":"publish","type":"post","link":"https:\/\/gbta.org\/es\/check-in-with-suzanne-32\/","title":{"rendered":"Comun\u00edquese con Suzanne"},"content":{"rendered":"<p><span data-contrast=\"auto\">La educaci\u00f3n, el aprendizaje y el desarrollo profesional a veces no reciben el cr\u00e9dito que merecen por lo mucho que hacen para informarnos, inspirarnos, involucrarnos y avanzar. Pero en GBTA, no son h\u00e9roes an\u00f3nimos: son las estrellas.&nbsp;&nbsp;<\/span><span data-ccp-props=\"{&quot;201341983&quot;:0,&quot;335559739&quot;:160,&quot;335559740&quot;:240}\">&nbsp;<\/span><\/p>\n<p><span data-contrast=\"auto\">Cuando se trata de volumen, amplitud y relevancia, GBTA se enorgullece de liderar la industria en programas de aprendizaje y desarrollo durante todo el a\u00f1o dise\u00f1ados espec\u00edficamente para profesionales de viajes de negocios. Seguimos escuchando a nuestros miembros en todo el mundo para ofrecerles lo que quieren y necesitan.&nbsp;<\/span><span data-ccp-props=\"{&quot;201341983&quot;:0,&quot;335559739&quot;:160,&quot;335559740&quot;:240}\">&nbsp;<\/span><\/p>\n<p><span data-contrast=\"auto\">Estos son solo algunos aspectos destacados recientes de las MILES de oportunidades de aprendizaje disponibles en GBTA disponibles en persona, virtualmente en vivo y bajo demanda:<\/span><span data-ccp-props=\"{&quot;201341983&quot;:0,&quot;335559739&quot;:160,&quot;335559740&quot;:240}\">&nbsp;<\/span><\/p>\n<ul>\n<li><span data-contrast=\"auto\">La serie de seminarios web de GBTA Collaboratory 2021 ha abordado temas emergentes e importantes en nuestra industria actual. El Colaboratorio de junio asumi\u00f3&nbsp;<\/span><a href=\"https:\/\/gbta.org\/es\/calendar\/all-programs\/eventid\/1183\/e\/collaboratory-on-sustainabilitythe-road-to-convention-2-jun-2021\/\"><span data-contrast=\"none\">Sustentabilidad<\/span><\/a><span data-contrast=\"auto\">\u2026 Panelista Jenny Sabineu: \u201c\u00bfC\u00f3mo podemos ampliar las medidas y m\u00e9todos para crear algunos cambios materiales reales?\u201d El Colaboratorio de septiembre cont\u00f3 con la&nbsp;<\/span><a href=\"https:\/\/www.youtube.com\/watch?v=QnUs8-13NLk\"><span data-contrast=\"none\">Futuro del trabajo<\/span><\/a><b><span data-contrast=\"auto\">\u2026&nbsp;<\/span><\/b><span data-contrast=\"auto\">Panelista Donna Rufo<\/span><b><span data-contrast=\"auto\">:&nbsp;<\/span><\/b><span data-contrast=\"auto\">&quot;En este momento, es mucho m\u00e1s que gestionar la empresa de gesti\u00f3n de viajes y la pol\u00edtica&quot;. El seminario web de este mes se centr\u00f3 en Diversidad, Equidad e Inclusi\u00f3n (DEI), incluyendo c\u00f3mo replantear la narrativa de \u201cdif\u00edcil\u201d a \u201cnecesaria\u201d e incorporar las tres C de la compasi\u00f3n: Conexi\u00f3n, Comunicaci\u00f3n, Colaboraci\u00f3n. Y el 22 de octubre, todav\u00eda est\u00e1s a tiempo de ver el \u00faltimo Collaboratory en&nbsp;<\/span><a href=\"https:\/\/gbta.org\/es\/EventCalendar\/EventRegistrationStep1\/?eventcd=19DL1021&amp;_ga=2.71507539.1739440921.1633549907-1820023432.1626104215\"><span data-contrast=\"none\">Reuniones y Eventos<\/span><\/a><span data-contrast=\"auto\">.<\/span><span data-ccp-props=\"{&quot;134233279&quot;:true,&quot;201341983&quot;:0,&quot;335559739&quot;:160,&quot;335559740&quot;:240}\">&nbsp;<\/span><\/li>\n<\/ul>\n<p><span data-contrast=\"auto\">Todos estos est\u00e1n disponibles despu\u00e9s del evento para los miembros a pedido en el&nbsp;<\/span><a href=\"https:\/\/hub.gbta.org\/home\"><span data-contrast=\"none\">Centro GBTA<\/span><\/a><span data-contrast=\"auto\">. Los programas seleccionados y las ideas son realmente extraordinarios y espero que los aproveches, aunque sea en fragmentos peque\u00f1os. Y hay m\u00e1s\u2026<\/span><span data-ccp-props=\"{&quot;201341983&quot;:0,&quot;335559739&quot;:160,&quot;335559740&quot;:240}\">&nbsp;<\/span><\/p>\n<ul>\n<li data-leveltext=\"-\" data-font=\"Calibri\" data-listid=\"5\" data-aria-posinset=\"1\" data-aria-level=\"1\"><span data-contrast=\"auto\">A principios de este mes, LATAM se reuni\u00f3 para la conferencia virtual de un d\u00eda de GBTA que cubri\u00f3 las mejores pr\u00e1cticas y problemas oportunos all\u00ed. En Canad\u00e1, GBTA est\u00e1 llevando el aprendizaje en persona en su camino a Vancouver, Montreal y Toronto.<\/span><\/li>\n<li data-leveltext=\"-\" data-font=\"Calibri\" data-listid=\"5\" data-aria-posinset=\"1\" data-aria-level=\"1\"><span data-contrast=\"auto\">Y, en \u00faltima instancia, el mayor espect\u00e1culo educativo en persona de todos ellos: la Convenci\u00f3n GBTA, del 17 al 19 de noviembre en Orlando, con cinco conferencias magistrales y 60 programas educativos. Estas son las sesiones educativas que son tendencia con m\u00e1s vistas por parte de los asistentes en este momento:<\/span><span data-ccp-props=\"{&quot;134233279&quot;:true,&quot;201341983&quot;:0,&quot;335559739&quot;:160,&quot;335559740&quot;:240}\">&nbsp;<\/span>\n<ul>\n<li data-leveltext=\"-\" data-font=\"Calibri\" data-listid=\"5\" data-aria-posinset=\"1\" data-aria-level=\"1\"><span data-contrast=\"none\">\u201cPreparar a sus viajeros y a ustedes mismos: gestionar las crisis\u201d<\/span><span data-ccp-props=\"{&quot;134233279&quot;:true,&quot;201341983&quot;:0,&quot;335559739&quot;:160,&quot;335559740&quot;:240}\">&nbsp;<\/span><\/li>\n<li data-leveltext=\"-\" data-font=\"Calibri\" data-listid=\"5\" data-aria-posinset=\"1\" data-aria-level=\"1\"><span data-contrast=\"none\">\u201cCreaci\u00f3n de un programa de viajes de negocios sostenible con combustible de aviaci\u00f3n sostenible\u201d<\/span><span data-ccp-props=\"{&quot;134233279&quot;:true,&quot;201341983&quot;:0,&quot;335559739&quot;:160,&quot;335559740&quot;:240}\">&nbsp;<\/span><\/li>\n<li data-leveltext=\"-\" data-font=\"Calibri\" data-listid=\"5\" data-aria-posinset=\"1\" data-aria-level=\"1\"><span data-contrast=\"none\">&quot;Tendencias tecnol\u00f3gicas: nuevos actores y expertos de la industria&quot;<\/span><span data-ccp-props=\"{&quot;134233279&quot;:true,&quot;201341983&quot;:0,&quot;335559739&quot;:160,&quot;335559740&quot;:240}\">&nbsp;<\/span><\/li>\n<li data-leveltext=\"-\" data-font=\"Calibri\" data-listid=\"5\" data-aria-posinset=\"1\" data-aria-level=\"1\"><span data-contrast=\"none\">\u201c\u00a1Estemos seguros, seamos aceptados y viajemos!\u201d<\/span><span data-ccp-props=\"{&quot;134233279&quot;:true,&quot;201341983&quot;:0,&quot;335559739&quot;:160,&quot;335559740&quot;:240}\">&nbsp;<\/span><\/li>\n<li data-leveltext=\"-\" data-font=\"Calibri\" data-listid=\"5\" data-aria-posinset=\"1\" data-aria-level=\"1\"><span data-contrast=\"none\">\u201cAsociaciones entre hoteles y clientes corporativos: trabaje de forma m\u00e1s inteligente, no m\u00e1s intensa\u201d<\/span><span data-ccp-props=\"{&quot;134233279&quot;:true,&quot;201341983&quot;:0,&quot;335559739&quot;:160,&quot;335559740&quot;:240}\">&nbsp;<\/span><\/li>\n<\/ul>\n<\/li>\n<\/ul>\n<p><span data-contrast=\"auto\">&nbsp;<\/span><span data-contrast=\"auto\">Si no puede asistir a la Convenci\u00f3n en persona este a\u00f1o, no se lo puede perder. Reg\u00edstrese para el&nbsp;<\/span><a href=\"https:\/\/gbta.org\/es\/home\/convention-replay\/\"><span data-contrast=\"none\">Repetici\u00f3n de la convenci\u00f3n<\/span><\/a><span data-contrast=\"auto\">&nbsp;paquete y tendr\u00e1 acceso a 25 sesiones educativas seleccionadas sobre la Convenci\u00f3n para aprendizaje bajo demanda posterior al evento.<\/span><span data-ccp-props=\"{&quot;201341983&quot;:0,&quot;335559739&quot;:160,&quot;335559740&quot;:240}\">&nbsp;<\/span><\/p>\n<ul>\n<li data-leveltext=\"-\" data-font=\"Calibri\" data-listid=\"5\" data-aria-posinset=\"1\" data-aria-level=\"1\"><span data-contrast=\"auto\">Y para finalizar el a\u00f1o, en diciembre, el&nbsp;<\/span><a href=\"https:\/\/europeconference.gbta.org\/Programme\/Sessions\"><span data-contrast=\"none\">Conferencia GBTA Berl\u00edn<\/span><\/a><span data-contrast=\"auto\">&nbsp;Continuar\u00e1 el poder del aprendizaje con sesiones educativas en el sitio y networking.<\/span><span data-ccp-props=\"{&quot;134233279&quot;:true,&quot;201341983&quot;:0,&quot;335559739&quot;:160,&quot;335559740&quot;:240}\">&nbsp;<\/span><\/li>\n<\/ul>\n<p><span data-contrast=\"auto\">Los tiempos de cambio e incertidumbre hacen del aprendizaje continuo una de las mejores formas de adaptarse al futuro. As\u00ed que aseg\u00farese de aprovechar las ofertas educativas de GBTA. Est\u00e1n aqu\u00ed para ayudarlo a comprender mejor el negocio de los viajes y mantener a los viajeros de negocios atendidos, seguros y bien, ahora m\u00e1s que nunca.&nbsp;<\/span><span data-ccp-props=\"{&quot;201341983&quot;:0,&quot;335559739&quot;:160,&quot;335559740&quot;:240}\">&nbsp;<\/span><\/p>\n<p>Y hablando de h\u00e9roes an\u00f3nimos, \u00a1queremos que reconozcas al tuyo en GBTA! Como iniciativa de la Junta Directiva, esta semana lanzaremos una forma para que usted reconozca a los destacados profesionales de viajes de GBTA en \u00e1reas de impacto. Est\u00e9 atento a m\u00e1s detalles. Muchos de ustedes trabajan duro en programas y proyectos y queremos saberlo todo.<\/p>\n<p><span data-contrast=\"auto\">&nbsp;<\/span><span data-ccp-props=\"{&quot;201341983&quot;:0,&quot;335559739&quot;:160,&quot;335559740&quot;:259}\">&nbsp;<\/span><\/p>\n<p><span data-contrast=\"auto\">susana<\/span><span data-ccp-props=\"{&quot;201341983&quot;:0,&quot;335559739&quot;:160,&quot;335559740&quot;:259}\">&nbsp;<\/span><\/p>\n<p><span data-ccp-props=\"{&quot;201341983&quot;:0,&quot;335559739&quot;:160,&quot;335559740&quot;:259}\">&nbsp;<\/span><\/p>\n<p><b><span data-contrast=\"none\">Noticias para saber<\/span><\/b><span data-ccp-props=\"{&quot;201341983&quot;:0,&quot;335559739&quot;:160,&quot;335559740&quot;:259}\">&nbsp;<\/span><\/p>\n<p><b><span data-contrast=\"auto\">La vacuna COVID-19 es obligatoria para los empleados y viajeros del transporte regulado a nivel federal<\/span><\/b><span data-ccp-props=\"{&quot;201341983&quot;:0,&quot;335559739&quot;:160,&quot;335559740&quot;:259}\">&nbsp;<\/span><\/p>\n<p><span data-contrast=\"auto\">Las vacunas son nuestra mejor l\u00ednea de defensa contra el COVID-19 y sus variantes y el 6 de octubre<\/span><span data-contrast=\"auto\">el<\/span><span data-contrast=\"auto\">&nbsp;El primer ministro Justin Trudeau y la viceprimera ministra Chrystia Freeland anunciaron que todos los empleadores del sector del transporte a\u00e9reo, ferroviario y mar\u00edtimo regulado por el gobierno federal deben establecer pol\u00edticas de vacunaci\u00f3n antes del 30 de octubre.<\/span><span data-contrast=\"auto\">el<\/span><span data-contrast=\"auto\">. Al mismo tiempo, los viajeros que salgan de aeropuertos canadienses y los viajeros en los trenes VIA Rail y Rocky Mountaineer deber\u00e1n estar completamente vacunados para poder viajar.&nbsp;<\/span><a href=\"https:\/\/www.canada.ca\/en\/transport-canada\/news\/2021\/10\/mandatory-covid-19-vaccination-requirements-for-federally-regulated-transportation-employees-and-travellers.html\"><span data-contrast=\"none\">Obtenga m\u00e1s informaci\u00f3n sobre estos cambios de pol\u00edtica aqu\u00ed &gt;&gt;<\/span><\/a><span data-ccp-props=\"{&quot;201341983&quot;:0,&quot;335559739&quot;:160,&quot;335559740&quot;:259}\">&nbsp;<\/span><\/p>\n<p><b><span data-contrast=\"auto\">Programa de reconocimiento facial para miembros PreCheck de Delta<\/span><\/b><span data-ccp-props=\"{&quot;201341983&quot;:0,&quot;335559739&quot;:160,&quot;335559740&quot;:259}\">&nbsp;<\/span><\/p>\n<p><span data-contrast=\"auto\">El a\u00f1o pasado, Delta comenz\u00f3 a desarrollar su programa de reconocimiento facial &quot;desde la acera hasta la puerta&quot; en Detroit con planes de expandirlo a m\u00e1s centros.&nbsp;<\/span><a href=\"https:\/\/www.businesstravelnews.com\/Transportation\/Air\/Delta-to-Launch-Facial-Recognition-Program-for-PreCheck-Members-in-Atlanta\"><span data-contrast=\"none\">La aerol\u00ednea anunci\u00f3 recientemente<\/span><\/a><span data-contrast=\"auto\">&nbsp;que los miembros de TSA Pre-Check en el Aeropuerto Internacional Hartsfield-Jackson de Atlanta ahora podr\u00e1n pasar los controles de seguridad y otros puntos de control en el South Security Checkpoint de Atlanta a\u00fan m\u00e1s r\u00e1pido con el nuevo software de reconocimiento facial en las pr\u00f3ximas semanas.<\/span><span data-ccp-props=\"{&quot;201341983&quot;:0,&quot;335559739&quot;:160,&quot;335559740&quot;:259}\">&nbsp;<\/span><\/p>\n<p><b><span data-contrast=\"auto\">75 a\u00f1os de Iberia volando por Sudam\u00e9rica<\/span><\/b><span data-ccp-props=\"{&quot;201341983&quot;:0,&quot;335559739&quot;:160,&quot;335559740&quot;:259}\">&nbsp;<\/span><\/p>\n<p><span data-contrast=\"auto\">La aerol\u00ednea espa\u00f1ola Iberia celebra el 75<\/span><span data-contrast=\"auto\">el<\/span><span data-contrast=\"auto\">&nbsp;aniversario de sus primeros vuelos a Latinoam\u00e9rica. En septiembre de 1946, un DC-4 de Iberia parti\u00f3 del aeropuerto madrile\u00f1o de Barajas con destino a Buenos Aires, estableci\u00e9ndose los primeros vuelos regulares entre Europa y Am\u00e9rica Latina. A&nbsp;<\/span><a href=\"https:\/\/aviacionaldia.com\/en\/2021\/09\/iberia-celebrates-75-years-flying-to-latin-america.html\"><span data-contrast=\"none\">celebrar 75 a\u00f1os de conexiones<\/span><\/a><span data-contrast=\"auto\">, Iberia organiz\u00f3 un evento en Casa de Am\u00e9rica con ponentes invitados, un documental y una exposici\u00f3n fotogr\u00e1fica de los \u00faltimos setenta y cinco a\u00f1os de Iberia.&nbsp;<\/span><span data-ccp-props=\"{&quot;201341983&quot;:0,&quot;335559739&quot;:160,&quot;335559740&quot;:259}\">&nbsp;<\/span><\/p>\n<p><b><span data-contrast=\"auto\">Los planificadores europeos recuperan la confianza<\/span><\/b><span data-ccp-props=\"{&quot;201341983&quot;:0,&quot;335559739&quot;:160,&quot;335559740&quot;:259}\">&nbsp;<\/span><\/p>\n<p><span data-contrast=\"auto\">Seg\u00fan un informe de CVent, ocho de cada 10 organizadores de eventos en el Reino Unido y Europa actualmente realizan funciones en persona, lo que demuestra una confianza cada vez mayor en reunir a las personas. El nuevo Informe de abastecimiento del planificador CVent 2021 presenta datos centrados en Europa que exploran eventos h\u00edbridos, funciones nacionales versus globales,&nbsp;<\/span><a href=\"https:\/\/www.businesstravelnewseurope.com\/Meetings\/Cvent-report-European-planners-regaining-confidence\"><span data-contrast=\"none\">y m\u00e1s<\/span><\/a><span data-contrast=\"auto\">.<\/span><span data-ccp-props=\"{&quot;201341983&quot;:0,&quot;335559739&quot;:160,&quot;335559740&quot;:259}\">&nbsp;<\/span><\/p>\n<p><span data-ccp-props=\"{&quot;201341983&quot;:0,&quot;335559739&quot;:160,&quot;335559740&quot;:259}\">&nbsp;<\/span><\/p>\n<p><b><span data-contrast=\"none\">Noticias y recordatorios de GBTA<\/span><\/b><span data-ccp-props=\"{&quot;201341983&quot;:0,&quot;335559739&quot;:160,&quot;335559740&quot;:259}\">&nbsp;<\/span><\/p>\n<p><b><span data-contrast=\"none\">Ayuntamiento de GBTA Europa: El panorama cambiante: navegar por el Brexit y volver a hacer negocios de manera sostenible<\/span><\/b><span data-ccp-props=\"{&quot;201341983&quot;:0,&quot;335559739&quot;:160,&quot;335559740&quot;:259}\">&nbsp;<\/span><\/p>\n<p><span data-contrast=\"none\">Los efectos del Brexit est\u00e1n en constante evoluci\u00f3n, y sortear estas nuevas restricciones y requisitos es una consideraci\u00f3n cr\u00edtica para los viajeros y administradores de viajes a medida que la fuerza laboral global regresa a los viajes de negocios. \u00danase a nosotros para nuestro&nbsp;<\/span><a href=\"https:\/\/gbta.org\/es\/calendar\/all-programs\/eventid\/1254\/e\/gbta-europe-town-hall-the-changing-landscape-navigating-brexit-and-getting-back-to-business-sustainably-12-oct-2021\/\"><span data-contrast=\"none\">Octubre Ayuntamiento de Europa<\/span><\/a><span data-contrast=\"none\">&nbsp;para escuchar a Jens Liltorp, el representante europeo en la Junta Directiva de GBTA, discutir las \u00faltimas novedades con GBTA seguido de una visi\u00f3n experta sobre c\u00f3mo gestionar las crecientes demandas documentales para que los viajeros se muevan.<\/span><span data-ccp-props=\"{&quot;201341983&quot;:0,&quot;335559739&quot;:160,&quot;335559740&quot;:259}\">&nbsp;<\/span><\/p>\n<p><b><span data-contrast=\"auto\">Listo. Seguro. Viajar. Serie de talleres<\/span><\/b><span data-ccp-props=\"{&quot;201341983&quot;:0,&quot;335559739&quot;:160,&quot;335559740&quot;:259}\">&nbsp;<\/span><\/p>\n<p><span data-contrast=\"auto\">GBTA ofrece Ready. Seguro. Viajar. Serie de talleres como un programa pr\u00e1ctico de un d\u00eda en cuatro ciudades canadienses,&nbsp;<\/span><a href=\"https:\/\/gbta.org\/es\/calendar\/all-programs\/eventid\/1212\/e\/ready-safe-travel-workshop-series-vancouver-19-oct-2021\/\"><span data-contrast=\"none\">comenzando con Vancouver el 19 de octubre<\/span><span data-contrast=\"none\">el<\/span><\/a><span data-contrast=\"auto\">. El taller ser\u00e1 una forma fundamental de volver a reunirse y, al mismo tiempo, mantenerse informado sobre la cambiante industria canadiense, las tendencias y las evoluciones para los d\u00edas y meses venideros.<\/span><span data-ccp-props=\"{&quot;201341983&quot;:0,&quot;335559739&quot;:160,&quot;335559740&quot;:259}\">&nbsp;<\/span><\/p>\n<p><b><span data-contrast=\"none\">Evento especial virtual<\/span><\/b><span data-ccp-props=\"{&quot;201341983&quot;:0,&quot;335559739&quot;:160,&quot;335559740&quot;:259}\">&nbsp;<\/span><\/p>\n<p><span data-contrast=\"none\">Disfrute del Panel Regional LATAM, gratuito para miembros activos y la Conferencia presencial 2022. Este evento en espa\u00f1ol de un d\u00eda explorar\u00e1 diferentes temas, incluido el estado actual de los viajes, el bienestar del viajero y diferentes perspectivas para el pr\u00f3ximo a\u00f1o en viajes de negocios. .&nbsp;<\/span><a href=\"https:\/\/mexicoconference.gbta.org\/Inicio?_ga=2.48185511.1848753890.1631712059-1662377632.1623420846\"><span data-contrast=\"none\">M\u00e1s informaci\u00f3n &gt;&gt;<\/span><\/a><span data-ccp-props=\"{&quot;201341983&quot;:0,&quot;335559739&quot;:160,&quot;335559740&quot;:259}\">&nbsp;<\/span><\/p>","protected":false},"excerpt":{"rendered":"<p>La educaci\u00f3n, el aprendizaje y el desarrollo profesional a veces no reciben el cr\u00e9dito que merecen por todo lo que hacen para informarnos, inspirarnos, involucrarnos y avanzar. Pero en GBTA, no son h\u00e9roes an\u00f3nimos, son las estrellas. Cuando se trata de volumen, amplitud y relevancia, GBTA se enorgullece de liderar la industria en aprendizaje durante todo el a\u00f1o y...<\/p>","protected":false},"author":25,"featured_media":0,"comment_status":"open","ping_status":"open","sticky":false,"template":"","format":"standard","meta":{"_acf_changed":false,"_seopress_robots_primary_cat":"none","_seopress_titles_title":"","_seopress_titles_desc":"","_seopress_robots_index":"","om_disable_all_campaigns":false,"_relevanssi_hide_post":"","_relevanssi_hide_content":"","_relevanssi_pin_for_all":"","_relevanssi_pin_keywords":"","_relevanssi_unpin_keywords":"","_relevanssi_related_keywords":"","_relevanssi_related_include_ids":"","_relevanssi_related_exclude_ids":"","_relevanssi_related_no_append":"","_relevanssi_related_not_related":"","_relevanssi_related_posts":"2477,1439,2017,1620,1171,2480","_relevanssi_noindex_reason":"","_kad_blocks_custom_css":"","_kad_blocks_head_custom_js":"","_kad_blocks_body_custom_js":"","_kad_blocks_footer_custom_js":"","_kad_post_transparent":"","_kad_post_title":"","_kad_post_layout":"","_kad_post_sidebar_id":"","_kad_post_content_style":"","_kad_post_vertical_padding":"","_kad_post_feature":"","_kad_post_feature_position":"","_kad_post_header":false,"_kad_post_footer":false,"footnotes":"","_links_to":"","_links_to_target":""},"categories":[1401,106,280],"tags":[],"class_list":["post-2609","post","type-post","status-publish","format-standard","hentry","category-diversity-equity-inclusion","category-latin-america","category-sustainability"],"acf":[],"featured_image_src_large":false,"author_info":{"display_name":"jcampbell","author_link":"https:\/\/gbta.org\/es\/author\/jcampbell\/"},"comment_info":"","category_info":[{"term_id":1401,"name":"Diversity, Equity &amp; Inclusion","slug":"diversity-equity-inclusion","term_group":0,"term_taxonomy_id":1401,"taxonomy":"category","description":"","parent":0,"count":40,"filter":"raw","cat_ID":1401,"category_count":40,"category_description":"","cat_name":"Diversity, Equity &amp; Inclusion","category_nicename":"diversity-equity-inclusion","category_parent":0},{"term_id":106,"name":"Latin America","slug":"latin-america","term_group":0,"term_taxonomy_id":106,"taxonomy":"category","description":"","parent":0,"count":54,"filter":"raw","cat_ID":106,"category_count":54,"category_description":"","cat_name":"Latin America","category_nicename":"latin-america","category_parent":0},{"term_id":280,"name":"Sustainability","slug":"sustainability","term_group":0,"term_taxonomy_id":280,"taxonomy":"category","description":"","parent":0,"count":130,"filter":"raw","cat_ID":280,"category_count":130,"category_description":"","cat_name":"Sustainability","category_nicename":"sustainability","category_parent":0}],"tag_info":false,"taxonomy_info":{"category":[{"value":1401,"label":"Diversity, Equity &amp; Inclusion"},{"value":106,"label":"Latin America"},{"value":280,"label":"Sustainability"}]},"featured_image_src":null,"featured_image_src_square":null,"mfb_rest_fields":["featured_image_src_large","author_info","comment_info","category_info","tag_info","taxonomy_info","featured_image_src","featured_image_src_square"],"_links":{"self":[{"href":"https:\/\/gbta.org\/es\/wp-json\/wp\/v2\/posts\/2609","targetHints":{"allow":["GET"]}}],"collection":[{"href":"https:\/\/gbta.org\/es\/wp-json\/wp\/v2\/posts"}],"about":[{"href":"https:\/\/gbta.org\/es\/wp-json\/wp\/v2\/types\/post"}],"author":[{"embeddable":true,"href":"https:\/\/gbta.org\/es\/wp-json\/wp\/v2\/users\/25"}],"replies":[{"embeddable":true,"href":"https:\/\/gbta.org\/es\/wp-json\/wp\/v2\/comments?post=2609"}],"version-history":[{"count":0,"href":"https:\/\/gbta.org\/es\/wp-json\/wp\/v2\/posts\/2609\/revisions"}],"wp:attachment":[{"href":"https:\/\/gbta.org\/es\/wp-json\/wp\/v2\/media?parent=2609"}],"wp:term":[{"taxonomy":"category","embeddable":true,"href":"https:\/\/gbta.org\/es\/wp-json\/wp\/v2\/categories?post=2609"},{"taxonomy":"post_tag","embeddable":true,"href":"https:\/\/gbta.org\/es\/wp-json\/wp\/v2\/tags?post=2609"}],"curies":[{"name":"wp","href":"https:\/\/api.w.org\/{rel}","templated":true}]}}