{"id":2640,"date":"2022-01-20T10:01:00","date_gmt":"2022-01-20T15:01:00","guid":{"rendered":"https:\/\/gbta.org\/long-term-global-business-travel-outlook-remains-strong-but-omicron-variant-dampens-near-term-momentum\/"},"modified":"2022-09-29T09:16:28","modified_gmt":"2022-09-29T13:16:28","slug":"long-term-global-business-travel-outlook-remains-strong-but-omicron-variant-dampens-near-term-momentum","status":"publish","type":"post","link":"https:\/\/gbta.org\/es\/long-term-global-business-travel-outlook-remains-strong-but-omicron-variant-dampens-near-term-momentum\/","title":{"rendered":"La perspectiva global de viajes de negocios a largo plazo sigue siendo s\u00f3lida, pero la variante de Omicron frena el impulso a corto plazo\u00a0"},"content":{"rendered":"<p><b><span data-contrast=\"none\">Alejandr\u00eda, VA <\/span><\/b><span data-contrast=\"none\">&nbsp;\u2013&nbsp;<\/span><span data-contrast=\"none\">Nuevos desarrollos de variantes,&nbsp;<\/span><span data-contrast=\"auto\">restricciones gubernamentales<\/span><span data-contrast=\"auto\">,<\/span><span data-contrast=\"auto\">&nbsp;e internacional<\/span><span data-contrast=\"auto\">&nbsp;<\/span><span data-contrast=\"auto\">las inconsistencias en las pol\u00edticas actualmente est\u00e1n obstaculizando un retorno m\u00e1s acelerado para los viajes de negocios globales<\/span><span data-contrast=\"auto\">.&nbsp;<\/span><span data-contrast=\"auto\">Sin embargo, la industria<\/span><span data-contrast=\"auto\">&nbsp;<\/span><span data-contrast=\"auto\">contin\u00faa<\/span><span data-contrast=\"auto\">&nbsp;<\/span><span data-contrast=\"auto\">para reflejar el progreso y el optimismo<\/span><span data-contrast=\"auto\">&nbsp;<\/span><span data-contrast=\"auto\">en su<\/span><span data-contrast=\"auto\">&nbsp;<\/span><span data-contrast=\"auto\">largo<\/span><span data-contrast=\"auto\">&#8211;<\/span><span data-contrast=\"auto\">vista<\/span><span data-contrast=\"auto\">&nbsp;<\/span><span data-contrast=\"auto\">expectativas para 2022<\/span><span data-contrast=\"auto\">,<\/span><span data-contrast=\"auto\">&nbsp;seg\u00fan la \u00faltima encuesta de la<\/span><span data-contrast=\"auto\">Asociaci\u00f3n Global de Viajes de Negocios (GBTA)<\/span><span data-contrast=\"auto\">,<\/span><span data-contrast=\"auto\">la asociaci\u00f3n de viajes de negocios m\u00e1s grande del mundo y l\u00edder en educaci\u00f3n, investigaci\u00f3n, creaci\u00f3n de redes y promoci\u00f3n.<\/span><span data-ccp-props=\"{&quot;134233279&quot;:true,&quot;201341983&quot;:0,&quot;335559739&quot;:160,&quot;335559740&quot;:259}\">&nbsp;<\/span><\/p>\n<p><span data-contrast=\"auto\">\u201c<\/span><span data-contrast=\"auto\">Aqu\u00ed al comienzo de un nuevo a\u00f1o<\/span><span data-contrast=\"auto\">,&nbsp;<\/span><span data-contrast=\"auto\">la industria de los viajes de negocios y los viajeros de negocios contin\u00faan enfrentando un cambio din\u00e1mico<\/span><span data-contrast=\"auto\">&nbsp;<\/span><span data-contrast=\"auto\">paisaje<\/span><span data-contrast=\"auto\">&nbsp;<\/span><span data-contrast=\"auto\">debido a Omicron<\/span><span data-contrast=\"auto\">.&nbsp;<\/span><span data-contrast=\"auto\">Una<\/span><span data-contrast=\"auto\">&nbsp;<\/span><span data-contrast=\"auto\">comentario recibido de un&nbsp;<\/span><span data-contrast=\"auto\">el encuestado lo resume f\u00e1cilmente: &#039;La incertidumbre es una gran manta mojada en los viajes [de negocios]&#039;\u201d.<\/span><span data-contrast=\"auto\">&nbsp;<\/span><span data-contrast=\"none\">dijo Suzanne Neufang, CEO, GBTA.<\/span><span data-contrast=\"auto\">&nbsp;\u201c<\/span><span data-contrast=\"none\">A pesar de la ola de Omicron y la onda de desaf\u00edos que ha creado<\/span><span data-contrast=\"none\">,<\/span><span data-contrast=\"none\">&nbsp;hay signos positivos<\/span><span data-contrast=\"none\">,<\/span><span data-contrast=\"none\">&nbsp;y<\/span><span data-contrast=\"none\">&nbsp;<\/span><span data-contrast=\"none\">industria<\/span><span data-contrast=\"none\">&nbsp;<\/span><span data-contrast=\"none\">profesionales<\/span><span data-contrast=\"none\">&nbsp;<\/span><span data-contrast=\"none\">seguir siendo optimista a largo<\/span><span data-contrast=\"none\">&#8211;<\/span><span data-contrast=\"none\">perspectiva a largo plazo de los viajes de negocios globales<\/span><span data-contrast=\"none\">.\u201d&nbsp;<\/span><span data-ccp-props=\"{&quot;134233279&quot;:true,&quot;201341983&quot;:0,&quot;335559739&quot;:160,&quot;335559740&quot;:259}\">&nbsp;<\/span><\/p>\n<p><span data-contrast=\"auto\">esta encuesta<\/span><span data-contrast=\"auto\">&nbsp;<\/span><span data-contrast=\"auto\">es el 25<\/span><span data-contrast=\"auto\">el<\/span><span data-contrast=\"auto\">en la serie de recuperaci\u00f3n COVID-19 de GBTA que sigue el pulso de<\/span><span data-contrast=\"auto\">compradores de viajes globales<\/span><span data-contrast=\"auto\">,&nbsp;<\/span><span data-contrast=\"auto\">miembros proveedores<\/span><span data-contrast=\"auto\">y otra<\/span><span data-contrast=\"auto\">&nbsp;<\/span><span data-contrast=\"auto\">partes interesadas a medida que la industria navega<\/span><span data-contrast=\"auto\">&nbsp;<\/span><span data-contrast=\"auto\">viajes de negocios en tiempos de pandemia.&nbsp;<\/span><span data-contrast=\"none\">Estos son algunos de los aspectos m\u00e1s destacados de la encuesta de enero<\/span><span data-contrast=\"none\">:<\/span><span data-ccp-props=\"{&quot;134233279&quot;:true,&quot;201341983&quot;:0,&quot;335559739&quot;:160,&quot;335559740&quot;:259}\">&nbsp;<\/span><\/p>\n<ul>\n<li data-leveltext=\"\uf0b7\" data-font=\"Symbol\" data-listid=\"46\" data-aria-posinset=\"1\" data-aria-level=\"1\"><b><span data-contrast=\"auto\">OPTIMISMO A LARGO PLAZO<\/span><\/b><span data-contrast=\"auto\">. Tres de cada cuatro gerentes de viajes esperan que el volumen de viajes de negocios en su empresa sea mucho (17%) o algo (58%) mayor en 2022 que en 2021. Otro de cada diez (12%) espera que los viajes de negocios se mantengan aproximadamente igual que en 2021, pero pocos (5%) esperan que sea menor.&nbsp;<\/span><span data-ccp-props=\"{&quot;201341983&quot;:0,&quot;335559739&quot;:160,&quot;335559740&quot;:259}\">&nbsp;<\/span><\/li>\n<\/ul>\n<p><span data-contrast=\"auto\">Entre los proveedores de viajes y<\/span><span data-contrast=\"auto\">&nbsp;<\/span><span data-contrast=\"auto\">empresas de gesti\u00f3n de viajes (TMC)<\/span><span data-contrast=\"auto\">)<\/span><span data-contrast=\"auto\">, tres de cada cuatro esperan que los ingresos de su empresa en 2022 por viajes de negocios sean mucho (25%) o algo (51%) m\u00e1s altos en comparaci\u00f3n con 2021. Otro de cada diez (13%) proveedores y TMC esperan que los ingresos de su empresa se mantengan aproximadamente iguales a 2021.<\/span><span data-ccp-props=\"{&quot;201341983&quot;:0,&quot;335559685&quot;:720,&quot;335559739&quot;:160,&quot;335559740&quot;:259}\">&nbsp;<\/span><\/p>\n<ul>\n<li data-leveltext=\"\uf0b7\" data-font=\"Symbol\" data-listid=\"46\" data-aria-posinset=\"2\" data-aria-level=\"1\"><b><span data-contrast=\"auto\">DISMINUYEN LAS CANCELACIONES DE VIAJES DE EMPRESA<\/span><\/b><b><span data-contrast=\"auto\">.&nbsp;<\/span><\/b><span data-contrast=\"auto\">Los resultados de la encuesta muestran una disminuci\u00f3n en el porcentaje de empresas que contin\u00faan suspendiendo o cancelando los viajes de negocios.<\/span><span data-contrast=\"auto\">&nbsp;<\/span><span data-contrast=\"auto\">Sesenta<\/span><span data-contrast=\"auto\">&#8211;<\/span><span data-contrast=\"auto\">el ocho por ciento (68%) de las empresas miembro de GBTA a\u00fan no han abierto viajes internacionales, en comparaci\u00f3n con 79% en la encuesta GBTA de octubre de 2021<\/span><span data-contrast=\"auto\">,<\/span><span data-contrast=\"auto\">y 29% no han abierto viajes de negocios nacionales<\/span><span data-contrast=\"auto\">&nbsp;<\/span><span data-contrast=\"auto\">contra 38% en octubre. Menos de cuatro de cada diez (38% frente a 48% en octubre) de los encuestados informan que su empresa ha suspendido o cancelado todos o la mayor\u00eda de los viajes de negocios, independientemente de la ubicaci\u00f3n.&nbsp;<\/span><span data-ccp-props=\"{&quot;201341983&quot;:0,&quot;335559739&quot;:160,&quot;335559740&quot;:259}\">&nbsp;<\/span><\/li>\n<\/ul>\n<ul>\n<li data-leveltext=\"\uf0b7\" data-font=\"Symbol\" data-listid=\"46\" data-aria-posinset=\"1\" data-aria-level=\"1\"><b><span data-contrast=\"auto\">IMPACTOS COMERCIALES ACTUALES<\/span><\/b><span data-contrast=\"auto\">.&nbsp;<\/span><span data-contrast=\"auto\">Seis de diez (60%)&nbsp;<\/span><span data-contrast=\"auto\">proveedores\/TMC<\/span><span data-contrast=\"auto\">&nbsp;<\/span><span data-contrast=\"auto\">informan que sus reservas de clientes corporativos disminuyeron con respecto al mes anterior<\/span><span data-contrast=\"auto\">.&nbsp;<\/span><span data-contrast=\"auto\">Uno de cada cinco (21%)<\/span><span data-contrast=\"auto\">&nbsp;<\/span><span data-contrast=\"auto\">caracterizar sus reservas de clientes corporativos<\/span><span data-contrast=\"auto\">&nbsp;<\/span><span data-contrast=\"auto\">como si hubiera aumentado, pero otro de cada cinco (19%) informa que sus reservas se mantuvieron igual.<\/span><span data-ccp-props=\"{&quot;201341983&quot;:0,&quot;335559739&quot;:160,&quot;335559740&quot;:259}\">&nbsp;<\/span><\/li>\n<\/ul>\n<p><span data-contrast=\"auto\">La mayor\u00eda de los proveedores y TMC encuestados est\u00e1n preocupados por el impacto de Omicron en los ingresos de su empresa. Siete de cada diez informan que Omicron probablemente tendr\u00e1 un impacto &quot;muy negativo&quot; (32%) o &quot;moderadamente negativo&quot; (38%) en los ingresos de su empresa derivados de los viajes de negocios. Otro de cada cuatro cree que Omicron tendr\u00e1 una&nbsp;<\/span><span data-contrast=\"auto\">\u201c<\/span><span data-contrast=\"auto\">ligeramente negativo<\/span><span data-contrast=\"auto\">\u201d<\/span><span data-contrast=\"auto\">&nbsp;(20%) o ning\u00fan impacto (3%) en los ingresos del negocio.<\/span><span data-ccp-props=\"{&quot;201341983&quot;:0,&quot;335559685&quot;:720,&quot;335559739&quot;:160,&quot;335559740&quot;:259}\">&nbsp;<\/span><\/p>\n<ul>\n<li data-leveltext=\"\uf0b7\" data-font=\"Symbol\" data-listid=\"46\" data-aria-posinset=\"1\" data-aria-level=\"1\"><b><span data-contrast=\"auto\">COMPARACI\u00d3N DE VARIANTES<\/span><\/b><span data-contrast=\"auto\">. Cuando se le pidi\u00f3 que comparara Omicron<\/span><span data-contrast=\"auto\">&nbsp;<\/span><span data-contrast=\"auto\">y delta<\/span><span data-contrast=\"auto\">&nbsp;<\/span><span data-contrast=\"auto\">inquietudes variantes, los encuestados fueron<\/span><span data-contrast=\"auto\">&nbsp;<\/span><span data-contrast=\"auto\">m\u00e1s positivo pero a\u00fan dividido. Dos de cada cinco informan que est\u00e1n menos preocupados (43%) por Omicron en comparaci\u00f3n con Delta o est\u00e1n igualmente preocupados (45%). Solo uno de cada diez (13%) dice estar m\u00e1s preocupado por Omicron que por Delta.<\/span><span data-ccp-props=\"{&quot;201341983&quot;:0,&quot;335559739&quot;:160,&quot;335559740&quot;:259}\">&nbsp;<\/span><\/li>\n<\/ul>\n<ul>\n<li data-leveltext=\"\uf0b7\" data-font=\"Symbol\" data-listid=\"46\" data-aria-posinset=\"2\" data-aria-level=\"1\"><b><span data-contrast=\"auto\">LA ORIENTACI\u00d3N DE LA EMPRESA NO CAMBI\u00d3 EN GRAN MEDIDA<\/span><\/b><span data-contrast=\"auto\">. Relativamente pocas empresas han introducido nuevas restricciones de viaje debido a la variante Omicron. Solo uno de cada cuatro (27%) gerentes de viajes\/oficiales de adquisiciones informa que su empresa ha introducido nuevas restricciones o requisitos de viaje, mientras que dos tercios (67%) informan que su empresa no lo ha hecho. M\u00e1s de la mitad (52%) informaron que es poco probable que su empresa lo haga.<\/span><span data-ccp-props=\"{&quot;201341983&quot;:0,&quot;335559739&quot;:160,&quot;335559740&quot;:259}\">&nbsp;<\/span><\/li>\n<\/ul>\n<ul>\n<li data-leveltext=\"\uf0b7\" data-font=\"Symbol\" data-listid=\"46\" data-aria-posinset=\"3\" data-aria-level=\"1\"><b><span data-contrast=\"auto\">MAYORES BARRERAS<\/span><\/b><span data-contrast=\"auto\">. Cuando se le pide que nombre<\/span><span data-contrast=\"auto\">&nbsp;<\/span><span data-contrast=\"auto\">la barrera m\u00e1s grande para los viajes de negocios, 43% de los encuestados mencionaron pol\u00edticas gubernamentales que restringen los viajes o los dificultan (como restricciones de entrada o cuarentenas obligatorias)<\/span><span data-contrast=\"auto\">.&nbsp;<\/span><span data-contrast=\"auto\">Los gerentes de viajes con sede en el Reino Unido (66%) y Europa (62%) eran m\u00e1s propensos que los de Am\u00e9rica del Norte (33%) a citar las pol\u00edticas gubernamentales como la principal barrera para los viajes de negocios.<\/span><span data-contrast=\"auto\">\u202f<\/span><span data-contrast=\"auto\">Por el contrario, los gerentes de viajes de Am\u00e9rica del Norte (27%) eran m\u00e1s propensos que los de Europa (15%) a decir que las pol\u00edticas de la empresa que restringen los viajes de los empleados son la mayor barrera.<\/span><span data-ccp-props=\"{&quot;201341983&quot;:0,&quot;335559739&quot;:160,&quot;335559740&quot;:259}\">&nbsp;<\/span><\/li>\n<\/ul>\n<p><span data-contrast=\"auto\">\u202f<\/span><span data-ccp-props=\"{&quot;201341983&quot;:0,&quot;335559685&quot;:720,&quot;335559739&quot;:160,&quot;335559740&quot;:259}\">&nbsp;<\/span><\/p>\n<p><span data-contrast=\"auto\">Otra parte superior<\/span><span data-contrast=\"auto\">&nbsp;<\/span><span data-contrast=\"auto\">Las barreras a los viajes de negocios nombradas incluyeron pol\u00edticas de la compa\u00f1\u00eda que restringen los viajes de los empleados (24%), falta de disposici\u00f3n\/renuencia de los empleados a viajar (9%), oficinas que no est\u00e1n completamente abiertas (9%) y congelamiento del presupuesto de viajes o ahorro de costos (6%).<\/span><span data-ccp-props=\"{&quot;201341983&quot;:0,&quot;335559685&quot;:720,&quot;335559739&quot;:160,&quot;335559740&quot;:259}\">&nbsp;<\/span><\/p>\n<ul>\n<li data-leveltext=\"\uf0b7\" data-font=\"Symbol\" data-listid=\"46\" data-aria-posinset=\"1\" data-aria-level=\"1\"><b><span data-contrast=\"auto\">SIGUEN LOS OBST\u00c1CULOS PARA LOS VIAJES INTERNACIONALES<\/span><\/b><span data-contrast=\"auto\">. Cuando se les pidi\u00f3 que nombraran las barreras espec\u00edficamente para los viajes de negocios internacionales, los encuestados dijeron incertidumbre pol\u00edtica (72%), requisitos estrictos para visitantes internacionales (69%), inconsistencias de pol\u00edticas en diferentes pa\u00edses (64%)<\/span><span data-contrast=\"auto\">,<\/span><span data-contrast=\"auto\">&nbsp;y documentaci\u00f3n y tr\u00e1mites requeridos (45%).<\/span><span data-contrast=\"auto\">&nbsp;<\/span><span data-ccp-props=\"{&quot;201341983&quot;:0,&quot;335559739&quot;:160,&quot;335559740&quot;:259}\">&nbsp;<\/span><\/li>\n<\/ul>\n<ul>\n<li data-leveltext=\"\uf0b7\" data-font=\"Symbol\" data-listid=\"46\" data-aria-posinset=\"1\" data-aria-level=\"1\"><b><span data-contrast=\"auto\">VOLVER A SALIR<\/span><\/b><span data-contrast=\"auto\">.&nbsp;<\/span><span data-contrast=\"auto\">A pesar de Omicron, la mayor\u00eda de los gerentes de viajes sienten que los empleados est\u00e1n dispuestos a viajar. Dos de cada tres (64%) sienten que sus empleados est\u00e1n&nbsp;<\/span><span data-contrast=\"auto\">\u201c<\/span><span data-contrast=\"auto\">deseoso<\/span><span data-contrast=\"auto\">\u201d<\/span><span data-contrast=\"auto\">&nbsp;o&nbsp;<\/span><span data-contrast=\"auto\">\u201c<\/span><span data-contrast=\"auto\">muy dispuesto<\/span><span data-contrast=\"auto\">\u201d<\/span><span data-contrast=\"auto\">&nbsp;viajar por negocios en el entorno actual. Sin embargo, esto fue inferior al 78% de la encuesta GBTA de octubre.<\/span><span data-contrast=\"auto\">&nbsp;<\/span><span data-contrast=\"auto\">Una mayor\u00eda de siete de cada diez (72%) miembros y partes interesadas de la GBTA informan que<\/span><span data-contrast=\"auto\">&nbsp;<\/span><span data-contrast=\"auto\">definitivamente o probablemente viajar\u00eda por negocios. Sin embargo, los encuestados con sede en Europa (49%) son m\u00e1s propensos que los de Am\u00e9rica del Norte (35%) a informar que su empresa ha cancelado todos o la mayor\u00eda de los viajes de negocios.<\/span><span data-ccp-props=\"{&quot;201341983&quot;:0,&quot;335559739&quot;:160,&quot;335559740&quot;:259}\">&nbsp;<\/span><\/li>\n<\/ul>\n<p><span data-contrast=\"auto\">\u202f<\/span><span data-ccp-props=\"{&quot;134233279&quot;:true,&quot;201341983&quot;:0,&quot;335559685&quot;:360,&quot;335559739&quot;:160,&quot;335559740&quot;:259}\">&nbsp;<\/span><\/p>","protected":false},"excerpt":{"rendered":"<p>Alexandria, VA \u2013 El desarrollo de nuevas variantes, las restricciones gubernamentales y las inconsistencias de las pol\u00edticas internacionales est\u00e1n obstaculizando actualmente un retorno m\u00e1s acelerado de los viajes de negocios globales. Sin embargo, la industria contin\u00faa reflejando progreso y optimismo en sus expectativas a largo plazo para 2022, seg\u00fan la \u00faltima encuesta de la Global Business Travel Association (GBTA), la asociaci\u00f3n de viajes de negocios m\u00e1s grande del mundo y l\u00edder en educaci\u00f3n, investigaci\u00f3n, networking y promoci\u00f3n. . \u201cAqu\u00ed, al comienzo de un nuevo a\u00f1o, la industria de viajes de negocios y los viajeros de negocios contin\u00faan enfrent\u00e1ndose a un panorama que cambia din\u00e1micamente debido a Omicron. Un comentario recibido de un encuestado lo resume f\u00e1cilmente: &quot;La incertidumbre es un...<\/p>","protected":false},"author":25,"featured_media":0,"comment_status":"open","ping_status":"open","sticky":false,"template":"","format":"standard","meta":{"_acf_changed":false,"_seopress_robots_primary_cat":"none","_seopress_titles_title":"","_seopress_titles_desc":"","_seopress_robots_index":"","om_disable_all_campaigns":false,"_relevanssi_hide_post":"","_relevanssi_hide_content":"","_relevanssi_pin_for_all":"","_relevanssi_pin_keywords":"","_relevanssi_unpin_keywords":"","_relevanssi_related_keywords":"","_relevanssi_related_include_ids":"","_relevanssi_related_exclude_ids":"","_relevanssi_related_no_append":"","_relevanssi_related_not_related":"","_relevanssi_related_posts":"1813,1894,1797,1809,5843,1817","_relevanssi_noindex_reason":"","_kad_blocks_custom_css":"","_kad_blocks_head_custom_js":"","_kad_blocks_body_custom_js":"","_kad_blocks_footer_custom_js":"","_kad_post_transparent":"","_kad_post_title":"","_kad_post_layout":"","_kad_post_sidebar_id":"","_kad_post_content_style":"","_kad_post_vertical_padding":"","_kad_post_feature":"","_kad_post_feature_position":"","_kad_post_header":false,"_kad_post_footer":false,"footnotes":"","_links_to":"","_links_to_target":""},"categories":[1437,37],"tags":[],"class_list":["post-2640","post","type-post","status-publish","format-standard","hentry","category-covid-19","category-research-and-travel-trends"],"acf":[],"featured_image_src_large":false,"author_info":{"display_name":"jcampbell","author_link":"https:\/\/gbta.org\/es\/author\/jcampbell\/"},"comment_info":"","category_info":[{"term_id":1437,"name":"COVID-19","slug":"covid-19","term_group":0,"term_taxonomy_id":1437,"taxonomy":"category","description":"","parent":0,"count":124,"filter":"raw","cat_ID":1437,"category_count":124,"category_description":"","cat_name":"COVID-19","category_nicename":"covid-19","category_parent":0},{"term_id":37,"name":"Research and Travel Trends","slug":"research-and-travel-trends","term_group":0,"term_taxonomy_id":37,"taxonomy":"category","description":"","parent":0,"count":967,"filter":"raw","cat_ID":37,"category_count":967,"category_description":"","cat_name":"Research and Travel Trends","category_nicename":"research-and-travel-trends","category_parent":0}],"tag_info":false,"taxonomy_info":{"category":[{"value":1437,"label":"COVID-19"},{"value":37,"label":"Research and Travel Trends"}]},"featured_image_src":null,"featured_image_src_square":null,"mfb_rest_fields":["featured_image_src_large","author_info","comment_info","category_info","tag_info","taxonomy_info","featured_image_src","featured_image_src_square"],"_links":{"self":[{"href":"https:\/\/gbta.org\/es\/wp-json\/wp\/v2\/posts\/2640","targetHints":{"allow":["GET"]}}],"collection":[{"href":"https:\/\/gbta.org\/es\/wp-json\/wp\/v2\/posts"}],"about":[{"href":"https:\/\/gbta.org\/es\/wp-json\/wp\/v2\/types\/post"}],"author":[{"embeddable":true,"href":"https:\/\/gbta.org\/es\/wp-json\/wp\/v2\/users\/25"}],"replies":[{"embeddable":true,"href":"https:\/\/gbta.org\/es\/wp-json\/wp\/v2\/comments?post=2640"}],"version-history":[{"count":0,"href":"https:\/\/gbta.org\/es\/wp-json\/wp\/v2\/posts\/2640\/revisions"}],"wp:attachment":[{"href":"https:\/\/gbta.org\/es\/wp-json\/wp\/v2\/media?parent=2640"}],"wp:term":[{"taxonomy":"category","embeddable":true,"href":"https:\/\/gbta.org\/es\/wp-json\/wp\/v2\/categories?post=2640"},{"taxonomy":"post_tag","embeddable":true,"href":"https:\/\/gbta.org\/es\/wp-json\/wp\/v2\/tags?post=2640"}],"curies":[{"name":"wp","href":"https:\/\/api.w.org\/{rel}","templated":true}]}}