{"id":2642,"date":"2022-01-25T10:01:00","date_gmt":"2022-01-25T15:01:00","guid":{"rendered":"https:\/\/gbta.org\/check-in-with-suzanne-44\/"},"modified":"2022-09-29T09:11:20","modified_gmt":"2022-09-29T13:11:20","slug":"check-in-with-suzanne-44","status":"publish","type":"post","link":"https:\/\/gbta.org\/es\/check-in-with-suzanne-44\/","title":{"rendered":"Comun\u00edcate con Suzanne"},"content":{"rendered":"<p><span data-contrast=\"auto\">Parece que fue ayer cuando terminamos la Convenci\u00f3n GBTA 2021 en Orlando. Sin embargo, ahora estamos completamente enfocados en la Convenci\u00f3n de 2022, del 14 al 17 de agosto en San Diego, CA, y la inscripci\u00f3n se abrir\u00e1 pronto. (<\/span><a href=\"https:\/\/convention.gbta.org\/\"><span data-contrast=\"none\">Inscribirse<\/span><\/a><span data-contrast=\"auto\">&nbsp;para actualizaciones!)<\/span><span data-ccp-props=\"{&quot;201341983&quot;:0,&quot;335559739&quot;:160,&quot;335559740&quot;:259,&quot;469777462&quot;:[720],&quot;469777927&quot;:[0],&quot;469777928&quot;:[8]}\">&nbsp;<\/span><\/p>\n<p><span data-contrast=\"auto\">Y gracias a sus comentarios posteriores a la Convenci\u00f3n de 2021, nos basamos tanto en nuestros \u00e9xitos como en las \u00e1reas que necesitan mejorar para 2022 para Re(Connect), Re(Imagine) y (Re)Create para ofrecer los eventos m\u00e1s relevantes y atractivos en el COVID- era. Y, por cierto, alcanzamos un r\u00e9cord de respuesta de todos los tiempos para los comentarios de los asistentes. La diversidad y la cantidad de comentarios desempe\u00f1ar\u00e1n un papel importante en la configuraci\u00f3n y (re)creaci\u00f3n no solo de la Convenci\u00f3n mundial anual, sino tambi\u00e9n de otros eventos y programas de GBTA en todo el mundo durante el pr\u00f3ximo a\u00f1o.&nbsp;<\/span><span data-ccp-props=\"{&quot;201341983&quot;:0,&quot;335559739&quot;:160,&quot;335559740&quot;:259,&quot;469777462&quot;:[720],&quot;469777927&quot;:[0],&quot;469777928&quot;:[8]}\">&nbsp;<\/span><\/p>\n<p><span data-contrast=\"auto\">GBTA se mantiene enfocada en satisfacer las necesidades \u00fanicas en nuestros diversos sectores industriales en este entorno tan desafiante. Basado en la encuesta posterior a la Convenci\u00f3n, esto es un poco de lo que escuchamos y estamos prestando atenci\u00f3n a medida que miramos hacia el futuro:<\/span><span data-ccp-props=\"{&quot;201341983&quot;:0,&quot;335559739&quot;:160,&quot;335559740&quot;:259,&quot;469777462&quot;:[720],&quot;469777927&quot;:[0],&quot;469777928&quot;:[8]}\">&nbsp;<\/span><\/p>\n<ul>\n<li data-leveltext=\"\u2022\" data-font=\"Arial\" data-listid=\"4\" data-aria-posinset=\"1\" data-aria-level=\"1\"><span data-contrast=\"auto\">83% de los asistentes dijeron que la Convenci\u00f3n cumpli\u00f3 o super\u00f3 sus expectativas, con m\u00e1s de la mitad de ellos d\u00e1ndonos puntajes m\u00e1ximos.<\/span><span data-ccp-props=\"{&quot;201341983&quot;:0,&quot;335559739&quot;:160,&quot;335559740&quot;:259}\">&nbsp;<\/span><\/li>\n<\/ul>\n<ul>\n<li data-leveltext=\"\u2022\" data-font=\"Arial\" data-listid=\"4\" data-aria-posinset=\"1\" data-aria-level=\"1\"><span data-contrast=\"auto\">M\u00e1s de 80% de compradores de viajes que asisten planean hacer negocios con empresas expositoras.&nbsp;<\/span><span data-ccp-props=\"{&quot;201341983&quot;:0,&quot;335559739&quot;:160,&quot;335559740&quot;:259}\">&nbsp;<\/span><\/li>\n<li data-leveltext=\"\u2022\" data-font=\"Arial\" data-listid=\"4\" data-aria-posinset=\"2\" data-aria-level=\"1\"><span data-contrast=\"auto\">75% de todos los asistentes tienen la intenci\u00f3n de regresar este a\u00f1o.&nbsp;<\/span><span data-ccp-props=\"{&quot;201341983&quot;:0,&quot;335559739&quot;:160,&quot;335559740&quot;:259}\">&nbsp;<\/span><\/li>\n<li data-leveltext=\"\u2022\" data-font=\"Arial\" data-listid=\"4\" data-aria-posinset=\"3\" data-aria-level=\"1\"><span data-contrast=\"auto\">Cuando se trata de oradores de grandes escenarios, los asistentes quieren escuchar a l\u00edderes y ejecutivos de viajes de negocios (67%), expertos en la materia (59%), empresarios de negocios famosos (49%) y oradores profesionales con historias inspiradoras (48%).&nbsp;<\/span><span data-ccp-props=\"{&quot;201341983&quot;:0,&quot;335559739&quot;:160,&quot;335559740&quot;:259}\">&nbsp;<\/span><\/li>\n<li data-leveltext=\"\u2022\" data-font=\"Arial\" data-listid=\"4\" data-aria-posinset=\"4\" data-aria-level=\"1\"><span data-contrast=\"auto\">La calificaci\u00f3n m\u00e1s alta fue para la sesi\u00f3n El futuro del trabajo y Heather McGowan. Y, en realidad, los puntajes generales de nuestro programa Main Stage fueron alentadores, y confirmaron que nuestro nuevo enfoque para la curaci\u00f3n de contenido y la entrega de los temas que m\u00e1s importan ahora est\u00e1 resonando con la mayor\u00eda de ustedes.&nbsp;<\/span><span data-ccp-props=\"{&quot;201341983&quot;:0,&quot;335559739&quot;:160,&quot;335559740&quot;:259}\">&nbsp;<\/span><\/li>\n<\/ul>\n<p><span data-ccp-props=\"{&quot;201341983&quot;:0,&quot;335559739&quot;:160,&quot;335559740&quot;:259}\">&nbsp;<\/span><span data-contrast=\"auto\">La Convenci\u00f3n del a\u00f1o pasado no estuvo exenta de desaf\u00edos, y tambi\u00e9n tomamos muy en serio sus comentarios en esas \u00e1reas. Hubo decepci\u00f3n por la disminuci\u00f3n del n\u00famero total de compradores de viajes que asistieron, as\u00ed como por el piso de la sala de exhibici\u00f3n, la elecci\u00f3n de alimentos y el empaque, todas estas \u00e1reas afectadas por las circunstancias de la pandemia.&nbsp;<\/span><span data-ccp-props=\"{&quot;201341983&quot;:0,&quot;335559739&quot;:160,&quot;335559740&quot;:259}\">&nbsp;<\/span><\/p>\n<p><span data-contrast=\"auto\">En 2022 intentaremos subir el list\u00f3n a\u00fan m\u00e1s con informaci\u00f3n sobre los desaf\u00edos clave de la industria para aprender, debatir y llevarse a casa. Con cada programa, iniciativa y evento, nuestro objetivo es seguir mejorando, brindar lo que necesita y superar sus expectativas, manteniendo a todos a salvo en el proceso. Gracias a todos los que se han conectado con nosotros. Agradecemos sus continuos comentarios. Llegar a&nbsp;<\/span><a href=\"mailto:sneufang@gbta.org\"><span data-contrast=\"none\">yo<\/span><\/a><span data-contrast=\"auto\">&nbsp;o cualquiera de los&nbsp;<\/span><a href=\"mailto:info@gbta.org\"><span data-contrast=\"none\">Personal de GBTA<\/span><\/a><span data-contrast=\"auto\">&nbsp;o miembros de la Junta. GBTA est\u00e1 aqu\u00ed para escuchar.<\/span><span data-ccp-props=\"{&quot;201341983&quot;:0,&quot;335559739&quot;:160,&quot;335559740&quot;:259}\">&nbsp;<\/span><\/p>\n<p><span data-ccp-props=\"{&quot;201341983&quot;:0,&quot;335559739&quot;:160,&quot;335559740&quot;:259}\">&nbsp;<\/span><\/p>\n<p><span style=\"text-decoration: underline\"><b>Noticias para saber<\/b>&nbsp;<\/span><\/p>\n<p><b><span data-contrast=\"none\">CDC mueve 22 nuevos destinos a su nivel de riesgo m\u00e1s alto para viajar<\/span><\/b><span data-ccp-props=\"{&quot;201341983&quot;:0,&quot;335551550&quot;:1,&quot;335551620&quot;:1,&quot;335559739&quot;:160,&quot;335559740&quot;:259}\">&nbsp;<\/span><\/p>\n<p><span data-contrast=\"none\">Los Centros para el Control y la Prevenci\u00f3n de Enfermedades de EE. UU. movieron a 22 pa\u00edses a su categor\u00eda de viaje de mayor riesgo para Covid-19 el martes. Por el contrario, la semana pasada movi\u00f3 solo dos pa\u00edses al Nivel 4, o riesgo \u201cmuy alto\u201d. Sumado al impacto: los CDC tambi\u00e9n trasladaron a 22 pa\u00edses adicionales a su categor\u00eda de Nivel 3, que se considera de &quot;alto&quot; riesgo de Covid-19.&nbsp;<\/span><a href=\"https:\/\/www.cnn.com\/travel\/article\/cdc-very-high-risk-travel-destinations-january-18\/index.html\"><span data-contrast=\"none\">Entre las naciones que pasaron al Nivel 4<\/span><\/a><span data-contrast=\"none\">&nbsp;esta semana fueron Argentina y Australia, que han mantenido algunos de los controles fronterizos m\u00e1s estrictos durante la mayor parte de la pandemia.<\/span><span data-ccp-props=\"{&quot;201341983&quot;:0,&quot;335551550&quot;:1,&quot;335551620&quot;:1,&quot;335559739&quot;:160,&quot;335559740&quot;:259}\">&nbsp;<\/span><\/p>\n<p><b><span data-contrast=\"none\">Canada Jetlines inicia entrenamiento de pilotos<\/span><\/b><span data-ccp-props=\"{&quot;201341983&quot;:0,&quot;335551550&quot;:1,&quot;335551620&quot;:1,&quot;335559739&quot;:160,&quot;335559740&quot;:259}\">&nbsp;<\/span><\/p>\n<p><span data-contrast=\"none\">Transport Canada ha dado a Canada Jetlines&nbsp;<\/span><a href=\"https:\/\/www.travelweek.ca\/news\/canada-jetlines-begins-pilot-training\/\"><span data-contrast=\"none\">la luz verde para comenzar el entrenamiento de la tripulaci\u00f3n de vuelo antes de su lanzamiento en la primavera de 2022<\/span><\/a><span data-contrast=\"none\">. La aprobaci\u00f3n final del programa Pilot Training se otorgar\u00e1 una vez que Transport Canada haya revisado la capacitaci\u00f3n, consider\u00e1ndola satisfactoria. \u201cEste es un hito importante en el proceso de Certificaci\u00f3n de Operador A\u00e9reo con Transport Canada\u201d, dijo Eddy Doyle, director ejecutivo de Canada Jetlines. \u201cNuestra primera tripulaci\u00f3n comenzar\u00e1 su programa de capacitaci\u00f3n de pilotos este mes y est\u00e1 programado que complete la capacitaci\u00f3n en simulador a fines de febrero\u201d.<\/span><span data-ccp-props=\"{&quot;201341983&quot;:0,&quot;335551550&quot;:1,&quot;335551620&quot;:1,&quot;335559739&quot;:160,&quot;335559740&quot;:259}\">&nbsp;<\/span><\/p>\n<p><b><span data-contrast=\"none\">El gobierno del Reino Unido considera eliminar las pruebas del segundo d\u00eda para los viajeros vacunados<\/span><\/b><span data-ccp-props=\"{&quot;201341983&quot;:0,&quot;335551550&quot;:1,&quot;335551620&quot;:1,&quot;335559739&quot;:160,&quot;335559740&quot;:259}\">&nbsp;<\/span><\/p>\n<p><span data-contrast=\"none\">Dentro de las pr\u00f3ximas semanas, los viajeros completamente vacunados al Reino Unido podr\u00edan poder&nbsp;<\/span><a href=\"https:\/\/www.businesstravelnewseurope.com\/Management\/UK-government-considers-axing-day-two-tests-for-vaccinated-travellers\"><span data-contrast=\"none\">ingresar al pa\u00eds sin ninguna prueba de COVID-19<\/span><\/a><span data-contrast=\"none\">. Actualmente, los viajeros que regresan a Inglaterra deben realizar una prueba de ant\u00edgeno o de flujo lateral el d\u00eda dos, y cualquiera que d\u00e9 positivo por Covid debe aislarse por s\u00ed mismo durante 10 d\u00edas. Se espera un anuncio sobre el descarte de las pruebas del d\u00eda dos para viajeros completamente vacunados alrededor del 26 de enero.<\/span><span data-ccp-props=\"{&quot;201341983&quot;:0,&quot;335551550&quot;:1,&quot;335551620&quot;:1,&quot;335559739&quot;:160,&quot;335559740&quot;:259}\">&nbsp;<\/span><\/p>\n<p><b><span data-contrast=\"none\">LATAM se asocia con el rival de British Airways tras dejar oneworld<\/span><\/b><span data-ccp-props=\"{&quot;201341983&quot;:0,&quot;335551550&quot;:1,&quot;335551620&quot;:1,&quot;335559739&quot;:160,&quot;335559740&quot;:259}\">&nbsp;<\/span><\/p>\n<p><span data-contrast=\"none\">LATAM Airlines Group firmar\u00e1 un acuerdo de c\u00f3digo compartido con Virgin Atlantic,&nbsp;<\/span><a href=\"https:\/\/simpleflying.com\/latam-virgin-atlantic-partnership\/\"><span data-contrast=\"none\">ambos operadores han anunciado<\/span><\/a><span data-contrast=\"none\">. Desde que dej\u00f3 oneworld, LATAM se ha acercado m\u00e1s a Delta Air Lines y sus socios, Virgin y Aerom\u00e9xico.<\/span><span data-ccp-props=\"{&quot;201341983&quot;:0,&quot;335551550&quot;:1,&quot;335551620&quot;:1,&quot;335559739&quot;:160,&quot;335559740&quot;:259}\">&nbsp;<\/span><\/p>\n<p><span data-ccp-props=\"{&quot;201341983&quot;:0,&quot;335551550&quot;:1,&quot;335551620&quot;:1,&quot;335559739&quot;:160,&quot;335559740&quot;:259}\">&nbsp;<\/span><\/p>\n<p><span style=\"text-decoration: underline\"><b>Noticias y recordatorios de GBTA<\/b>&nbsp;<\/span><\/p>\n<p><b><span data-contrast=\"none\">Listo. Seguro. Viaje. Foro de discusi\u00f3n de Canad\u00e1<\/span><\/b><span data-ccp-props=\"{&quot;201341983&quot;:0,&quot;335551550&quot;:1,&quot;335551620&quot;:1,&quot;335559739&quot;:160,&quot;335559740&quot;:259}\">&nbsp;<\/span><\/p>\n<p><span data-contrast=\"none\">26 de enero de 2022 | 13:00 EST<\/span><br \/>\n<span data-contrast=\"none\">El Listo. Seguro. Viaje. El Foro de Discusi\u00f3n de Canad\u00e1 es un programa virtual gratuito y ser\u00e1 un punto destacado de los aprendizajes clave y las conclusiones sobre pol\u00edticas de las sesiones originales de Ready. Seguro. Programa de la serie de talleres sobre viajes a Canad\u00e1.&nbsp;<\/span><a href=\"https:\/\/gbta.org\/es\/membership-communities\/regions\/canada\/ready-safe-travel-canada-discussion-forum\/\"><span data-contrast=\"none\">Obtenga m\u00e1s informaci\u00f3n y reg\u00edstrese &gt;&gt;<\/span><\/a><span data-ccp-props=\"{&quot;201341983&quot;:0,&quot;335551550&quot;:1,&quot;335551620&quot;:1,&quot;335559739&quot;:160,&quot;335559740&quot;:259}\">&nbsp;<\/span><\/p>\n<p><b><span data-contrast=\"auto\">Ayuntamiento de GBTA Europa<\/span><\/b><span data-ccp-props=\"{&quot;201341983&quot;:0,&quot;335551550&quot;:1,&quot;335551620&quot;:1,&quot;335559739&quot;:160,&quot;335559740&quot;:259}\">&nbsp;<\/span><\/p>\n<p><span data-contrast=\"auto\">27 de enero de 2022 | 14:00 GMT<\/span><br \/>\n<span data-contrast=\"auto\">\u00danase a nosotros para el primer Ayuntamiento de GBTA Europa de 2022 para obtener las \u00faltimas noticias de GBTA en la regi\u00f3n y conocer a Ben Park, presidente entrante de la Junta Asesora de GBTA Europa. Tambi\u00e9n nos acompa\u00f1ar\u00e1 el director de investigaci\u00f3n de GBTA, Chris Ely, quien presentar\u00e1 GBTA BTI Business Travel Outlook y brindar\u00e1 informaci\u00f3n valiosa sobre cu\u00e1ndo podemos esperar ver un regreso a los viajes y las fuerzas econ\u00f3micas que sustentar\u00e1n este crecimiento.<\/span><span data-ccp-props=\"{&quot;201341983&quot;:0,&quot;335551550&quot;:1,&quot;335551620&quot;:1,&quot;335559739&quot;:160,&quot;335559740&quot;:259}\">&nbsp;<a href=\"https:\/\/gbta.org\/es\/EventCalendar\/EventRegistrationStep1\/?eventcd=27DL0122\">Reg\u00edstrese hoy &gt;&gt;<\/a><\/span><\/p>\n<p><b><span data-contrast=\"none\">Reproducci\u00f3n de la Convenci\u00f3n GBTA<\/span><\/b><span data-ccp-props=\"{&quot;201341983&quot;:0,&quot;335551550&quot;:1,&quot;335551620&quot;:1,&quot;335559739&quot;:160,&quot;335559740&quot;:259}\">&nbsp;<\/span><\/p>\n<p><span data-contrast=\"none\">No te pierdas la nueva y \u00fanica experiencia, echa un vistazo&nbsp;<\/span><a href=\"https:\/\/gbta.org\/es\/home\/convention-replay\/?_ga=2.47506215.1064344315.1635258174-143742742.1632159933\"><span data-contrast=\"none\">Repetici\u00f3n de la convenci\u00f3n<\/span><\/a><span data-contrast=\"none\">! Con 5 sesiones de transmisi\u00f3n en vivo en el escenario principal, 25 sesiones educativas, conexiones de expositores virtuales y m\u00e1s, puede aprovechar el valor de la reuni\u00f3n insignia de la industria de viajes de negocios de la manera adecuada para usted.&nbsp;<\/span><span data-ccp-props=\"{&quot;201341983&quot;:0,&quot;335551550&quot;:1,&quot;335551620&quot;:1,&quot;335559739&quot;:160,&quot;335559740&quot;:259}\">&nbsp;<\/span><\/p>","protected":false},"excerpt":{"rendered":"<p>Parece que fue ayer cuando terminamos la Convenci\u00f3n GBTA 2021 en Orlando. Sin embargo, ahora estamos completamente enfocados en la Convenci\u00f3n de 2022, del 14 al 17 de agosto en San Diego, CA, y la inscripci\u00f3n se abrir\u00e1 pronto. (\u00a1Reg\u00edstrese para recibir actualizaciones!) Y gracias a sus comentarios posteriores a la Convenci\u00f3n de 2021, estamos construyendo sobre nuestros \u00e9xitos y \u00e1reas que necesitan mejoras para 2022 para Re(Connect), Re(Imagine) y (Re)Create para ofrecer lo m\u00e1s relevante. y eventos interesantes en la era COVID. Y, por cierto, alcanzamos un r\u00e9cord de respuesta de todos los tiempos para los comentarios de los asistentes. La diversidad y la cantidad de comentarios jugar\u00e1n un papel importante...<\/p>","protected":false},"author":25,"featured_media":0,"comment_status":"open","ping_status":"open","sticky":false,"template":"","format":"standard","meta":{"_acf_changed":false,"_seopress_robots_primary_cat":"none","_seopress_titles_title":"","_seopress_titles_desc":"","_seopress_robots_index":"","om_disable_all_campaigns":false,"_relevanssi_hide_post":"","_relevanssi_hide_content":"","_relevanssi_pin_for_all":"","_relevanssi_pin_keywords":"","_relevanssi_unpin_keywords":"","_relevanssi_related_keywords":"","_relevanssi_related_include_ids":"","_relevanssi_related_exclude_ids":"","_relevanssi_related_no_append":"","_relevanssi_related_not_related":"","_relevanssi_related_posts":"2477,1439,2017,1620,1171,2480","_relevanssi_noindex_reason":"","_kad_blocks_custom_css":"","_kad_blocks_head_custom_js":"","_kad_blocks_body_custom_js":"","_kad_blocks_footer_custom_js":"","_kad_post_transparent":"","_kad_post_title":"","_kad_post_layout":"","_kad_post_sidebar_id":"","_kad_post_content_style":"","_kad_post_vertical_padding":"","_kad_post_feature":"","_kad_post_feature_position":"","_kad_post_header":false,"_kad_post_footer":false,"footnotes":"","_links_to":"","_links_to_target":""},"categories":[1437,1401,37],"tags":[1450],"class_list":["post-2642","post","type-post","status-publish","format-standard","hentry","category-covid-19","category-diversity-equity-inclusion","category-research-and-travel-trends","tag-check-in-with-suzanne"],"acf":[],"featured_image_src_large":false,"author_info":{"display_name":"jcampbell","author_link":"https:\/\/gbta.org\/es\/author\/jcampbell\/"},"comment_info":"","category_info":[{"term_id":1437,"name":"COVID-19","slug":"covid-19","term_group":0,"term_taxonomy_id":1437,"taxonomy":"category","description":"","parent":0,"count":124,"filter":"raw","cat_ID":1437,"category_count":124,"category_description":"","cat_name":"COVID-19","category_nicename":"covid-19","category_parent":0},{"term_id":1401,"name":"Diversity, Equity &amp; Inclusion","slug":"diversity-equity-inclusion","term_group":0,"term_taxonomy_id":1401,"taxonomy":"category","description":"","parent":0,"count":40,"filter":"raw","cat_ID":1401,"category_count":40,"category_description":"","cat_name":"Diversity, Equity &amp; Inclusion","category_nicename":"diversity-equity-inclusion","category_parent":0},{"term_id":37,"name":"Research and Travel Trends","slug":"research-and-travel-trends","term_group":0,"term_taxonomy_id":37,"taxonomy":"category","description":"","parent":0,"count":966,"filter":"raw","cat_ID":37,"category_count":966,"category_description":"","cat_name":"Research and Travel Trends","category_nicename":"research-and-travel-trends","category_parent":0}],"tag_info":[{"term_id":1450,"name":"Check-in with Suzanne","slug":"check-in-with-suzanne","term_group":0,"term_taxonomy_id":1450,"taxonomy":"post_tag","description":"","parent":0,"count":47,"filter":"raw"}],"taxonomy_info":{"category":[{"value":1437,"label":"COVID-19"},{"value":1401,"label":"Diversity, Equity &amp; Inclusion"},{"value":37,"label":"Research and Travel Trends"}],"post_tag":[{"value":1450,"label":"Check-in with Suzanne"}]},"featured_image_src":null,"featured_image_src_square":null,"mfb_rest_fields":["featured_image_src_large","author_info","comment_info","category_info","tag_info","taxonomy_info","featured_image_src","featured_image_src_square"],"_links":{"self":[{"href":"https:\/\/gbta.org\/es\/wp-json\/wp\/v2\/posts\/2642","targetHints":{"allow":["GET"]}}],"collection":[{"href":"https:\/\/gbta.org\/es\/wp-json\/wp\/v2\/posts"}],"about":[{"href":"https:\/\/gbta.org\/es\/wp-json\/wp\/v2\/types\/post"}],"author":[{"embeddable":true,"href":"https:\/\/gbta.org\/es\/wp-json\/wp\/v2\/users\/25"}],"replies":[{"embeddable":true,"href":"https:\/\/gbta.org\/es\/wp-json\/wp\/v2\/comments?post=2642"}],"version-history":[{"count":0,"href":"https:\/\/gbta.org\/es\/wp-json\/wp\/v2\/posts\/2642\/revisions"}],"wp:attachment":[{"href":"https:\/\/gbta.org\/es\/wp-json\/wp\/v2\/media?parent=2642"}],"wp:term":[{"taxonomy":"category","embeddable":true,"href":"https:\/\/gbta.org\/es\/wp-json\/wp\/v2\/categories?post=2642"},{"taxonomy":"post_tag","embeddable":true,"href":"https:\/\/gbta.org\/es\/wp-json\/wp\/v2\/tags?post=2642"}],"curies":[{"name":"wp","href":"https:\/\/api.w.org\/{rel}","templated":true}]}}