{"id":2669,"date":"2021-12-03T10:01:00","date_gmt":"2021-12-03T15:01:00","guid":{"rendered":"https:\/\/gbta.org\/politics-of-travel-latest-travel-restrictions-safs-bb8-and-tales-of-u-s-leg-summit\/"},"modified":"2022-09-28T15:37:45","modified_gmt":"2022-09-28T19:37:45","slug":"politics-of-travel-latest-travel-restrictions-safs-bb8-and-tales-of-u-s-leg-summit","status":"publish","type":"post","link":"https:\/\/gbta.org\/es\/politics-of-travel-latest-travel-restrictions-safs-bb8-and-tales-of-u-s-leg-summit\/","title":{"rendered":"Pol\u00edtica de viajes Restricciones de viaje m\u00e1s recientes, SAF, BB8 e historias de EE. UU. Leg. Cumbre"},"content":{"rendered":"<p>Estaba todo empacado, ten\u00eda un corte de cabello nuevo y estaba arreglando mi documentaci\u00f3n para mi viaje a la Conferencia GBTA, Berl\u00edn en asociaci\u00f3n con VDR cuando&nbsp;<a href=\"https:\/\/www.youtube.com\/watch?v=PtzhvJh9NRY\">Bocazas COVID golpe\u00f3 de nuevo<\/a>&nbsp;y la conferencia fue&nbsp;<a href=\"https:\/\/europeconference.gbta.org\/\">pospuesto<\/a>. Estoy decepcionado, pero s\u00e9 que la conferencia ser\u00e1 excelente esta primavera. Y, \u00bfqui\u00e9n no quiere estar en Berl\u00edn en primavera?<\/p>\n<p>Para aquellos que est\u00e1n indecisos, perm\u00edtanme decir que el impacto de las reuniones en persona no puede subestimarse.<\/p>\n<p>La Convenci\u00f3n GBTA super\u00f3 mis expectativas; espero que tambi\u00e9n lo haga para usted. La alegr\u00eda de ver a tantos de ustedes fue abrumadora. Me encontr\u00e9 con gente que no hab\u00eda visto en m\u00e1s de dos a\u00f1os. Tuve conversaciones significativas sobre el trabajo y nuestra vida personal. No me hab\u00eda dado cuenta de cu\u00e1nto se hab\u00eda perdido hasta que experiment\u00e9 estas conexiones personales. GRACIAS a quienes estuvieron en Orlando. PD. Sentado aqu\u00ed escribiendo esto, apareci\u00f3 un anuncio del Portal de Facebook: lo virtual no se acerca ni remotamente a lo presencial.<\/p>\n<p><a href=\"https:\/\/www.youtube.com\/watch?v=_JYkbmtvwjY\"><b>CASTILLOS HECHOS EN ARENA:<\/b><\/a>&nbsp;Con el repentino surgimiento de la variante Omicron, algunos pa\u00edses tuvieron reacciones instintivas y emitieron prohibiciones de viaje.&nbsp;<a href=\"https:\/\/gbta.org\/es\/blog\/gbta-calls-for-clear-and-consistent-approach-to-travel-restrictions-in-light-of-the-omicron-variant\/\">Estas prohibiciones fueron motivo de preocupaci\u00f3n para GBTA<\/a>. Adem\u00e1s, fueron motivo de preocupaci\u00f3n los informes de que la Administraci\u00f3n Biden consider\u00f3 cuarentenas independientemente del estado de vacunaci\u00f3n o prueba y pa\u00edses adicionales a los que se les prohibi\u00f3 viajar.<\/p>\n<p>GBTA tom\u00f3 el mensaje de que cualquier acci\u00f3n tomada debe centrarse en la vacunaci\u00f3n o el estado de recuperaci\u00f3n y el riesgo individual del viajero, en lugar de restricciones de viaje de gran alcance o cierres fronterizos para los funcionarios de la UE, el Congreso y la Administraci\u00f3n. \u00a1Agradecemos a todos aquellos que escucharon a la industria de viajes! Dicho esto, la reacci\u00f3n de los gobiernos de ir directamente a las prohibiciones de viaje fue muy preocupante. Continuaremos presionando para que los viajes se puedan realizar de manera segura y sean vitales para la econom\u00eda y el bienestar de las personas. Permaneceremos atentos a aquellos que no entienden la mitigaci\u00f3n de riesgos frente a la eliminaci\u00f3n de riesgos y presionaremos por restricciones adicionales poco realistas.<\/p>\n<p><a href=\"https:\/\/www.youtube.com\/watch?v=PnvI8wJ9WtU\"><b>24 HORAS:<\/b><\/a>&nbsp;El 2 de diciembre, la Administraci\u00f3n Biden introdujo nuevas acciones para la variante Omicron,&nbsp;<a href=\"https:\/\/www.whitehouse.gov\/briefing-room\/statements-releases\/2021\/12\/02\/fact-sheet-president-biden-announces-new-actions-to-protect-americans-against-the-delta-and-omicron-variants-as-we-battle-covid-19-this-winter\/\">Hoja informativa de la Casa Blanca<\/a>&nbsp;Cabe destacar para los viajeros el tiempo reducido de 72 a 24 horas para los protocolos de prueba previos a la salida al exigir que todos los viajeros internacionales entrantes se realicen la prueba dentro del d\u00eda anterior a la salida a nivel mundial, independientemente de su nacionalidad o estado de vacunaci\u00f3n.&nbsp;<a href=\"https:\/\/www.cdc.gov\/coronavirus\/2019-ncov\/travelers\/testing-international-air-travelers.html\">Aqu\u00ed est\u00e1 el enlace a la gu\u00eda de los CDC. Parece que las pruebas de PCR y de ant\u00edgeno siguen siendo aceptables<\/a>. Hubo algunas dudas sobre si se permitir\u00edan las pruebas de ant\u00edgeno en el hogar, pero las preguntas a\u00fan no han sido respondidas. Estas nuevas reglas entrar\u00e1n en vigencia la semana del 6 de diciembre.<\/p>\n<p>Las nuevas reglas tambi\u00e9n extienden el requisito de usar una m\u00e1scara en aviones, viajes en tren y transporte p\u00fablico hasta el 18 de marzo. Las multas por incumplimiento continuar\u00e1n duplic\u00e1ndose desde sus niveles iniciales por incumplimiento de los requisitos de uso de m\u00e1scara, con una multa m\u00ednima de $500 y multas de hasta $3.000 para los reincidentes. Puedes leer m\u00e1s aqu\u00ed en&nbsp;<a href=\"https:\/\/edition.cnn.com\/travel\/article\/new-us-travel-rules-omicron-what-to-know\/index.html\">CNN<\/a>&nbsp;o puedes leer el&nbsp;<a href=\"https:\/\/www.whitehouse.gov\/briefing-room\/press-briefings\/2021\/12\/02\/background-press-call-by-senior-administration-officials-on-new-actions-to-protect-americans-against-the-delta-and-omicron-variants-this-winter\/\">Transcripci\u00f3n del resumen informativo de prensa de la Casa Blanca.<\/a><\/p>\n<p><a href=\"https:\/\/www.youtube.com\/watch?v=E1fzJ_AYajA\"><b>ROBAR MI SOL:<\/b><\/a>&nbsp;El mi\u00e9rcoles pasado, United Airlines complet\u00f3 su primer vuelo de pasajeros utilizando combustible de aviaci\u00f3n sostenible (SAFS). El Boeing 737 MAX 8 us\u00f3 SAF en un motor fabricado por General Electric y Safran, y combustible para aviones est\u00e1ndar en su segundo motor. El avi\u00f3n vol\u00f3 desde Chicago O&#039;Hare a Washington DC con m\u00e1s de 100 viajeros.<\/p>\n<p>GBTA apoya los SAF y las medidas sostenibles. Si no asisti\u00f3 a la Convenci\u00f3n GBTA en Orlando, se perdi\u00f3 una sesi\u00f3n excepcional y un fant\u00e1stico panel de discusi\u00f3n. SHH no le digas a nadie, pero tu puedes&nbsp;<a href=\"https:\/\/www.youtube.com\/watch?v=L3SjoNLN-1M\">M\u00edralo aqu\u00ed<\/a><\/p>\n<p><a href=\"https:\/\/www.youtube.com\/watch?v=eGp47YwDZ48\"><b>DE FRENTE:<\/b><\/a><b>&nbsp;<\/b>GBTA junto con 70 organizaciones de viajes y turismo del Comit\u00e9 Europeo de Viajes envi\u00f3 un Manifiesto de Turismo en respuesta a las nuevas propuestas de la Comisi\u00f3n Europea para armonizar las reglas de viaje&nbsp;<a href=\"https:\/\/ec.europa.eu\/commission\/presscorner\/detail\/en\/ip_21_6186\">dentro de<\/a>&nbsp;y&nbsp;<a href=\"https:\/\/ec.europa.eu\/commission\/presscorner\/detail\/en\/ip_21_6185\">a<\/a>&nbsp;la UE - incluido el per\u00edodo de validez propuesto del Certificado Covid Digital de la UE de 9 meses - IMPORTANTE. El Manifiesto se puede leer&nbsp;<a href=\"https:\/\/tourismmanifesto.eu\/position-on-the-european-commissions-proposals-for-council-recommendations-on-intra-eu-and-international-travel\/\">aqu\u00ed<\/a><\/p>\n<p><a href=\"https:\/\/www.youtube.com\/watch?v=QjZbPA1cMIU\"><b>MONTA\u00d1A RUSA DEL AMOR:<\/b><\/a>&nbsp;Anoche, el Congreso aprob\u00f3 un parche de financiamiento provisional, HR 6119 (116), con cada c\u00e1mara actuando en r\u00e1pida sucesi\u00f3n. El proyecto de ley mantendr\u00e1 el funcionamiento del gobierno y mantendr\u00e1 la financiaci\u00f3n en los niveles actuales hasta el 18 de febrero. Un grupo de senadores conservadores hab\u00eda exigido un voto de mayor\u00eda simple para desfinanciar el mandato de vacunas del presidente Joe Biden en las empresas estadounidenses, que fracas\u00f3 48-50. Minutos despu\u00e9s, el Senado aprob\u00f3 el proyecto de ley de financiaci\u00f3n, 69-28. As\u00ed que tenemos eso a nuestro favor en los EE. UU., pero hay varios elementos m\u00e1s que deben aprobarse, incluido el aumento del l\u00edmite de deuda. Y no se olvide del plan Build Back Better que a\u00fan se est\u00e1 resolviendo.<\/p>\n<p><a href=\"https:\/\/twitter.com\/ehcanadamemes\/status\/1265321080396419075\/photo\/1\"><b>EV CR\u00c9DITO EH?<\/b><\/a><b>:<\/b>&nbsp;<a href=\"https:\/\/www.youtube.com\/watch?v=_RWWKFqv7EM\">Hablando de BBB<\/a>, la ministra canadiense de Comercio Internacional, Mary Ng, finaliza hoy su misi\u00f3n de tres d\u00edas en DC. La tarea era redoblar los esfuerzos para lograr que Estados Unidos diera marcha atr\u00e1s en el controvertido cr\u00e9dito fiscal para veh\u00edculos el\u00e9ctricos para los fabricantes de autom\u00f3viles estadounidenses en el plan Build Back Better del presidente Biden. El primer ministro Trudeau expres\u00f3 su preocupaci\u00f3n por el cr\u00e9dito fiscal propuesto para veh\u00edculos el\u00e9ctricos en la vida real en la Cumbre de los Tres Amigos hace un par de semanas. No est\u00e1 claro si la medida permanecer\u00e1 en la versi\u00f3n del Senado del proyecto de ley de reconciliaci\u00f3n BBB, pero supongo que as\u00ed ser\u00e1.<\/p>\n<p><a href=\"https:\/\/www.youtube.com\/watch?v=JE-dqW4uBEE\"><b>BLISTER AL SOL:<\/b><\/a><b>&nbsp;<\/b>Para aquellos en los EE. UU., estamos planeando relanzar el Chapter Challenge y tengo RFPS en DC buscando un lugar para la Cumbre Legislativa. Las fechas probablemente caer\u00e1n en las semanas del 6 y 13 de junio.<sup>el<\/sup>. \u00a1RESERVA LAS FECHAS! \u00a1Necesitaremos que asista para impulsar la industria! As\u00ed te preparas para las ampollas del sol y la humedad<\/p>\n<p>shane downey<br \/>\nVicepresidente, Relaciones Gubernamentales y Comunitarias<br \/>\nGBTA<br \/>\n<a href=\"mailto:sdowney@gbta.org\">sdowney@gbta.org<\/a><br \/>\n(O) 703 236-1131<br \/>\n(C) 703 459-7425<\/p>","protected":false},"excerpt":{"rendered":"<p>Estaba todo empacado, ten\u00eda un corte de cabello nuevo y estaba organizando mi documentaci\u00f3n para mi viaje a la Conferencia GBTA, Berl\u00edn en asociaci\u00f3n con VDR cuando COVID bocazas golpe\u00f3 nuevamente y la Conferencia se pospuso. Estoy decepcionado, pero s\u00e9 que la conferencia ser\u00e1 excelente esta primavera. Y, qui\u00e9n no quiere estar en\u2026<\/p>","protected":false},"author":25,"featured_media":0,"comment_status":"open","ping_status":"open","sticky":false,"template":"","format":"standard","meta":{"_acf_changed":false,"_seopress_robots_primary_cat":"none","_seopress_titles_title":"","_seopress_titles_desc":"","_seopress_robots_index":"","om_disable_all_campaigns":false,"_relevanssi_hide_post":"","_relevanssi_hide_content":"","_relevanssi_pin_for_all":"","_relevanssi_pin_keywords":"","_relevanssi_unpin_keywords":"","_relevanssi_related_keywords":"","_relevanssi_related_include_ids":"","_relevanssi_related_exclude_ids":"","_relevanssi_related_no_append":"","_relevanssi_related_not_related":"","_relevanssi_related_posts":"1813,1894,1971,1502,2637,1897","_relevanssi_noindex_reason":"","_kad_blocks_custom_css":"","_kad_blocks_head_custom_js":"","_kad_blocks_body_custom_js":"","_kad_blocks_footer_custom_js":"","_kad_post_transparent":"","_kad_post_title":"","_kad_post_layout":"","_kad_post_sidebar_id":"","_kad_post_content_style":"","_kad_post_vertical_padding":"","_kad_post_feature":"","_kad_post_feature_position":"","_kad_post_header":false,"_kad_post_footer":false,"footnotes":"","_links_to":"","_links_to_target":""},"categories":[1452,1307],"tags":[],"class_list":["post-2669","post","type-post","status-publish","format-standard","hentry","category-gbta-advocacy-newsletters","category-government-relations"],"acf":[],"featured_image_src_large":false,"author_info":{"display_name":"jcampbell","author_link":"https:\/\/gbta.org\/es\/author\/jcampbell\/"},"comment_info":"","category_info":[{"term_id":1452,"name":"GBTA Advocacy Newsletters","slug":"gbta-advocacy-newsletters","term_group":0,"term_taxonomy_id":1452,"taxonomy":"category","description":"","parent":0,"count":29,"filter":"raw","cat_ID":1452,"category_count":29,"category_description":"","cat_name":"GBTA Advocacy Newsletters","category_nicename":"gbta-advocacy-newsletters","category_parent":0},{"term_id":1307,"name":"Government Relations","slug":"government-relations","term_group":0,"term_taxonomy_id":1307,"taxonomy":"category","description":"","parent":0,"count":61,"filter":"raw","cat_ID":1307,"category_count":61,"category_description":"","cat_name":"Government Relations","category_nicename":"government-relations","category_parent":0}],"tag_info":false,"taxonomy_info":{"category":[{"value":1452,"label":"GBTA Advocacy Newsletters"},{"value":1307,"label":"Government Relations"}]},"featured_image_src":null,"featured_image_src_square":null,"mfb_rest_fields":["featured_image_src_large","author_info","comment_info","category_info","tag_info","taxonomy_info","featured_image_src","featured_image_src_square"],"_links":{"self":[{"href":"https:\/\/gbta.org\/es\/wp-json\/wp\/v2\/posts\/2669","targetHints":{"allow":["GET"]}}],"collection":[{"href":"https:\/\/gbta.org\/es\/wp-json\/wp\/v2\/posts"}],"about":[{"href":"https:\/\/gbta.org\/es\/wp-json\/wp\/v2\/types\/post"}],"author":[{"embeddable":true,"href":"https:\/\/gbta.org\/es\/wp-json\/wp\/v2\/users\/25"}],"replies":[{"embeddable":true,"href":"https:\/\/gbta.org\/es\/wp-json\/wp\/v2\/comments?post=2669"}],"version-history":[{"count":0,"href":"https:\/\/gbta.org\/es\/wp-json\/wp\/v2\/posts\/2669\/revisions"}],"wp:attachment":[{"href":"https:\/\/gbta.org\/es\/wp-json\/wp\/v2\/media?parent=2669"}],"wp:term":[{"taxonomy":"category","embeddable":true,"href":"https:\/\/gbta.org\/es\/wp-json\/wp\/v2\/categories?post=2669"},{"taxonomy":"post_tag","embeddable":true,"href":"https:\/\/gbta.org\/es\/wp-json\/wp\/v2\/tags?post=2669"}],"curies":[{"name":"wp","href":"https:\/\/api.w.org\/{rel}","templated":true}]}}