{"id":2682,"date":"2022-04-19T10:01:00","date_gmt":"2022-04-19T14:01:00","guid":{"rendered":"https:\/\/gbta.org\/check-in-with-suzanne-56\/"},"modified":"2022-09-28T15:15:43","modified_gmt":"2022-09-28T19:15:43","slug":"check-in-with-suzanne-56","status":"publish","type":"post","link":"https:\/\/gbta.org\/es\/check-in-with-suzanne-56\/","title":{"rendered":"Comun\u00edquese con Suzanne"},"content":{"rendered":"<p><span data-contrast=\"auto\">En el Check-In de esta semana, Suzanne Neufang, directora ejecutiva de GBTA, filma desde Las Vegas, donde reflexiona sobre el sector de reuniones y eventos y c\u00f3mo su recuperaci\u00f3n es una parte tan importante de la industria de los viajes de negocios. Uno no existe sin el otro.<\/span><span data-ccp-props=\"{&quot;201341983&quot;:0,&quot;335559685&quot;:360,&quot;335559739&quot;:160,&quot;335559740&quot;:259}\">&nbsp;<\/span><\/p>\n<p><span data-contrast=\"auto\">Tambi\u00e9n comparte la lista de eventos presenciales de GBTA para los pr\u00f3ximos meses, as\u00ed como los resultados de encuestas y estudios de investigaci\u00f3n en el horizonte de GBTA.<\/span><span data-ccp-props=\"{&quot;201341983&quot;:0,&quot;335559685&quot;:360,&quot;335559739&quot;:160,&quot;335559740&quot;:259}\">&nbsp;<\/span><\/p>\n<p><a href=\"https:\/\/youtu.be\/6bHK1uT9BpQ\">https:\/\/youtu.be\/6bHK1uT9BpQ<\/a><\/p>\n<p>&nbsp;<\/p>\n<p><u>Noticias para saber:<\/u><\/p>\n<p><strong>EE. UU. extiende el mandato de m\u00e1scara de viaje por 15 d\u00edas<\/strong><\/p>\n<p><a href=\"https:\/\/www.businesstravelnews.com\/Transportation\/US-Extends-Travel-Mask-Mandate-by-15-Days\">El gobierno de EE. UU. extender\u00e1 por 15 d\u00edas sus requisitos de que todos los viajeros usen m\u00e1scaras faciales<\/a> en todos los aviones comerciales, en aeropuertos y en otras formas de transporte p\u00fablico. El requisito expiraba el 18 de abril y ahora vencer\u00e1 el 3 de mayo. Los Centros para el Control y la Prevenci\u00f3n de Enfermedades de EE. UU. recomendaron la medida como una respuesta de precauci\u00f3n al aumento promedio de casos de covid-19 en EE. UU. en medio de la propagaci\u00f3n de subvariantes de la variante omicr\u00f3n. Seg\u00fan el New York Times, el recuento promedio de casos m\u00f3viles de siete d\u00edas en EE. UU. aument\u00f3 de aproximadamente 28,500 el 3 de abril a aproximadamente 32,800 el martes.<\/p>\n<p><strong>La demanda de viajes fuera de las horas pico aumenta en la recuperaci\u00f3n pospand\u00e9mica<\/strong><\/p>\n<p>los <a href=\"https:\/\/skift.com\/2022\/04\/18\/demand-for-off-peak-travel-rises-in-post-pandemic-recovery\/\">el regreso de los viajes posteriores a la pandemia ha sido tan s\u00f3lido que las aerol\u00edneas y los hoteles est\u00e1n vendiendo m\u00e1s asientos<\/a> y m\u00e1s habitaciones para los horarios que alguna vez se designaron como &quot;fuera de las horas pico&quot;. Como resultado, los precios fuera de las horas pico han mostrado ganancias, lo que puede ser una carga para los viajeros y beneficiar a las aerol\u00edneas y los hoteles, incluso cuando los viajes de negocios hist\u00f3ricamente m\u00e1s rentables a\u00fan no se han recuperado por completo a los niveles de 2019.<\/p>\n<p><strong>Un tribunal de la UE ampl\u00eda la aplicaci\u00f3n de la ley de compensaci\u00f3n por retraso de vuelos<\/strong><\/p>\n<p>El Tribunal de Justicia de la <a href=\"https:\/\/www.businesstravelnewseurope.com\/Air-Travel\/EU-court-broadens-application-of-flight-delay-compensation-law\">La Uni\u00f3n Europea ha ampliado la aplicaci\u00f3n de los derechos de los pasajeros de las l\u00edneas a\u00e9reas a reclamar indemnizaciones por retrasos y cancelaciones<\/a> de compa\u00f1\u00edas a\u00e9reas con base fuera de la UE. El reglamento, conocido como EU 261, se aplica a las interrupciones por problemas t\u00e9cnicos causados por la aerol\u00ednea, pero no a las interrupciones que quedan fuera del control de la aerol\u00ednea, como condiciones clim\u00e1ticas extremas o disturbios civiles. La aplicaci\u00f3n anterior del reglamento cubr\u00eda todos los vuelos con origen y\/o destino en la UE, pero solo se aplicaba a los vuelos operados por una aerol\u00ednea con sede en la UE. El nuevo fallo ajusta esos par\u00e1metros, ampli\u00e1ndolos a cualquier aerol\u00ednea que \u201copere la totalidad del vuelo\u201d en nombre de una aerol\u00ednea de la UE cuando esa aerol\u00ednea despegue o aterrice en la UE. Esto incluye cualquier conexi\u00f3n realizada como parte de una \u00fanica reserva.<\/p>\n<p><strong>LATAM se compromete a usar SAF para impulsar vuelos<\/strong><\/p>\n<p>aerolinea sudamericana <a href=\"https:\/\/www.businesstravelnewseurope.com\/Air-Travel\/LATAM-makes-pledge-on-using-SAF-to-power-flights\">LATAM espera comenzar a usar combustible de aviaci\u00f3n sostenible (SAF)<\/a> con la meta de utilizar el 5 por ciento de este combustible para sus operaciones para 2030. Roberto Alvo, CEO de LATAM Airlines Group, se comprometi\u00f3 a utilizar SAF como parte de los objetivos de sostenibilidad del grupo, que tambi\u00e9n incluyen no enviar residuos a vertederos para 2027. y compensar la mitad de todas las emisiones dom\u00e9sticas para 2030.<\/p>\n<p>&nbsp;<\/p>\n<p><u>Noticias y recordatorios de GBTA:<\/u><\/p>\n<p><strong>Panel global a local sobre viajes de negocios<\/strong><\/p>\n<p>Con la desaceleraci\u00f3n de la crisis de COVID, los pa\u00edses que reducen los requisitos de entrada y las empresas que regresan a la oficina, \u00bfqu\u00e9 significa esto para nuestros modelos comerciales? \u00bfHabr\u00e1 una gran prisa por viajar, o se filtrar\u00e1? \u00bfHabr\u00e1 nuevas tendencias sobre c\u00f3mo y por qu\u00e9 viaja la gente, o ser\u00e1 lo mismo de siempre? \u00danase a nuestro panel de expertos locales de PSBTA en <strong>19 de abril<sup>el<\/sup><\/strong> mientras hablamos de la nueva cara de los viajes de negocios. <a href=\"https:\/\/gbta.org\/es\/calendar\/all-events\/eventid\/1361\/e\/global-to-local-panel-on-business-travel-19-apr-2022\/\">haga clic aqu\u00ed<\/a> aprender m\u00e1s.<\/p>\n<p><strong>Te cubro las espaldas: la importancia de los mentores y patrocinadores - Mujeres en tecnolog\u00eda<\/strong><\/p>\n<p>En <strong>20 de abril<sup>el<\/sup><\/strong> discutiremos las diferencias entre mentoras y patrocinadoras y c\u00f3mo encontrar a la persona adecuada para apoyarla en su trayectoria profesional y qu\u00e9 significa continuar contando con el apoyo de otras mujeres mientras se abren camino hacia puestos de alto nivel. <a href=\"https:\/\/gbta.org\/es\/calendar\/all-events\/eventid\/1360\/e\/i-got-your-back-the-importance-of-mentors-and-sponsors-women-in-technology-20-apr-2022\/\">haga clic aqu\u00ed<\/a> para registrarse<\/p>\n<p>&nbsp;<\/p>","protected":false},"excerpt":{"rendered":"<p>En el Check-In de esta semana, Suzanne Neufang, directora ejecutiva de GBTA, filma desde Las Vegas, donde reflexiona sobre el sector de reuniones y eventos y c\u00f3mo su recuperaci\u00f3n es una parte tan importante de la industria de los viajes de negocios. Uno no existe sin el otro. Tambi\u00e9n comparte la programaci\u00f3n de eventos GBTA en persona para los pr\u00f3ximos meses,...<\/p>","protected":false},"author":25,"featured_media":0,"comment_status":"open","ping_status":"open","sticky":false,"template":"","format":"standard","meta":{"_acf_changed":false,"_seopress_robots_primary_cat":"none","_seopress_titles_title":"","_seopress_titles_desc":"","_seopress_robots_index":"","om_disable_all_campaigns":false,"_relevanssi_hide_post":"","_relevanssi_hide_content":"","_relevanssi_pin_for_all":"","_relevanssi_pin_keywords":"","_relevanssi_unpin_keywords":"","_relevanssi_related_keywords":"","_relevanssi_related_include_ids":"","_relevanssi_related_exclude_ids":"","_relevanssi_related_no_append":"","_relevanssi_related_not_related":"","_relevanssi_related_posts":"2477,1439,2017,1620,1171,2480","_relevanssi_noindex_reason":"","_kad_blocks_custom_css":"","_kad_blocks_head_custom_js":"","_kad_blocks_body_custom_js":"","_kad_blocks_footer_custom_js":"","_kad_post_transparent":"","_kad_post_title":"","_kad_post_layout":"","_kad_post_sidebar_id":"","_kad_post_content_style":"","_kad_post_vertical_padding":"","_kad_post_feature":"","_kad_post_feature_position":"","_kad_post_header":false,"_kad_post_footer":false,"footnotes":"","_links_to":"","_links_to_target":""},"categories":[105,106,1152,37,280],"tags":[1450],"class_list":["post-2682","post","type-post","status-publish","format-standard","hentry","category-europe-and-uk","category-latin-america","category-meetings-and-events","category-research-and-travel-trends","category-sustainability","tag-check-in-with-suzanne"],"acf":[],"featured_image_src_large":false,"author_info":{"display_name":"jcampbell","author_link":"https:\/\/gbta.org\/es\/author\/jcampbell\/"},"comment_info":"","category_info":[{"term_id":105,"name":"Europe and UK","slug":"europe-and-uk","term_group":0,"term_taxonomy_id":105,"taxonomy":"category","description":"","parent":0,"count":152,"filter":"raw","cat_ID":105,"category_count":152,"category_description":"","cat_name":"Europe and UK","category_nicename":"europe-and-uk","category_parent":0},{"term_id":106,"name":"Latin America","slug":"latin-america","term_group":0,"term_taxonomy_id":106,"taxonomy":"category","description":"","parent":0,"count":54,"filter":"raw","cat_ID":106,"category_count":54,"category_description":"","cat_name":"Latin America","category_nicename":"latin-america","category_parent":0},{"term_id":1152,"name":"Meetings and Events","slug":"meetings-and-events","term_group":0,"term_taxonomy_id":1152,"taxonomy":"category","description":"","parent":0,"count":56,"filter":"raw","cat_ID":1152,"category_count":56,"category_description":"","cat_name":"Meetings and Events","category_nicename":"meetings-and-events","category_parent":0},{"term_id":37,"name":"Research and Travel Trends","slug":"research-and-travel-trends","term_group":0,"term_taxonomy_id":37,"taxonomy":"category","description":"","parent":0,"count":966,"filter":"raw","cat_ID":37,"category_count":966,"category_description":"","cat_name":"Research and Travel Trends","category_nicename":"research-and-travel-trends","category_parent":0},{"term_id":280,"name":"Sustainability","slug":"sustainability","term_group":0,"term_taxonomy_id":280,"taxonomy":"category","description":"","parent":0,"count":130,"filter":"raw","cat_ID":280,"category_count":130,"category_description":"","cat_name":"Sustainability","category_nicename":"sustainability","category_parent":0}],"tag_info":[{"term_id":1450,"name":"Check-in with Suzanne","slug":"check-in-with-suzanne","term_group":0,"term_taxonomy_id":1450,"taxonomy":"post_tag","description":"","parent":0,"count":47,"filter":"raw"}],"taxonomy_info":{"category":[{"value":105,"label":"Europe and UK"},{"value":106,"label":"Latin America"},{"value":1152,"label":"Meetings and Events"},{"value":37,"label":"Research and Travel Trends"},{"value":280,"label":"Sustainability"}],"post_tag":[{"value":1450,"label":"Check-in with Suzanne"}]},"featured_image_src":null,"featured_image_src_square":null,"mfb_rest_fields":["featured_image_src_large","author_info","comment_info","category_info","tag_info","taxonomy_info","featured_image_src","featured_image_src_square"],"_links":{"self":[{"href":"https:\/\/gbta.org\/es\/wp-json\/wp\/v2\/posts\/2682","targetHints":{"allow":["GET"]}}],"collection":[{"href":"https:\/\/gbta.org\/es\/wp-json\/wp\/v2\/posts"}],"about":[{"href":"https:\/\/gbta.org\/es\/wp-json\/wp\/v2\/types\/post"}],"author":[{"embeddable":true,"href":"https:\/\/gbta.org\/es\/wp-json\/wp\/v2\/users\/25"}],"replies":[{"embeddable":true,"href":"https:\/\/gbta.org\/es\/wp-json\/wp\/v2\/comments?post=2682"}],"version-history":[{"count":0,"href":"https:\/\/gbta.org\/es\/wp-json\/wp\/v2\/posts\/2682\/revisions"}],"wp:attachment":[{"href":"https:\/\/gbta.org\/es\/wp-json\/wp\/v2\/media?parent=2682"}],"wp:term":[{"taxonomy":"category","embeddable":true,"href":"https:\/\/gbta.org\/es\/wp-json\/wp\/v2\/categories?post=2682"},{"taxonomy":"post_tag","embeddable":true,"href":"https:\/\/gbta.org\/es\/wp-json\/wp\/v2\/tags?post=2682"}],"curies":[{"name":"wp","href":"https:\/\/api.w.org\/{rel}","templated":true}]}}