{"id":4408,"date":"2022-07-27T12:51:00","date_gmt":"2022-07-27T16:51:00","guid":{"rendered":"https:\/\/gbta.org\/?p=4408"},"modified":"2024-01-30T11:08:53","modified_gmt":"2024-01-30T16:08:53","slug":"gbta-foundation-relaunches-to-advance-people-and-planet-initiatives-for-the-business-travel-industry","status":"publish","type":"post","link":"https:\/\/gbta.org\/es\/gbta-foundation-relaunches-to-advance-people-and-planet-initiatives-for-the-business-travel-industry\/","title":{"rendered":"La Fundaci\u00f3n GBTA se relanza para promover las iniciativas People and Planet para la industria de viajes de negocios"},"content":{"rendered":"<p><strong>Alejandr\u00eda, VA&nbsp;<\/strong>\u2013 Ayudar a la industria global de viajes de negocios a crear un impacto positivo y un futuro mejor para las personas y el planeta es la misi\u00f3n detr\u00e1s de la&nbsp;<a href=\"https:\/\/gbta.org\/es\/\">Asociaci\u00f3n Mundial de Viajes de Negocios<\/a>el relanzamiento de su brazo caritativo, el&nbsp;<a href=\"https:\/\/gbta.org\/es\/gbta-foundation\/\">Fundaci\u00f3n GBTA<\/a>. La Fundaci\u00f3n GBTA se centrar\u00e1 en la estrategia y ejecuci\u00f3n de los programas de sostenibilidad global de GBTA, apoyando iniciativas relacionadas con la acci\u00f3n clim\u00e1tica, as\u00ed como la diversidad, la equidad y la inclusi\u00f3n (DEI) y otros temas relacionados con el talento a trav\u00e9s de la educaci\u00f3n, la investigaci\u00f3n y la promoci\u00f3n.<\/p>\n\n\n\n<p>\u201cEstamos emocionados de restablecer la Fundaci\u00f3n GBTA dentro de un alcance afinado de &#039;personas y planeta&#039;\u201d, dijo Suzanne Neufang, directora ejecutiva de GBTA. \u201cEs un momento importante en los 54 a\u00f1os de historia de GBTA, ya que renovamos nuestro compromiso de crear un impacto positivo y duradero. La Fundaci\u00f3n GBTA, junto con su reci\u00e9n nombrada Junta Directiva, se enfocar\u00e1 en generar un impacto positivo en nuestra industria y m\u00e1s all\u00e1\u201d.<\/p>\n\n\n\n<p>Paul Abbott, director ejecutivo de American Express Global Business Travel, se desempe\u00f1ar\u00e1 como presidente de la junta directiva de la Fundaci\u00f3n GBTA durante los pr\u00f3ximos dos a\u00f1os. \u201cEstoy muy complacido de liderar la Fundaci\u00f3n GBTA en este momento cr\u00edtico: allanar el camino para el progreso a trav\u00e9s de programas e iniciativas ambiciosos centrados en la sostenibilidad\u201d, dijo.<\/p>\n\n\n\n<p>lo nuevo de GBTA&nbsp;<a href=\"https:\/\/gbta.org\/es\/sustainability\/\">Programa de Sostenibilidad<\/a>&nbsp;La iniciativa, que se lanz\u00f3 a fines de 2021 para construir un futuro m\u00e1s verde para los viajes de negocios y ayudar a reducir su impacto clim\u00e1tico, ahora ser\u00e1 administrada por la Fundaci\u00f3n, al igual que los programas existentes relacionados con las personas de GBTA,&nbsp;<a href=\"https:\/\/gbta.org\/es\/membership-communities\/winit\/\">WINiT de GBTA<\/a>&nbsp;y&nbsp;<a href=\"https:\/\/gbta.org\/es\/membership-communities\/membership\/ladders-mentoring\/\">Escaleras GBTA<\/a>.<\/p>\n\n\n\n<p>Nombrada por la Junta Directiva de GBTA, la Junta de la Fundaci\u00f3n ayudar\u00e1 a garantizar que las ambiciones sean lo suficientemente grandes para los desaf\u00edos ambientales y de sostenibilidad humana actuales, y para elevar el trabajo de GBTA en investigaci\u00f3n, defensa y aprendizaje profesional, para llegar a aquellos m\u00e1s all\u00e1 de la industria. .<\/p>\n\n\n\n<p>L\u00edderes de toda la industria mundial de viajes con distintos intereses y fortalezas en \u00e1reas clave de ESG (ambiental, social y de gobernanza) se desempe\u00f1ar\u00e1n como la Junta Directiva de la Fundaci\u00f3n por per\u00edodos escalonados de uno y dos a\u00f1os:<\/p>\n\n\n\n<ul class=\"wp-block-list\">\n<li><strong>Pablo Abbott<\/strong>, CEO, American Express GBT (t\u00e9rmino de dos a\u00f1os)<\/li>\n\n\n\n<li><strong>leslie andrews<\/strong>, director de la categor\u00eda de viajes globales, JLL (t\u00e9rmino de dos a\u00f1os)<\/li>\n\n\n\n<li><strong>erica gordon<\/strong>, vicepresidente s\u00e9nior, director global de Asuntos P\u00fablicos y ESG, Hilton (t\u00e9rmino de un a\u00f1o)<\/li>\n\n\n\n<li><strong>scott kirby<\/strong>, CEO, United Airlines (t\u00e9rmino de dos a\u00f1os)<\/li>\n\n\n\n<li><strong>Darragh Ormsby<\/strong>, Global Travel Manager, Google (t\u00e9rmino de un a\u00f1o)<\/li>\n\n\n\n<li><strong>Tyronne Stoudemire<\/strong>, vicepresidente s\u00e9nior de Diversidad Global, Equidad e Inclusi\u00f3n, Hyatt (t\u00e9rmino de un a\u00f1o)<\/li>\n\n\n\n<li><strong>carolina strachan<\/strong>, socio gerente, Festive Road (t\u00e9rmino de dos a\u00f1os)<\/li>\n\n\n\n<li><strong>Denise Truso<\/strong>, presidente de la junta de GBTA (seg\u00fan los estatutos de la fundaci\u00f3n)<\/li>\n\n\n\n<li><strong>Suzanne Neufang<\/strong>, CEO, GBTA (seg\u00fan los estatutos de la Fundaci\u00f3n)<\/li>\n\n\n\n<li><strong>Delfina Millot<\/strong>, Director General, Fundaci\u00f3n GBTA (ex-oficio)<\/li>\n<\/ul>\n\n\n\n<p>La Junta celebr\u00f3 su primera reuni\u00f3n este mes y est\u00e1 priorizando la gobernanza de la Fundaci\u00f3n, brindando orientaci\u00f3n sobre los esfuerzos existentes del programa de personas y planetas de GBTA, y determinando \u00e1reas estrat\u00e9gicas de enfoque y prioridades dentro de las iniciativas de sostenibilidad ambiental y humana para 2023.<\/p>\n\n\n\n<p>Delphine Millot, contratada por GBTA en enero de 2022, administrar\u00e1 la Fundaci\u00f3n como Directora General y Vicepresidenta S\u00e9nior de Sostenibilidad. Seg\u00fan Millot, &quot;Esta es una oportunidad importante para que GBTA cree un impacto duradero a trav\u00e9s de la investigaci\u00f3n relevante, la educaci\u00f3n y otros programas que no solo benefician a nuestra industria, sino que tambi\u00e9n acercan al p\u00fablico en general y a los legisladores sobre estos temas relevantes&quot;.<\/p>\n\n\n\n<p>La Fundaci\u00f3n GBTA se form\u00f3 originalmente en 1989 como una rama caritativa 501c3 de EE. UU. de GBTA. Hasta principios de 2018, cuando se suspendi\u00f3, la Fundaci\u00f3n GBTA era el centro de toda la educaci\u00f3n e investigaci\u00f3n de GBTA. Las \u00e1reas de educaci\u00f3n e investigaci\u00f3n de GBTA se trasladaron posteriormente al brazo de feria comercial 501c6 de la organizaci\u00f3n principal de GBTA, donde seguir\u00e1n residiendo cuando no est\u00e9n relacionadas con el enfoque de &quot;sostenibilidad de las personas + planeta&quot; de la Fundaci\u00f3n.<\/p>\n\n\n\n<p>Para obtener m\u00e1s informaci\u00f3n sobre la Fundaci\u00f3n GBTA, visite&nbsp;<a href=\"https:\/\/gbta.org\/es\/gbta-foundation\/\">https:\/\/gbta.org\/gbta-foundation<\/a>&nbsp;o correo electr\u00f3nico&nbsp;<a href=\"mailto:sustainability@gbta.org\">sustentabilidad@gbta.org.<\/a><\/p>","protected":false},"excerpt":{"rendered":"<p>Alexandria, VA \u2013 Ayudar a la industria global de viajes de negocios a crear un impacto positivo y un futuro mejor para las personas y el planeta es la misi\u00f3n detr\u00e1s del relanzamiento de la rama ben\u00e9fica de la Global Business Travel Association, la Fundaci\u00f3n GBTA. La Fundaci\u00f3n GBTA se centrar\u00e1 en la estrategia y ejecuci\u00f3n de los programas de sostenibilidad global de GBTA, apoyando iniciativas relacionadas con el clima...<\/p>","protected":false},"author":14,"featured_media":0,"comment_status":"closed","ping_status":"closed","sticky":false,"template":"","format":"standard","meta":{"_acf_changed":false,"_seopress_robots_primary_cat":"none","_seopress_titles_title":"","_seopress_titles_desc":"The Foundation\u2019s newly appointed Board of global travel industry leaders will provide governance on climate action, DEI and workforce development initiatives","_seopress_robots_index":"","om_disable_all_campaigns":false,"_relevanssi_hide_post":"","_relevanssi_hide_content":"","_relevanssi_pin_for_all":"","_relevanssi_pin_keywords":"","_relevanssi_unpin_keywords":"","_relevanssi_related_keywords":"","_relevanssi_related_include_ids":"","_relevanssi_related_exclude_ids":"","_relevanssi_related_no_append":"","_relevanssi_related_not_related":"","_relevanssi_related_posts":"1,415,661,662,664,666","_relevanssi_noindex_reason":"","_kad_blocks_custom_css":"","_kad_blocks_head_custom_js":"","_kad_blocks_body_custom_js":"","_kad_blocks_footer_custom_js":"","_kad_post_transparent":"","_kad_post_title":"","_kad_post_layout":"","_kad_post_sidebar_id":"","_kad_post_content_style":"","_kad_post_vertical_padding":"","_kad_post_feature":"","_kad_post_feature_position":"","_kad_post_header":false,"_kad_post_footer":false,"footnotes":"","_links_to":"","_links_to_target":""},"categories":[1401,1516,1518,45,1520,280,1519,1439,1517],"tags":[1470,165,1331],"class_list":["post-4408","post","type-post","status-publish","format-standard","hentry","category-diversity-equity-inclusion","category-foundation","category-ladders","category-news-and-press-releases","category-press-release","category-sustainability","category-sustainability-foundation","category-winit","category-winit-foundation","tag-dei","tag-gbta-foundation","tag-winit"],"acf":[],"featured_image_src_large":false,"author_info":{"display_name":"","author_link":"https:\/\/gbta.org\/es\/author\/"},"comment_info":"","category_info":[{"term_id":1401,"name":"Diversity, Equity &amp; Inclusion","slug":"diversity-equity-inclusion","term_group":0,"term_taxonomy_id":1401,"taxonomy":"category","description":"","parent":0,"count":40,"filter":"raw","cat_ID":1401,"category_count":40,"category_description":"","cat_name":"Diversity, Equity &amp; Inclusion","category_nicename":"diversity-equity-inclusion","category_parent":0},{"term_id":1516,"name":"Foundation","slug":"foundation","term_group":0,"term_taxonomy_id":1516,"taxonomy":"category","description":"","parent":0,"count":52,"filter":"raw","cat_ID":1516,"category_count":52,"category_description":"","cat_name":"Foundation","category_nicename":"foundation","category_parent":0},{"term_id":1518,"name":"Ladders","slug":"ladders","term_group":0,"term_taxonomy_id":1518,"taxonomy":"category","description":"","parent":1516,"count":6,"filter":"raw","cat_ID":1518,"category_count":6,"category_description":"","cat_name":"Ladders","category_nicename":"ladders","category_parent":1516},{"term_id":45,"name":"News and Press Releases","slug":"news-and-press-releases","term_group":0,"term_taxonomy_id":45,"taxonomy":"category","description":"","parent":0,"count":540,"filter":"raw","cat_ID":45,"category_count":540,"category_description":"","cat_name":"News and Press Releases","category_nicename":"news-and-press-releases","category_parent":0},{"term_id":1520,"name":"Press Release","slug":"press-release","term_group":0,"term_taxonomy_id":1520,"taxonomy":"category","description":"","parent":1516,"count":21,"filter":"raw","cat_ID":1520,"category_count":21,"category_description":"","cat_name":"Press Release","category_nicename":"press-release","category_parent":1516},{"term_id":280,"name":"Sustainability","slug":"sustainability","term_group":0,"term_taxonomy_id":280,"taxonomy":"category","description":"","parent":0,"count":130,"filter":"raw","cat_ID":280,"category_count":130,"category_description":"","cat_name":"Sustainability","category_nicename":"sustainability","category_parent":0},{"term_id":1519,"name":"Sustainability","slug":"sustainability-foundation","term_group":0,"term_taxonomy_id":1519,"taxonomy":"category","description":"","parent":1516,"count":29,"filter":"raw","cat_ID":1519,"category_count":29,"category_description":"","cat_name":"Sustainability","category_nicename":"sustainability-foundation","category_parent":1516},{"term_id":1439,"name":"WINiT","slug":"winit","term_group":0,"term_taxonomy_id":1439,"taxonomy":"category","description":"","parent":0,"count":26,"filter":"raw","cat_ID":1439,"category_count":26,"category_description":"","cat_name":"WINiT","category_nicename":"winit","category_parent":0},{"term_id":1517,"name":"WINiT","slug":"winit-foundation","term_group":0,"term_taxonomy_id":1517,"taxonomy":"category","description":"","parent":1516,"count":16,"filter":"raw","cat_ID":1517,"category_count":16,"category_description":"","cat_name":"WINiT","category_nicename":"winit-foundation","category_parent":1516}],"tag_info":[{"term_id":1470,"name":"DEI","slug":"dei","term_group":0,"term_taxonomy_id":1470,"taxonomy":"post_tag","description":"","parent":0,"count":2,"filter":"raw"},{"term_id":165,"name":"GBTA Foundation","slug":"gbta-foundation","term_group":0,"term_taxonomy_id":165,"taxonomy":"post_tag","description":"","parent":0,"count":122,"filter":"raw"},{"term_id":1331,"name":"WINiT","slug":"winit","term_group":0,"term_taxonomy_id":1331,"taxonomy":"post_tag","description":"","parent":0,"count":24,"filter":"raw"}],"taxonomy_info":{"category":[{"value":1401,"label":"Diversity, Equity &amp; Inclusion"},{"value":1516,"label":"Foundation"},{"value":1518,"label":"Ladders"},{"value":45,"label":"News and Press Releases"},{"value":1520,"label":"Press Release"},{"value":280,"label":"Sustainability"},{"value":1519,"label":"Sustainability"},{"value":1439,"label":"WINiT"},{"value":1517,"label":"WINiT"}],"post_tag":[{"value":1470,"label":"DEI"},{"value":165,"label":"GBTA Foundation"},{"value":1331,"label":"WINiT"}]},"featured_image_src":null,"featured_image_src_square":null,"mfb_rest_fields":["featured_image_src_large","author_info","comment_info","category_info","tag_info","taxonomy_info","featured_image_src","featured_image_src_square"],"_links":{"self":[{"href":"https:\/\/gbta.org\/es\/wp-json\/wp\/v2\/posts\/4408","targetHints":{"allow":["GET"]}}],"collection":[{"href":"https:\/\/gbta.org\/es\/wp-json\/wp\/v2\/posts"}],"about":[{"href":"https:\/\/gbta.org\/es\/wp-json\/wp\/v2\/types\/post"}],"author":[{"embeddable":true,"href":"https:\/\/gbta.org\/es\/wp-json\/wp\/v2\/users\/14"}],"replies":[{"embeddable":true,"href":"https:\/\/gbta.org\/es\/wp-json\/wp\/v2\/comments?post=4408"}],"version-history":[{"count":0,"href":"https:\/\/gbta.org\/es\/wp-json\/wp\/v2\/posts\/4408\/revisions"}],"wp:attachment":[{"href":"https:\/\/gbta.org\/es\/wp-json\/wp\/v2\/media?parent=4408"}],"wp:term":[{"taxonomy":"category","embeddable":true,"href":"https:\/\/gbta.org\/es\/wp-json\/wp\/v2\/categories?post=4408"},{"taxonomy":"post_tag","embeddable":true,"href":"https:\/\/gbta.org\/es\/wp-json\/wp\/v2\/tags?post=4408"}],"curies":[{"name":"wp","href":"https:\/\/api.w.org\/{rel}","templated":true}]}}