{"id":6244,"date":"2022-08-23T10:22:17","date_gmt":"2022-08-23T14:22:17","guid":{"rendered":"https:\/\/gbta.org\/?p=6244"},"modified":"2023-07-07T10:48:04","modified_gmt":"2023-07-07T14:48:04","slug":"check-in-with-suzanne-73","status":"publish","type":"post","link":"https:\/\/gbta.org\/es\/check-in-with-suzanne-73\/","title":{"rendered":"Comun\u00edquese con Suzanne"},"content":{"rendered":"<style>.wp-block-kadence-advancedheading.kt-adv-heading_99c2e4-12, .wp-block-kadence-advancedheading.kt-adv-heading_99c2e4-12[data-kb-block=\"kb-adv-heading_99c2e4-12\"]{font-style:normal;}.wp-block-kadence-advancedheading.kt-adv-heading_99c2e4-12 mark.kt-highlight, .wp-block-kadence-advancedheading.kt-adv-heading_99c2e4-12[data-kb-block=\"kb-adv-heading_99c2e4-12\"] mark.kt-highlight{font-style:normal;color:#f76a0c;-webkit-box-decoration-break:clone;box-decoration-break:clone;padding-top:0px;padding-right:0px;padding-bottom:0px;padding-left:0px;}<\/style>\n<h2 class=\"kt-adv-heading_99c2e4-12 wp-block-kadence-advancedheading\" data-kb-block=\"kb-adv-heading_99c2e4-12\"><strong>Regresando y preparando el escenario para viajes de negocios globales<\/strong>&nbsp;<\/h2>\n\n\n\n<p>Volver a estar juntos como industria en la Convenci\u00f3n GBTA 2022 la semana pasada en San Diego marc\u00f3 muchos momentos memorables y novedades, no solo para GBTA sino tambi\u00e9n para muchos de ustedes. Nuestra convenci\u00f3n siempre representa la confluencia de la industria global de viajes de negocios, pero este a\u00f1o tambi\u00e9n sirvi\u00f3 como catalizador para ver qu\u00e9 sigue para nuestros miembros, la industria y la asociaci\u00f3n.<\/p>\n\n\n\n<p>A medida que continuamos avanzando, un enfoque importante para GBTA ser\u00e1 usar nuestra plataforma para enfocarse en problemas dif\u00edciles de resolver pero importantes como la sustentabilidad y DEI, mientras contin\u00faa brindando los fundamentos clave para los viajes de negocios, la gesti\u00f3n de reuniones y los gerentes de viajes. Los tiempos cambian, nuestra industria cambia y tambi\u00e9n lo hacen los viajeros a los que servimos: un enfoque inclusivo del prop\u00f3sito, las personas y el planeta ser\u00e1 fundamental para todos nosotros.<\/p>\n\n\n<div class=\"wp-block-image\">\n<figure class=\"aligncenter size-full\"><img loading=\"lazy\" decoding=\"async\" width=\"624\" height=\"317\" src=\"https:\/\/gbta.org\/wp-content\/uploads\/Check-in-2022.jpg\" alt=\"check in 2022\" class=\"wp-image-6246\" srcset=\"https:\/\/gbta.org\/wp-content\/uploads\/Check-in-2022.jpg 624w, https:\/\/gbta.org\/wp-content\/uploads\/Check-in-2022-300x152.jpg 300w, https:\/\/gbta.org\/wp-content\/uploads\/Check-in-2022-18x9.jpg 18w\" sizes=\"auto, (max-width: 624px) 100vw, 624px\" \/><figcaption class=\"wp-element-caption\"><em>Leyenda: Presentamos nuestra nueva marca GBTA, y con la presidenta de GBTA, Denise Truso, y el equipo de GBTA anunciando la Convenci\u00f3n 2023 en Dallas, TX.<\/em><\/figcaption><\/figure><\/div>\n\n\n<p>La semana pasada tambi\u00e9n marc\u00f3 el debut de nuestra nueva marca GBTA que establece el rumbo para que GBTA y sus miembros crezcan de la manera correcta en los pr\u00f3ximos a\u00f1os... como plataforma para la comunidad, el aprendizaje y la promoci\u00f3n. Si a\u00fan no lo ha hecho, lo alentamos a que consulte nuestro recientemente renovado <a href=\"https:\/\/gbta.org\/es\/\" target=\"_blank\" rel=\"noreferrer noopener\">sitio web<\/a> y <a href=\"https:\/\/www.youtube.com\/watch?v=DkkdkAknlc8\" target=\"_blank\" rel=\"noreferrer noopener\">presentaci\u00f3n de nuestra nueva marca<\/a> en la Convenci\u00f3n para aprender m\u00e1s sobre lo que vemos como la nueva base de GBTA para nuestro futuro. &nbsp;<br>&nbsp;<br>Pr\u00f3ximamente, nos estamos preparando para conectarnos con usted en todo el mundo, incluido el <a href=\"https:\/\/gbta.org\/es\/event\/winit-gala\/\" target=\"_blank\" rel=\"noreferrer noopener\">WINIT Gala<\/a> en la ciudad de Nueva York en octubre, el <a href=\"https:\/\/gbta.org\/es\/event\/gbta-conference-2022-brussels-in-partnership-with-vdr\/\" target=\"_blank\" rel=\"noreferrer noopener\">Conferencia GBTA Europa<\/a> en asociaci\u00f3n con VDR y el primer GBTA <a href=\"https:\/\/gbta.org\/es\/event\/gbta-sustainability-summit\/\" target=\"_blank\" rel=\"noreferrer noopener\">Cumbre de Sostenibilidad<\/a> en Bruselas en noviembre, y asoci\u00e1ndose con PATA para la <a href=\"https:\/\/gbta.org\/es\/pata-and-gbta-to-host-apac-travel-summit-in-bangkok-thailand-from-december-8-9-2022\/\" target=\"_blank\" rel=\"noreferrer noopener\">Cumbre de viajes APAC<\/a> en Bangkok en diciembre. Nuestra Convenci\u00f3n GBTA 2022 puede estar &quot;en los libros&quot;, pero ciertamente no es el final de la historia.&nbsp;<\/p>\n\n\n\n<p>susana&nbsp;<\/p>\n\n\n<h4 class=\"wp-block-heading\" id=\"news-to-know\">Noticias para saber:<\/h4>\n\n\n<p><strong>Apostar por los viajes corporativos es un negocio arriesgado<\/strong><\/p>\n\n\n\n<p>\u00a1Sorpresa! Los viajes de negocios est\u00e1n de vuelta con el potencial de ser mejores que nunca, al menos seg\u00fan algunos ejecutivos de hoteles. <a rel=\"noreferrer noopener\" href=\"https:\/\/www.wsj.com\/articles\/betting-on-corporate-travel-is-risky-business-11660577941\" target=\"_blank\">Pero con otras empresas vigilando sus gastos, el auge puede no durar.&nbsp;<\/a>Las compa\u00f1\u00edas hoteleras informan los viajes de negocios dentro de dos segmentos: negocios transitorios, para un viajero de negocios individual; y grupo, para muchos viajeros que requieren habitaciones y un espacio para reuniones. En 2019, esos dos segmentos juntos representaron 75% y 57% de la combinaci\u00f3n comercial total de Hilton Worldwide Holdings y Marriott International, respectivamente. Eso muestra cu\u00e1n clave es la imagen de los viajes corporativos para el alojamiento.&nbsp;<\/p>\n\n\n\n<p><strong>C\u00f3mo todos viajamos &quot;mejor&quot; y qu\u00e9 significa para las TMC<\/strong><\/p>\n\n\n\n<p><a href=\"https:\/\/www.businesstravelnewseurope.com\/Columnists\/How-we-re-all-travelling-better-and-what-it-means-for-TMCs\">Viajar por negocios suele ser un trabajo duro; siempre ha sido<\/a>. Durante varios a\u00f1os, hemos estado hablando sobre el impacto de los viajes en los empleados y c\u00f3mo los horarios de viaje estrictos y las pol\u00edticas de viaje estrictas se traducen en la deserci\u00f3n del personal. Y luego lleg\u00f3 la pandemia, que marc\u00f3 el comienzo del trabajo h\u00edbrido e incit\u00f3 a una gran cantidad de viajeros de negocios que alguna vez fueron regulares a evaluar el equilibrio entre el trabajo y la vida. A su vez, el Covid-19 oblig\u00f3 a las organizaciones a observar mucho m\u00e1s de cerca el bienestar de los viajeros y revisar sus pol\u00edticas de deber de cuidado.<\/p>\n\n\n<h4 class=\"wp-block-heading\" id=\"gbta-news-and-reminders\">Noticias y recordatorios de GBTA:<\/h4>\n\n\n<p><strong><a href=\"https:\/\/gbta.org\/es\/event\/fundamentals-of-business-travel-management\/\">Fundamentos de la gesti\u00f3n de viajes de negocios<\/a><\/strong><\/p>\n\n\n\n<p>Dise\u00f1ado como una gu\u00eda integral de las \u00e1reas clave de los viajes administrados, el plan de estudios de Fundamentos de GBTA incluye una amplia gama de temas que incluyen seguridad, pol\u00edtica, tendencias, rendimiento y m\u00e1s. Los participantes de este curso obtienen una mejor comprensi\u00f3n de la gesti\u00f3n de viajes de negocios y se vuelven indispensables para las necesidades de viajes de negocios de su organizaci\u00f3n. El programa cubre 7 m\u00f3dulos e incluye 4 sesiones en vivo de dos horas con un instructor. Los participantes deber\u00e1n completar una sesi\u00f3n grabada y un trabajo de preparaci\u00f3n antes de cada sesi\u00f3n virtual.<\/p>","protected":false},"excerpt":{"rendered":"<p>Regresar y preparar el escenario para viajes de negocios globales Volver a estar juntos como industria en la Convenci\u00f3n GBTA 2022 la semana pasada en San Diego marc\u00f3 muchos momentos memorables y primicias, no solo para GBTA sino tambi\u00e9n para muchos de ustedes. Nuestra Convenci\u00f3n siempre representa la confluencia de la...<\/p>","protected":false},"author":17,"featured_media":0,"comment_status":"closed","ping_status":"closed","sticky":false,"template":"","format":"standard","meta":{"_acf_changed":false,"_seopress_robots_primary_cat":"none","_seopress_titles_title":"","_seopress_titles_desc":"","_seopress_robots_index":"","om_disable_all_campaigns":false,"_relevanssi_hide_post":"","_relevanssi_hide_content":"","_relevanssi_pin_for_all":"","_relevanssi_pin_keywords":"","_relevanssi_unpin_keywords":"","_relevanssi_related_keywords":"","_relevanssi_related_include_ids":"","_relevanssi_related_exclude_ids":"","_relevanssi_related_no_append":"","_relevanssi_related_not_related":"","_relevanssi_related_posts":"1,415,661,662,664,666","_relevanssi_noindex_reason":"","_kad_blocks_custom_css":"","_kad_blocks_head_custom_js":"","_kad_blocks_body_custom_js":"","_kad_blocks_footer_custom_js":"","_kad_post_transparent":"","_kad_post_title":"","_kad_post_layout":"","_kad_post_sidebar_id":"","_kad_post_content_style":"","_kad_post_vertical_padding":"","_kad_post_feature":"","_kad_post_feature_position":"","_kad_post_header":false,"_kad_post_footer":false,"footnotes":"","_links_to":"","_links_to_target":""},"categories":[247,1454,105,1516,1519,280,1439,1517],"tags":[1450],"class_list":["post-6244","post","type-post","status-publish","format-standard","hentry","category-accommodations","category-asia","category-europe-and-uk","category-foundation","category-sustainability-foundation","category-sustainability","category-winit","category-winit-foundation","tag-check-in-with-suzanne"],"acf":[],"featured_image_src_large":false,"author_info":{"display_name":"","author_link":"https:\/\/gbta.org\/es\/author\/"},"comment_info":"","category_info":[{"term_id":247,"name":"Accommodations","slug":"accommodations","term_group":0,"term_taxonomy_id":247,"taxonomy":"category","description":"","parent":0,"count":214,"filter":"raw","cat_ID":247,"category_count":214,"category_description":"","cat_name":"Accommodations","category_nicename":"accommodations","category_parent":0},{"term_id":1454,"name":"Asia","slug":"asia","term_group":0,"term_taxonomy_id":1454,"taxonomy":"category","description":"","parent":0,"count":18,"filter":"raw","cat_ID":1454,"category_count":18,"category_description":"","cat_name":"Asia","category_nicename":"asia","category_parent":0},{"term_id":105,"name":"Europe and UK","slug":"europe-and-uk","term_group":0,"term_taxonomy_id":105,"taxonomy":"category","description":"","parent":0,"count":153,"filter":"raw","cat_ID":105,"category_count":153,"category_description":"","cat_name":"Europe and UK","category_nicename":"europe-and-uk","category_parent":0},{"term_id":1516,"name":"Foundation","slug":"foundation","term_group":0,"term_taxonomy_id":1516,"taxonomy":"category","description":"","parent":0,"count":52,"filter":"raw","cat_ID":1516,"category_count":52,"category_description":"","cat_name":"Foundation","category_nicename":"foundation","category_parent":0},{"term_id":1519,"name":"Sustainability","slug":"sustainability-foundation","term_group":0,"term_taxonomy_id":1519,"taxonomy":"category","description":"","parent":1516,"count":29,"filter":"raw","cat_ID":1519,"category_count":29,"category_description":"","cat_name":"Sustainability","category_nicename":"sustainability-foundation","category_parent":1516},{"term_id":280,"name":"Sustainability","slug":"sustainability","term_group":0,"term_taxonomy_id":280,"taxonomy":"category","description":"","parent":0,"count":130,"filter":"raw","cat_ID":280,"category_count":130,"category_description":"","cat_name":"Sustainability","category_nicename":"sustainability","category_parent":0},{"term_id":1439,"name":"WINiT","slug":"winit","term_group":0,"term_taxonomy_id":1439,"taxonomy":"category","description":"","parent":0,"count":26,"filter":"raw","cat_ID":1439,"category_count":26,"category_description":"","cat_name":"WINiT","category_nicename":"winit","category_parent":0},{"term_id":1517,"name":"WINiT","slug":"winit-foundation","term_group":0,"term_taxonomy_id":1517,"taxonomy":"category","description":"","parent":1516,"count":16,"filter":"raw","cat_ID":1517,"category_count":16,"category_description":"","cat_name":"WINiT","category_nicename":"winit-foundation","category_parent":1516}],"tag_info":[{"term_id":1450,"name":"Check-in with Suzanne","slug":"check-in-with-suzanne","term_group":0,"term_taxonomy_id":1450,"taxonomy":"post_tag","description":"","parent":0,"count":47,"filter":"raw"}],"taxonomy_info":{"category":[{"value":247,"label":"Accommodations"},{"value":1454,"label":"Asia"},{"value":105,"label":"Europe and UK"},{"value":1516,"label":"Foundation"},{"value":1519,"label":"Sustainability"},{"value":280,"label":"Sustainability"},{"value":1439,"label":"WINiT"},{"value":1517,"label":"WINiT"}],"post_tag":[{"value":1450,"label":"Check-in with Suzanne"}]},"featured_image_src":null,"featured_image_src_square":null,"mfb_rest_fields":["featured_image_src_large","author_info","comment_info","category_info","tag_info","taxonomy_info","featured_image_src","featured_image_src_square"],"_links":{"self":[{"href":"https:\/\/gbta.org\/es\/wp-json\/wp\/v2\/posts\/6244","targetHints":{"allow":["GET"]}}],"collection":[{"href":"https:\/\/gbta.org\/es\/wp-json\/wp\/v2\/posts"}],"about":[{"href":"https:\/\/gbta.org\/es\/wp-json\/wp\/v2\/types\/post"}],"author":[{"embeddable":true,"href":"https:\/\/gbta.org\/es\/wp-json\/wp\/v2\/users\/17"}],"replies":[{"embeddable":true,"href":"https:\/\/gbta.org\/es\/wp-json\/wp\/v2\/comments?post=6244"}],"version-history":[{"count":0,"href":"https:\/\/gbta.org\/es\/wp-json\/wp\/v2\/posts\/6244\/revisions"}],"wp:attachment":[{"href":"https:\/\/gbta.org\/es\/wp-json\/wp\/v2\/media?parent=6244"}],"wp:term":[{"taxonomy":"category","embeddable":true,"href":"https:\/\/gbta.org\/es\/wp-json\/wp\/v2\/categories?post=6244"},{"taxonomy":"post_tag","embeddable":true,"href":"https:\/\/gbta.org\/es\/wp-json\/wp\/v2\/tags?post=6244"}],"curies":[{"name":"wp","href":"https:\/\/api.w.org\/{rel}","templated":true}]}}