{"id":673,"date":"2022-07-20T09:22:20","date_gmt":"2022-07-20T13:22:20","guid":{"rendered":"https:\/\/gbta.org\/opening-doors-all-over-the-world\/"},"modified":"2022-08-11T11:32:48","modified_gmt":"2022-08-11T15:32:48","slug":"opening-doors-all-over-the-world","status":"publish","type":"post","link":"https:\/\/gbta.org\/es\/opening-doors-all-over-the-world\/","title":{"rendered":"Abriendo puertas en todo el mundo"},"content":{"rendered":"<p><span style=\"color: #000000; font-family: Calibri; font-size: medium;\">Me encanta tomar fotograf\u00edas, espec\u00edficamente fotograf\u00edas de puertas. Tengo colecciones enteras de fotograf\u00edas de portales de la India, Alemania, Francia, el Reino Unido y ahora de Praga, Rep\u00fablica Checa. Siempre me han fascinado las puertas, probablemente porque siempre me pregunto qu\u00e9 hay detr\u00e1s y, en lugares como Praga, especialmente la historia de lo que hay m\u00e1s all\u00e1 de la puerta. La mayor\u00eda de nosotros probablemente compartimos esa curiosidad. <\/span><\/p>\n<p><span style=\"color: #000000; font-family: Calibri; font-size: medium;\">Las siguientes fotos son de mi viaje a <\/span><a href=\"http:\/\/www.praguewelcome.cz\/en\/\"><span style=\"color: #0000ff; font-family: Calibri; font-size: medium;\">Praga<\/span><\/a><span style=\"color: #000000; font-family: Calibri; font-size: medium;\"> la semana pasada, donde asist\u00ed a la Conferencia GBTA Europa. El evento destac\u00f3 lo que GBTA hace mejor: reunir muchas perspectivas globales sobre la industria de viajes de negocios mientras abrimos la puerta al futuro. El orador principal, <\/span><a href=\"http:\/\/www.futuristgerd.com\/2013\/09\/23\/my-presentation-from-todays-talk-on-the-future-of-business-in-a-networked-society-gbta-conference-praque\/\"><span style=\"color: #0000ff; font-family: Calibri; font-size: medium;\">Gerd Leonhard<\/span><\/a><span style=\"font-size: medium;\"><span style=\"color: #000000;\"><span style=\"font-family: Calibri;\">, autor y director ejecutivo de Futures Agency, se centr\u00f3 en c\u00f3mo la tecnolog\u00eda social, local y m\u00f3vil est\u00e1 cambiando la forma en que obtenemos, digerimos y utilizamos la informaci\u00f3n. Espera que el futuro se caracterice por un \u201cpredeterminado digital\u201d, una sociedad en red donde todos est\u00e9n conectados y el 80% del tr\u00e1fico de Internet se realice a trav\u00e9s de dispositivos m\u00f3viles. La suya fue una discusi\u00f3n fascinante y proporcion\u00f3 mucho material para reflexionar sobre c\u00f3mo estos temas afectar\u00e1n a nuestra industria.\u00a0 <\/span><\/span><\/span><\/p>\n<p style=\"text-align: center;\"><a href=\"http:\/\/www.blog.gbta.org\/wp-content\/uploads\/2013\/10\/door2.jpg\"><img loading=\"lazy\" decoding=\"async\" class=\"alignnone size-full wp-image-129\" alt=\"door2\" src=\"http:\/\/www.blog.gbta.org\/wp-content\/uploads\/2013\/10\/door2.jpg\" width=\"150\" height=\"150\" \/><\/a>\u00a0<a href=\"http:\/\/www.blog.gbta.org\/wp-content\/uploads\/2013\/10\/door4.jpg\"><img loading=\"lazy\" decoding=\"async\" class=\"alignnone size-full wp-image-131\" alt=\"door4\" src=\"http:\/\/www.blog.gbta.org\/wp-content\/uploads\/2013\/10\/door4.jpg\" width=\"150\" height=\"150\" \/><\/a>\u00a0 <a href=\"http:\/\/www.blog.gbta.org\/wp-content\/uploads\/2013\/10\/door6.jpg\"><img loading=\"lazy\" decoding=\"async\" class=\"alignnone size-medium wp-image-132\" alt=\"door6\" src=\"http:\/\/www.blog.gbta.org\/wp-content\/uploads\/2013\/10\/door6.jpg\" width=\"150\" height=\"150\" \/><\/a><\/p>\n<p><span style=\"color: #000000; font-family: Calibri; font-size: medium;\">Se nos anima a no perder de vista el pasado ni el presente. Pero lo m\u00e1s importante es que no podemos perder de vista el futuro. Centrarse en el futuro nos exige reimaginar lo que se podr\u00eda o se puede hacer. Una parte esencial de nuestro papel como gestores de viajes es reimaginar mejores formas de hacer lo que hacemos. Siempre deber\u00edamos intentar encontrar nuevas formas de aprender y crecer, para nuestras empresas, para nuestra profesi\u00f3n y para nosotros mismos. La conferencia GBTA cont\u00f3 con presentadores desde Google hasta IKEA, cada uno con una perspectiva diferente. Estos diversos puntos de vista ciertamente me impulsaron a pensar en diferentes maneras en que hago mi trabajo y c\u00f3mo podr\u00eda manejar los nuevos desaf\u00edos a medida que surjan. Cierto di\u00e1logo puede generar controversia, pero escuchar y conocer todos los puntos de vista nos ayuda a lograr mejores resultados. <\/span><\/p>\n<p><span style=\"color: #000000; font-family: Calibri; font-size: medium;\">Para m\u00ed, la conferencia represent\u00f3 la apertura de puertas. Aprend\u00ed cosas que no sab\u00eda y pens\u00e9 en cosas que s\u00ed sab\u00eda (o cre\u00eda saber) de diferentes maneras. Cuantas m\u00e1s puertas proverbiales abr\u00ed y m\u00e1s personas conoc\u00ed, m\u00e1s me di cuenta de lo diferentes y similares que somos, independientemente de d\u00f3nde vivamos. Con esta conferencia y sus otras actividades, GBTA est\u00e1 abriendo puertas en todo el mundo, permiti\u00e9ndonos interactuar y aprender de nuestros pares.<\/span><\/p>\n<p><span style=\"font-size: medium;\"><span style=\"color: #000000;\"><span style=\"font-family: Calibri;\">A medida que nos conocemos, el mundo se vuelve un lugar m\u00e1s peque\u00f1o, pero no de forma negativa. Nos estamos acercando en lugar de alejarnos. Como asociaci\u00f3n, GBTA est\u00e1 mejor unida que dividida. Como industria, trabajamos mejor juntos y aprendemos unos de otros porque todos enfrentamos los mismos desaf\u00edos.\u00a0 <\/span><\/span><\/span><\/p>\n<p style=\"text-align: left;\"><span style=\"color: #000000; font-family: Calibri; font-size: medium;\">Mientras estaba en la conferencia, tuve mi propia historia del peque\u00f1o mundo. Habl\u00e9 con una de nuestros asistentes, Elizabeth Aston de <\/span><a href=\"http:\/\/www.amadeus.net\/plnext\/meb\/HomePageDispatcher.action?SITE=BCEUBCEU&amp;LANGUAGE=GB\"><span style=\"color: #0000ff; font-family: Calibri; font-size: medium;\">Amadeo.<\/span><\/a><span style=\"font-size: medium;\"><span style=\"color: #000000;\"><span style=\"font-family: Calibri;\">\u00a0 Ella es de Madrid pero pas\u00f3 un tiempo en Virginia, no muy lejos de donde vivo. Mencion\u00f3 que ten\u00eda una amiga cercana que ten\u00eda una escuela de vela en Irvington, Virginia. Estaba familiarizado con esa zona, as\u00ed que decid\u00ed preguntarle a mi colega de Dominion, que es un gran aficionado a la navegaci\u00f3n, si conoc\u00eda a la amiga de Elizabeth. He aqu\u00ed que conoc\u00eda muy bien a la amiga de Elizabeth, Arabella. Entonces decidimos tomarnos una foto juntos y envi\u00e1rsela.\u00a0<\/span><\/span><\/span><\/p>\n<figure id=\"attachment_115\" aria-describedby=\"caption-attachment-115\" style=\"width: 225px\" class=\"wp-caption aligncenter\"><a href=\"http:\/\/www.blog.gbta.org\/wp-content\/uploads\/2013\/10\/Donna-and-Elizabeth.jpg\"><img loading=\"lazy\" decoding=\"async\" class=\"size-medium wp-image-115\" alt=\"Elizabeth and I posing for a photo in Prague.\" src=\"http:\/\/www.blog.gbta.org\/wp-content\/uploads\/2013\/10\/Donna-and-Elizabeth-225x300.jpg\" width=\"225\" height=\"300\" \/><\/a><figcaption id=\"caption-attachment-115\" class=\"wp-caption-text\">Elizabeth y yo posando para una foto en Praga.<\/figcaption><\/figure>\n<p>&nbsp;<\/p>\n<p><span style=\"font-size: medium;\"><span style=\"color: #000000;\"><span style=\"font-family: Calibri;\">Entonces, aqu\u00ed estoy en Praga con Elizabeth que es de Espa\u00f1a y nos tomamos una foto para envi\u00e1rsela a su amiga en Virginia. Ahora planeo encontrarme con Arabella en mi pr\u00f3ximo viaje a Irvington, Virginia. <\/span><\/span><\/span><span style=\"font-size: medium;\"><span style=\"color: #000000;\"><span style=\"font-family: Calibri;\">El mundo es peque\u00f1o, pero en el buen sentido. <\/span><\/span><\/span><\/p>\n<p><span style=\"font-size: medium;\"><span style=\"color: #000000;\"><span style=\"font-family: Calibri;\">Puede que no siempre sepamos qu\u00e9 hay m\u00e1s all\u00e1 de las puertas por las que entramos, pero estamos mejor preparados cuando nos tomamos el tiempo para aprender unos de otros. <\/span><\/span><\/span><\/p>\n<p><span style=\"font-size: medium;\"><span style=\"color: #000000;\"><span style=\"font-family: Calibri;\">A continuaci\u00f3n se muestran algunas otras fotos de Praga. Es una ciudad tan encantadora.\u00a0 <\/span><\/span><\/span><\/p>\n<p><a href=\"http:\/\/www.blog.gbta.org\/wp-content\/uploads\/2013\/10\/prague-10.jpg\"><img loading=\"lazy\" decoding=\"async\" class=\"alignnone size-full wp-image-134\" alt=\"prague 10\" src=\"http:\/\/www.blog.gbta.org\/wp-content\/uploads\/2013\/10\/prague-10.jpg\" width=\"150\" height=\"150\" \/><\/a><a href=\"http:\/\/www.blog.gbta.org\/wp-content\/uploads\/2013\/10\/prague-11.jpg\"><img loading=\"lazy\" decoding=\"async\" class=\"alignnone size-full wp-image-135\" alt=\"prague 11\" src=\"http:\/\/www.blog.gbta.org\/wp-content\/uploads\/2013\/10\/prague-11.jpg\" width=\"150\" height=\"150\" \/><\/a><a href=\"http:\/\/www.blog.gbta.org\/wp-content\/uploads\/2013\/10\/prague-12.jpg\"><img loading=\"lazy\" decoding=\"async\" class=\"alignnone size-full wp-image-136\" alt=\"prague 12\" src=\"http:\/\/www.blog.gbta.org\/wp-content\/uploads\/2013\/10\/prague-12.jpg\" width=\"150\" height=\"150\" \/><\/a><a href=\"http:\/\/www.blog.gbta.org\/wp-content\/uploads\/2013\/10\/prague14.jpg\"><img loading=\"lazy\" decoding=\"async\" class=\"alignnone size-full wp-image-137\" alt=\"prague14\" src=\"http:\/\/www.blog.gbta.org\/wp-content\/uploads\/2013\/10\/prague14.jpg\" width=\"150\" height=\"150\" \/><\/a><\/p>","protected":false},"excerpt":{"rendered":"<p>Me encanta tomar fotos, espec\u00edficamente fotos de puertas. Tengo colecciones completas de fotos de puertas de India, Alemania, Francia, Reino Unido y ahora Praga, Rep\u00fablica Checa. Siempre me han fascinado las puertas, probablemente porque siempre me pregunto qu\u00e9 hay detr\u00e1s y en lugares como Praga, especialmente la historia de lo que hay\u2026<\/p>","protected":false},"author":25,"featured_media":674,"comment_status":"open","ping_status":"open","sticky":false,"template":"","format":"standard","meta":{"_acf_changed":false,"_seopress_robots_primary_cat":"","_seopress_titles_title":"","_seopress_titles_desc":"","_seopress_robots_index":"","om_disable_all_campaigns":false,"_relevanssi_hide_post":"","_relevanssi_hide_content":"","_relevanssi_pin_for_all":"","_relevanssi_pin_keywords":"","_relevanssi_unpin_keywords":"","_relevanssi_related_keywords":"","_relevanssi_related_include_ids":"","_relevanssi_related_exclude_ids":"","_relevanssi_related_no_append":"","_relevanssi_related_not_related":"","_relevanssi_related_posts":"","_relevanssi_noindex_reason":"","_kad_blocks_custom_css":"","_kad_blocks_head_custom_js":"","_kad_blocks_body_custom_js":"","_kad_blocks_footer_custom_js":"","_kad_post_transparent":"","_kad_post_title":"","_kad_post_layout":"","_kad_post_sidebar_id":"","_kad_post_content_style":"","_kad_post_vertical_padding":"","_kad_post_feature":"","_kad_post_feature_position":"","_kad_post_header":false,"_kad_post_footer":false,"footnotes":"","_links_to":"","_links_to_target":""},"categories":[37],"tags":[49,76,77],"class_list":["post-673","post","type-post","status-publish","format-standard","has-post-thumbnail","hentry","category-research-and-travel-trends","tag-gbta","tag-gbta-europe-conference","tag-prague"],"acf":[],"featured_image_src_large":["https:\/\/gbta.org\/wp-content\/uploads\/Prague-door.jpg",480,640,false],"author_info":{"display_name":"jcampbell","author_link":"https:\/\/gbta.org\/es\/author\/jcampbell\/"},"comment_info":"","category_info":[{"term_id":37,"name":"Research and Travel Trends","slug":"research-and-travel-trends","term_group":0,"term_taxonomy_id":37,"taxonomy":"category","description":"","parent":0,"count":966,"filter":"raw","cat_ID":37,"category_count":966,"category_description":"","cat_name":"Research and Travel Trends","category_nicename":"research-and-travel-trends","category_parent":0}],"tag_info":[{"term_id":49,"name":"GBTA","slug":"gbta","term_group":0,"term_taxonomy_id":49,"taxonomy":"post_tag","description":"","parent":0,"count":261,"filter":"raw"},{"term_id":76,"name":"GBTA Europe Conference","slug":"gbta-europe-conference","term_group":0,"term_taxonomy_id":76,"taxonomy":"post_tag","description":"","parent":0,"count":4,"filter":"raw"},{"term_id":77,"name":"Prague","slug":"prague","term_group":0,"term_taxonomy_id":77,"taxonomy":"post_tag","description":"","parent":0,"count":2,"filter":"raw"}],"taxonomy_info":{"category":[{"value":37,"label":"Research and Travel Trends"}],"post_tag":[{"value":49,"label":"GBTA"},{"value":76,"label":"GBTA Europe Conference"},{"value":77,"label":"Prague"}]},"featured_image_src":"https:\/\/gbta.org\/wp-content\/uploads\/Prague-door.jpg","featured_image_src_square":"https:\/\/gbta.org\/wp-content\/uploads\/Prague-door.jpg","mfb_rest_fields":["featured_image_src_large","author_info","comment_info","category_info","tag_info","taxonomy_info","featured_image_src","featured_image_src_square"],"_links":{"self":[{"href":"https:\/\/gbta.org\/es\/wp-json\/wp\/v2\/posts\/673","targetHints":{"allow":["GET"]}}],"collection":[{"href":"https:\/\/gbta.org\/es\/wp-json\/wp\/v2\/posts"}],"about":[{"href":"https:\/\/gbta.org\/es\/wp-json\/wp\/v2\/types\/post"}],"author":[{"embeddable":true,"href":"https:\/\/gbta.org\/es\/wp-json\/wp\/v2\/users\/25"}],"replies":[{"embeddable":true,"href":"https:\/\/gbta.org\/es\/wp-json\/wp\/v2\/comments?post=673"}],"version-history":[{"count":0,"href":"https:\/\/gbta.org\/es\/wp-json\/wp\/v2\/posts\/673\/revisions"}],"wp:featuredmedia":[{"embeddable":true,"href":"https:\/\/gbta.org\/es\/wp-json\/wp\/v2\/media\/674"}],"wp:attachment":[{"href":"https:\/\/gbta.org\/es\/wp-json\/wp\/v2\/media?parent=673"}],"wp:term":[{"taxonomy":"category","embeddable":true,"href":"https:\/\/gbta.org\/es\/wp-json\/wp\/v2\/categories?post=673"},{"taxonomy":"post_tag","embeddable":true,"href":"https:\/\/gbta.org\/es\/wp-json\/wp\/v2\/tags?post=673"}],"curies":[{"name":"wp","href":"https:\/\/api.w.org\/{rel}","templated":true}]}}