{"id":7821,"date":"2022-10-25T06:00:00","date_gmt":"2022-10-25T10:00:00","guid":{"rendered":"https:\/\/gbta.org\/?p=7821"},"modified":"2022-10-25T05:45:43","modified_gmt":"2022-10-25T09:45:43","slug":"check-in-with-suzanne-81","status":"publish","type":"post","link":"https:\/\/gbta.org\/es\/check-in-with-suzanne-81\/","title":{"rendered":"Comun\u00edquese con Suzanne"},"content":{"rendered":"<style>.wp-block-kadence-advancedheading.kt-adv-heading_37a558-31, .wp-block-kadence-advancedheading.kt-adv-heading_37a558-31[data-kb-block=\"kb-adv-heading_37a558-31\"]{font-style:normal;}.wp-block-kadence-advancedheading.kt-adv-heading_37a558-31 mark.kt-highlight, .wp-block-kadence-advancedheading.kt-adv-heading_37a558-31[data-kb-block=\"kb-adv-heading_37a558-31\"] mark.kt-highlight{font-style:normal;color:#f76a0c;-webkit-box-decoration-break:clone;box-decoration-break:clone;padding-top:0px;padding-right:0px;padding-bottom:0px;padding-left:0px;}<\/style>\n<h2 class=\"kt-adv-heading_37a558-31 wp-block-kadence-advancedheading\" data-kb-block=\"kb-adv-heading_37a558-31\"><strong>Poner las palabras en acci\u00f3n para lograr viajes de negocios sostenibles<\/strong>\u00a0<\/h2>\n\n\n\n<p>\u00a1Todos somos sistemas, vamos por Bruselas! La demanda es alta para nuestro <a href=\"https:\/\/europeconference.gbta.org\/other-events\/gbta-sustainability-summit\/\" target=\"_blank\" rel=\"noreferrer noopener\">Cumbre de Sostenibilidad<\/a> el 8 de noviembre. Y para el <a href=\"https:\/\/europeconference.gbta.org\/\" target=\"_blank\" rel=\"noreferrer noopener\">Conferencia Europea<\/a> Del 8 al 10 de noviembre, con asistentes de m\u00e1s de 24 pa\u00edses ya registrados; eso es el doble de compradores inscritos ahora que los que asistieron a nuestro evento de Berl\u00edn a finales de febrero de este a\u00f1o... Esta es otra se\u00f1al de que las conferencias en persona se est\u00e1n recuperando a un ritmo saludable. y esa colaboraci\u00f3n en persona est\u00e1 impulsando la demanda a satisfacer. Esperamos ver a\u00fan m\u00e1s de ustedes all\u00ed... Registrarse <a href=\"https:\/\/europeconference.gbta.org\/registration\/\" target=\"_blank\" rel=\"noreferrer noopener\">aqu\u00ed<\/a>.&nbsp;<\/p>\n\n\n\n<p>Uno de los aspectos m\u00e1s destacados de la Cumbre es la sesi\u00f3n interactiva del grupo de expertos donde los asistentes brindar\u00e1n ideas y aportes para el Plan de Acci\u00f3n Clim\u00e1tica de la Industria de GBTA, que describir\u00e1 caminos concretos para que nuestra industria genere un cambio positivo. Somos una industria que se transforma para el futuro de nuestro sector, de las personas y del planeta. Sea parte del proceso en Bruselas mientras trazamos el camino del sector mundial de viajes de negocios hacia la reducci\u00f3n de emisiones en 50% para 2030 y el logro de emisiones netas cero para 2050.&nbsp;<\/p>\n\n\n\n<p>Se est\u00e1n llevando a cabo conversaciones importantes sobre la reducci\u00f3n de emisiones y el logro de cero emisiones netas en toda nuestra industria: United Airlines <a href=\"https:\/\/www.united.com\/ual\/en\/us\/fly\/company\/global-citizenship\/environment\/ecoskies-alliance.html\" target=\"_blank\" rel=\"noreferrer noopener\">Alianza Eco-Cielos<\/a> La reuni\u00f3n que tuvo lugar la semana pasada es s\u00f3lo un ejemplo entre muchos. Nuestra industria est\u00e1 intensificando la planificaci\u00f3n y las acciones para lograr impactos tangibles en los objetivos de acci\u00f3n clim\u00e1tica. Llegar all\u00ed requerir\u00e1 que sigamos experimentando y colaborando para encontrar el mejor camino a seguir.&nbsp;<br>&nbsp;<br>GBTA tambi\u00e9n contin\u00faa tomando medidas para garantizar que nuestro prop\u00f3sito colectivo sea escuchado en lo que respecta a la sostenibilidad. GBTA public\u00f3 recientemente un documento de posici\u00f3n <a href=\"https:\/\/gbta.org\/es\/gbta-supports-countemissionseu-initiative-for-harmonised-framework-to-measure-greenhouse-gas-emissions\/\" target=\"_blank\" rel=\"noreferrer noopener\">secundario<\/a> la iniciativa de la Comisi\u00f3n Europea de proponer un marco armonizado para calcular y notificar las emisiones de gases de efecto invernadero del sector del transporte, denominado <a href=\"https:\/\/ec.europa.eu\/info\/law\/better-regulation\/have-your-say\/initiatives\/13217-Count-your-transport-emissions-CountEmissions-EU_en\" target=\"_blank\" rel=\"noreferrer noopener\">ContarEmisionesUE<\/a>. A medida que nuestros miembros hacen de la reducci\u00f3n de la huella de carbono de sus viajes de negocios una <a href=\"https:\/\/gbta.org\/es\/global-business-travels-landmark-sustainability-study-reveals-what-it-will-take-to-get-to-a-greener-future\/\" target=\"_blank\" rel=\"noreferrer noopener\">prioridad<\/a>, ser capaz de rastrear, medir y comparar constantemente los datos de emisiones ser\u00e1 esencial para lograr nuestros objetivos.&nbsp;<br>\u202f&nbsp;<br>susana&nbsp;<\/p>\n\n\n<h4 class=\"wp-block-heading\" id=\"news-to-know\">Noticias para saber:<\/h4>\n\n\n<p><strong>Los estadounidenses est\u00e1n decididos a viajar, a pesar de las preocupaciones sobre la inflaci\u00f3n<\/strong><\/p>\n\n\n\n<p><a href=\"https:\/\/www.travelagewest.com\/Industry-Insight\/Business-Features\/travel-insights-2022-asta-research?utm_source=NTGbox&amp;utm_medium=web&amp;utm_campaign=widget\">La investigaci\u00f3n de ASTA indica que 40% de viajeros est\u00e1n gastando m\u00e1s en viajes este a\u00f1o que antes de la pandemia.<\/a> superando el aumento del gasto en autom\u00f3viles (36%), mejoras del hogar (32%), entretenimiento (31%) o electr\u00f3nica y tecnolog\u00eda (28%). Esa cifra es a\u00fan mayor para 2023, cuando 75% de los encuestados planean gastar lo mismo o m\u00e1s en viajes. <em>(Edad de viaje al oeste)<\/em><\/p>\n\n\n\n<p><strong>La industria de viajes insta a Sunak a brindar &quot;estabilidad y confianza&quot;<\/strong><\/p>\n\n\n\n<p><a href=\"https:\/\/www.businesstravelnewseurope.com\/Management\/Travel-industry-urges-Sunak-to-provide-stability-and-confidence-\">Las organizaciones de viajes han instado al \u00faltimo primer ministro del Reino Unido, Rishi Sunak, a proporcionar &quot;estabilidad, claridad y confianza&quot; a las empresas del sector.<\/a> despu\u00e9s de semanas de agitaci\u00f3n econ\u00f3mica. El ex canciller Sunak asumir\u00e1 el cargo de primera ministra en sustituci\u00f3n de Liz Truss, quien renuncia despu\u00e9s de un desastroso per\u00edodo de seis semanas a cargo del pa\u00eds. Sunak hab\u00eda perdido previamente ante Truss en la campa\u00f1a de liderazgo conservador de este verano para reemplazar a Boris Johnson. <em>(BTN Europa)<\/em><\/p>\n\n\n\n<p><strong>Cinco razones por las que los viajes de negocios en aerol\u00edneas han cambiado permanentemente<\/strong><\/p>\n\n\n\n<p><a href=\"https:\/\/www.forbes.com\/sites\/benbaldanza\/2022\/10\/07\/five-reasons-why-airline-business-travel-has-permanently-changed\/?sh=1c07a7ce7416\">Los viajes de negocios para las aerol\u00edneas han sido el alma de las aerol\u00edneas m\u00e1s grandes de EE. UU. y del resto del mundo.<\/a> Cuando una empresa paga la factura, las cuestiones de horarios, el trato en el aeropuerto y la cabina, el programa de viajero frecuente y m\u00e1s son las m\u00e1s importantes para los viajeros. Como resultado, los viajeros de negocios corporativos hist\u00f3ricamente han pagado tarifas de tres a cuatro veces m\u00e1s que los viajeros de placer y, a veces, mucho m\u00e1s que eso. Todas las grandes aerol\u00edneas estadounidenses han creado su negocio para atraer y retener a este tipo de viajeros. Afecta su flota, horarios, configuraci\u00f3n de asientos, bienes ra\u00edces del aeropuerto, organizaci\u00f3n de gesti\u00f3n, estrategia de distribuci\u00f3n, pol\u00edticas corporativas y casi todo lo dem\u00e1s que hace la aerol\u00ednea.<\/p>\n\n\n\n<p><strong>La industria de viajes de Asia-Pac\u00edfico podr\u00eda ser la primera en recuperarse en 2023<\/strong><\/p>\n\n\n\n<p><a href=\"https:\/\/www.cnbc.com\/2022\/10\/17\/when-will-asias-travel-industry-recover-maybe-as-soon-as-2023.html\">Un nuevo informe indica que la industria de viajes en Asia-Pac\u00edfico puede ser la \u00fanica del mundo que se recupere para 2023<\/a>. El informe \u201cImpacto econ\u00f3mico de los viajes y el turismo\u201d de este a\u00f1o, una publicaci\u00f3n anual del Consejo Mundial de Viajes y Turismo con sede en Londres, muestra que, en comparaci\u00f3n con los niveles previos a la pandemia, los ingresos por turismo en 2020 cayeron m\u00e1s en Asia-Pac\u00edfico (59%) que en cualquier otro lugar. dem\u00e1s. Los esfuerzos de recuperaci\u00f3n en la regi\u00f3n fueron d\u00e9biles en 2021, y la mayor\u00eda de los pa\u00edses mantuvieron estrictas restricciones fronterizas. La contribuci\u00f3n de los ingresos del turismo al producto interno bruto regional aument\u00f3 alrededor de 16%, menos que los 28% en Europa y los 23% en Am\u00e9rica del Norte. <em>(CNBC)<\/em><\/p>\n\n\n<h4 class=\"wp-block-heading\" id=\"gbta-news-and-reminders\">Noticias y recordatorios de GBTA:<\/h4>\n\n\n<p><strong>Conferencia GBTA 2022 \u2013 Bruselas en asociaci\u00f3n con VDR<\/strong><\/p>\n\n\n\n<p><a href=\"https:\/\/europeconference.gbta.org\/Registration\/?_ga=2.132225486.1731087071.1666015111-700578155.1638546971\">Conferencia GBTA 2022 \u2013 Bruselas en asociaci\u00f3n con VDR<\/a> Del 8 al 10 de noviembre se celebrar\u00e1 la mayor conferencia de Europa para profesionales de la gesti\u00f3n de reuniones y viajes de negocios. Es importante ahora, m\u00e1s que nunca, que nos unamos para dise\u00f1ar e idear nuevas estrategias para proteger nuestra industria. El coraz\u00f3n del crecimiento de nuestra industria es el valor de nuestras relaciones. Ya sea usted un comprador o un proveedor, la innovaci\u00f3n conjunta impulsar\u00e1 el avance de nuestra industria. Asista a la Conferencia GBTA 2022 \u2013 Bruselas en asociaci\u00f3n con VDR y regresar\u00e1 a su organizaci\u00f3n armado con nuevos conocimientos, experiencia y mejores pr\u00e1cticas impactantes para avanzar con \u00e9xito mientras continuamos impulsando y prepar\u00e1ndonos para un fuerte retorno de los viajes de negocios.<\/p>\n\n\n\n<p><strong>Cumbre de Sostenibilidad GBTA<\/strong><\/p>\n\n\n\n<p>GBTA ser\u00e1 el anfitri\u00f3n de su primera <a href=\"https:\/\/web-eur.cvent.com\/event\/f8f7c2e2-6c5a-4e7b-9fee-984cc212d093\/regPage:064844b0-0e3a-428f-aba1-2698f5fc9732\">Cumbre Global de Sostenibilidad<\/a> el 8 de noviembre de 2022 en Bruselas, centr\u00e1ndose en Impulsar la acci\u00f3n en la carrera hacia el cero neto. Este evento de alto nivel de un d\u00eda reunir\u00e1 a expertos, l\u00edderes de la industria y las pol\u00edticas para delinear soluciones concretas para descarbonizar los viajes de negocios, en consonancia con los Objetivos Clim\u00e1ticos de Par\u00eds, y simult\u00e1neamente con la 27.\u00aa Cumbre Clim\u00e1tica de las Naciones Unidas (COP 27), teniendo lugar en Egipto del 7 al 18 de noviembre.<\/p>\n\n\n\n<p><strong>PATA - Cumbre de viajes GBTA APAC 2022<\/strong><\/p>\n\n\n\n<p>La Pacific Asia Travel Association (PATA), en asociaci\u00f3n con la Global Business Travel Association (GBTA), organizar\u00e1 su inauguraci\u00f3n. <a href=\"https:\/\/web.cvent.com\/event\/280e5be0-5a58-4285-9e62-b3fbd3dc05e2\/regProcessStep1\">Cumbre de viajes PATA y GBTA APAC<\/a> en el nuevo y moderno Centro Nacional de Convenciones Reina Sirikit (QSNCC) en Bangkok, Tailandia, del 8 al 9 de diciembre de 2022.<\/p>\n\n\n\n<p><\/p>","protected":false},"excerpt":{"rendered":"<p>Poner las palabras en acci\u00f3n para unos viajes de negocios sostenibles \u00a1Todos los sistemas van por Bruselas! La demanda es alta para nuestra Cumbre de Sostenibilidad el 8 de noviembre. Y para la Conferencia Europea del 8 al 10 de noviembre, con asistentes de m\u00e1s de 24 pa\u00edses ya registrados, eso es el doble de compradores inscritos ahora que los que asistieron a nuestro evento de Berl\u00edn...<\/p>","protected":false},"author":17,"featured_media":0,"comment_status":"closed","ping_status":"closed","sticky":false,"template":"","format":"standard","meta":{"_acf_changed":false,"_seopress_robots_primary_cat":"none","_seopress_titles_title":"","_seopress_titles_desc":"","_seopress_robots_index":"","om_disable_all_campaigns":false,"_relevanssi_hide_post":"","_relevanssi_hide_content":"","_relevanssi_pin_for_all":"","_relevanssi_pin_keywords":"","_relevanssi_unpin_keywords":"","_relevanssi_related_keywords":"","_relevanssi_related_include_ids":"","_relevanssi_related_exclude_ids":"","_relevanssi_related_no_append":"","_relevanssi_related_not_related":"","_relevanssi_related_posts":"1,415,661,662,664,666","_relevanssi_noindex_reason":"","_kad_blocks_custom_css":"","_kad_blocks_head_custom_js":"","_kad_blocks_body_custom_js":"","_kad_blocks_footer_custom_js":"","_kad_post_transparent":"","_kad_post_title":"","_kad_post_layout":"","_kad_post_sidebar_id":"","_kad_post_content_style":"","_kad_post_vertical_padding":"","_kad_post_feature":"","_kad_post_feature_position":"","_kad_post_header":false,"_kad_post_footer":false,"footnotes":"","_links_to":"","_links_to_target":""},"categories":[280],"tags":[1450],"class_list":["post-7821","post","type-post","status-publish","format-standard","hentry","category-sustainability","tag-check-in-with-suzanne"],"acf":[],"featured_image_src_large":false,"author_info":{"display_name":"","author_link":"https:\/\/gbta.org\/es\/author\/"},"comment_info":"","category_info":[{"term_id":280,"name":"Sustainability","slug":"sustainability","term_group":0,"term_taxonomy_id":280,"taxonomy":"category","description":"","parent":0,"count":130,"filter":"raw","cat_ID":280,"category_count":130,"category_description":"","cat_name":"Sustainability","category_nicename":"sustainability","category_parent":0}],"tag_info":[{"term_id":1450,"name":"Check-in with Suzanne","slug":"check-in-with-suzanne","term_group":0,"term_taxonomy_id":1450,"taxonomy":"post_tag","description":"","parent":0,"count":47,"filter":"raw"}],"taxonomy_info":{"category":[{"value":280,"label":"Sustainability"}],"post_tag":[{"value":1450,"label":"Check-in with Suzanne"}]},"featured_image_src":null,"featured_image_src_square":null,"mfb_rest_fields":["featured_image_src_large","author_info","comment_info","category_info","tag_info","taxonomy_info","featured_image_src","featured_image_src_square"],"_links":{"self":[{"href":"https:\/\/gbta.org\/es\/wp-json\/wp\/v2\/posts\/7821","targetHints":{"allow":["GET"]}}],"collection":[{"href":"https:\/\/gbta.org\/es\/wp-json\/wp\/v2\/posts"}],"about":[{"href":"https:\/\/gbta.org\/es\/wp-json\/wp\/v2\/types\/post"}],"author":[{"embeddable":true,"href":"https:\/\/gbta.org\/es\/wp-json\/wp\/v2\/users\/17"}],"replies":[{"embeddable":true,"href":"https:\/\/gbta.org\/es\/wp-json\/wp\/v2\/comments?post=7821"}],"version-history":[{"count":0,"href":"https:\/\/gbta.org\/es\/wp-json\/wp\/v2\/posts\/7821\/revisions"}],"wp:attachment":[{"href":"https:\/\/gbta.org\/es\/wp-json\/wp\/v2\/media?parent=7821"}],"wp:term":[{"taxonomy":"category","embeddable":true,"href":"https:\/\/gbta.org\/es\/wp-json\/wp\/v2\/categories?post=7821"},{"taxonomy":"post_tag","embeddable":true,"href":"https:\/\/gbta.org\/es\/wp-json\/wp\/v2\/tags?post=7821"}],"curies":[{"name":"wp","href":"https:\/\/api.w.org\/{rel}","templated":true}]}}