{"id":860,"date":"2022-07-20T09:32:57","date_gmt":"2022-07-20T13:32:57","guid":{"rendered":"https:\/\/gbta.org\/rep-diaz-balart-says-no-to-pfcs-at-gbta-legislative-symposium\/"},"modified":"2022-08-11T11:33:05","modified_gmt":"2022-08-11T15:33:05","slug":"rep-diaz-balart-says-no-to-pfcs-at-gbta-legislative-symposium","status":"publish","type":"post","link":"https:\/\/gbta.org\/es\/rep-diaz-balart-says-no-to-pfcs-at-gbta-legislative-symposium\/","title":{"rendered":"El representante D\u00edaz Balart dice No a los PFC en el Simposio Legislativo GBTA"},"content":{"rendered":"<p><a title=\"Sitio web de Balart\" href=\"http:\/\/mariodiazbalart.house.gov\/\" target=\"_blank\" rel=\"noopener\">Representante Mario D\u00edaz Balart<\/a> (R-FL) se gan\u00f3 hoy un aplauso de los asistentes al Simposio Legislativo GBTA 2015 despu\u00e9s de afirmar que el proyecto de ley de asignaciones que acaba de salir de su Subcomit\u00e9 de Transporte no inclu\u00eda un aumento al cargo por instalaci\u00f3n de pasajeros (PFC). Aunque se\u00f1al\u00f3 que queda un largo camino por recorrer, D\u00edaz Balart dijo que no esperaba que el l\u00edmite del PFC aumentara mientras los republicanos lideraran la C\u00e1mara y el Senado.<\/p>\n<p><a href=\"http:\/\/blog.gbta.org\/wp-content\/uploads\/2015\/04\/balart.jpg\"><img loading=\"lazy\" decoding=\"async\" class=\"aligncenter size-medium wp-image-844\" src=\"http:\/\/blog.gbta.org\/wp-content\/uploads\/2015\/04\/balart-300x169.jpg\" alt=\"balart\" width=\"300\" height=\"169\" \/><\/a><\/p>\n<p>Cambiando el enfoque a la FAA, D\u00edaz Balart explic\u00f3 que cree que su subcomit\u00e9 ha redactado un proyecto de ley responsable que garantiza que programas vitales, como NextGen, sean financiados.<\/p>\n<p>Originario del sur de Florida, D\u00edaz Balart comprende la importancia de los viajes y el turismo y postula que un sistema de transporte viable, eficiente y seguro es vital para el futuro de nuestra industria tur\u00edstica.<\/p>\n<p>El representante D\u00edaz Balart tuvo una visi\u00f3n muy diferente sobre el levantamiento del embargo a Cuba que <a title=\"El senador Klobuchar habla sobre cuestiones de viajes y turismo en el simposio legislativo de la GBTA\" href=\"http:\/\/blog.gbta.org\/2015\/04\/28\/senator-klobuchar-talks-travel-tourism-issues-at-gbta-legislative-symposium\/\" target=\"_blank\" rel=\"noopener\">El senador Klobuchar, que habl\u00f3 antes que \u00e9l.<\/a>, lo que dio lugar a un animado debate entre el Representante y los asistentes. Son momentos como este los que demuestran que tu voz s\u00ed importa y que es incre\u00edble vivir en un pa\u00eds donde puedes tener un debate abierto y honesto con un miembro del gobierno.<\/p>","protected":false},"excerpt":{"rendered":"<p>El representante Mario D\u00edaz Balart (R-FL) se gan\u00f3 hoy una ronda de aplausos de los asistentes al Simposio Legislativo GBTA 2015 despu\u00e9s de afirmar que el proyecto de ley de asignaciones que acaba de salir de su Subcomit\u00e9 de Transporte no inclu\u00eda un aumento en el cargo por instalaci\u00f3n de pasajeros (PFC) . Aunque se\u00f1al\u00f3 que queda un largo camino por recorrer, D\u00edaz Balart\u2026<\/p>","protected":false},"author":25,"featured_media":861,"comment_status":"open","ping_status":"open","sticky":false,"template":"","format":"standard","meta":{"_acf_changed":false,"_seopress_robots_primary_cat":"","_seopress_titles_title":"","_seopress_titles_desc":"","_seopress_robots_index":"","om_disable_all_campaigns":false,"_relevanssi_hide_post":"","_relevanssi_hide_content":"","_relevanssi_pin_for_all":"","_relevanssi_pin_keywords":"","_relevanssi_unpin_keywords":"","_relevanssi_related_keywords":"","_relevanssi_related_include_ids":"","_relevanssi_related_exclude_ids":"","_relevanssi_related_no_append":"","_relevanssi_related_not_related":"","_relevanssi_related_posts":"","_relevanssi_noindex_reason":"","_kad_blocks_custom_css":"","_kad_blocks_head_custom_js":"","_kad_blocks_body_custom_js":"","_kad_blocks_footer_custom_js":"","_kad_post_transparent":"","_kad_post_title":"","_kad_post_layout":"","_kad_post_sidebar_id":"","_kad_post_content_style":"","_kad_post_vertical_padding":"","_kad_post_feature":"","_kad_post_feature_position":"","_kad_post_header":false,"_kad_post_footer":false,"footnotes":"","_links_to":"","_links_to_target":""},"categories":[78],"tags":[115,48,385,386,49,84,201],"class_list":["post-860","post","type-post","status-publish","format-standard","has-post-thumbnail","hentry","category-ground-transportation","tag-advocacy","tag-business-travel","tag-congressman-diaz-balart","tag-diaz-balart","tag-gbta","tag-nextgen","tag-pfc"],"acf":[],"featured_image_src_large":["https:\/\/gbta.org\/wp-content\/uploads\/balart-1024x576.jpg",1024,576,true],"author_info":{"display_name":"jcampbell","author_link":"https:\/\/gbta.org\/es\/author\/jcampbell\/"},"comment_info":"","category_info":[{"term_id":78,"name":"Ground Transportation","slug":"ground-transportation","term_group":0,"term_taxonomy_id":78,"taxonomy":"category","description":"","parent":0,"count":126,"filter":"raw","cat_ID":78,"category_count":126,"category_description":"","cat_name":"Ground Transportation","category_nicename":"ground-transportation","category_parent":0}],"tag_info":[{"term_id":115,"name":"advocacy","slug":"advocacy","term_group":0,"term_taxonomy_id":115,"taxonomy":"post_tag","description":"","parent":0,"count":48,"filter":"raw"},{"term_id":48,"name":"business travel","slug":"business-travel","term_group":0,"term_taxonomy_id":48,"taxonomy":"post_tag","description":"","parent":0,"count":417,"filter":"raw"},{"term_id":385,"name":"Congressman Diaz Balart","slug":"congressman-diaz-balart","term_group":0,"term_taxonomy_id":385,"taxonomy":"post_tag","description":"","parent":0,"count":1,"filter":"raw"},{"term_id":386,"name":"Diaz Balart","slug":"diaz-balart","term_group":0,"term_taxonomy_id":386,"taxonomy":"post_tag","description":"","parent":0,"count":1,"filter":"raw"},{"term_id":49,"name":"GBTA","slug":"gbta","term_group":0,"term_taxonomy_id":49,"taxonomy":"post_tag","description":"","parent":0,"count":261,"filter":"raw"},{"term_id":84,"name":"NextGen","slug":"nextgen","term_group":0,"term_taxonomy_id":84,"taxonomy":"post_tag","description":"","parent":0,"count":3,"filter":"raw"},{"term_id":201,"name":"PFC","slug":"pfc","term_group":0,"term_taxonomy_id":201,"taxonomy":"post_tag","description":"","parent":0,"count":19,"filter":"raw"}],"taxonomy_info":{"category":[{"value":78,"label":"Ground Transportation"}],"post_tag":[{"value":115,"label":"advocacy"},{"value":48,"label":"business travel"},{"value":385,"label":"Congressman Diaz Balart"},{"value":386,"label":"Diaz Balart"},{"value":49,"label":"GBTA"},{"value":84,"label":"NextGen"},{"value":201,"label":"PFC"}]},"featured_image_src":"https:\/\/gbta.org\/wp-content\/uploads\/balart-scaled.jpg","featured_image_src_square":"https:\/\/gbta.org\/wp-content\/uploads\/balart-scaled.jpg","mfb_rest_fields":["featured_image_src_large","author_info","comment_info","category_info","tag_info","taxonomy_info","featured_image_src","featured_image_src_square"],"_links":{"self":[{"href":"https:\/\/gbta.org\/es\/wp-json\/wp\/v2\/posts\/860","targetHints":{"allow":["GET"]}}],"collection":[{"href":"https:\/\/gbta.org\/es\/wp-json\/wp\/v2\/posts"}],"about":[{"href":"https:\/\/gbta.org\/es\/wp-json\/wp\/v2\/types\/post"}],"author":[{"embeddable":true,"href":"https:\/\/gbta.org\/es\/wp-json\/wp\/v2\/users\/25"}],"replies":[{"embeddable":true,"href":"https:\/\/gbta.org\/es\/wp-json\/wp\/v2\/comments?post=860"}],"version-history":[{"count":0,"href":"https:\/\/gbta.org\/es\/wp-json\/wp\/v2\/posts\/860\/revisions"}],"wp:featuredmedia":[{"embeddable":true,"href":"https:\/\/gbta.org\/es\/wp-json\/wp\/v2\/media\/861"}],"wp:attachment":[{"href":"https:\/\/gbta.org\/es\/wp-json\/wp\/v2\/media?parent=860"}],"wp:term":[{"taxonomy":"category","embeddable":true,"href":"https:\/\/gbta.org\/es\/wp-json\/wp\/v2\/categories?post=860"},{"taxonomy":"post_tag","embeddable":true,"href":"https:\/\/gbta.org\/es\/wp-json\/wp\/v2\/tags?post=860"}],"curies":[{"name":"wp","href":"https:\/\/api.w.org\/{rel}","templated":true}]}}