{"id":9195,"date":"2023-02-15T07:00:00","date_gmt":"2023-02-15T12:00:00","guid":{"rendered":"https:\/\/gbta.org\/?p=9195"},"modified":"2024-03-01T11:54:39","modified_gmt":"2024-03-01T16:54:39","slug":"gbta-winit-elects-new-advisory-leaders-launches-international-womens-day-event","status":"publish","type":"post","link":"https:\/\/gbta.org\/es\/gbta-winit-elects-new-advisory-leaders-launches-international-womens-day-event\/","title":{"rendered":"<strong>GBTA WINiT elige nuevos l\u00edderes asesores y lanza evento del D\u00eda Internacional de la Mujer<\/strong>&nbsp;"},"content":{"rendered":"<p><a href=\"https:\/\/www.internationalwomensday.com\/\" target=\"_blank\" rel=\"noreferrer noopener\">D\u00eda Internacional de la Mujer<\/a>El 8 de marzo es un \u201cd\u00eda mundial que celebra los logros sociales, econ\u00f3micos, culturales y pol\u00edticos de las mujeres. El d\u00eda tambi\u00e9n marca un llamado a la acci\u00f3n para acelerar la igualdad de las mujeres\u201d. Marque su calendario para unirse a GBTA WINiT para un evento virtual en vivo: \u201c<strong>Celebrando nuestras Voces en el D\u00eda Internacional de la Mujer. Un d\u00eda para #EmbraceEquity\u201d<\/strong> (<a href=\"https:\/\/gbta.org\/es\/event\/celebrating-our-voices-on-international-womens-day-a-day-to-embraceequity\/\" target=\"_blank\" rel=\"noreferrer noopener\">registrarse aqu\u00ed<\/a>)&nbsp;<br>&nbsp;<br>El evento WINiT es gratuito y est\u00e1 abierto a todos. \u00danase a esta celebraci\u00f3n de las voces y los logros de las mujeres como parte de este compromiso mundial y acci\u00f3n colectiva para promover la igualdad de las mujeres. &nbsp;<br>&nbsp;<br>GBTA WINiT tambi\u00e9n da la bienvenida a dos nuevos l\u00edderes industriales electos a su Consejo Asesor Estrat\u00e9gico: <strong>Patricia Huska<\/strong>, director de personal de American Express GBT y <strong>laura smith<\/strong>, vicepresidente ejecutivo de ventas globales y experiencia del cliente en Hertz Corporation.&nbsp;<br>&nbsp;<br>Tanto Patricia como Laura han sido parte del Consejo Asesor de WINiT y han sido l\u00edderes activas del comit\u00e9. Compartir\u00e1n el puesto que ocup\u00f3 recientemente Beth Kinerk, quien renuncia para centrarse en su nuevo rol de vicepresidenta del Consejo de Liderazgo Aliado de GBTA. &nbsp;<br>&nbsp;<br>Como GBTA <a href=\"https:\/\/gbtafoundation.org\/winit\/\" target=\"_blank\" rel=\"noreferrer noopener\">Ganarlo<\/a> se mueve hacia el <a href=\"https:\/\/gbtafoundation.org\/\" target=\"_blank\" rel=\"noreferrer noopener\">Fundaci\u00f3n GBTA<\/a> Como programa en su misi\u00f3n \u201cPersonas y Planeta\u201d, los l\u00edderes de WINiT est\u00e1n comprometidos a acelerar el avance de todas las mujeres y sentar las bases para un lugar de trabajo diverso, equitativo e inclusivo, continuando avanzando hacia la equidad de g\u00e9nero en la industria de viajes de negocios. .&nbsp; &nbsp;<br>&nbsp;<br>Beth Kinerk dijo: \u201cA mi familia WINiT, gracias por permitirme ser su vicepresidenta. Aunque dejar\u00e9 el cargo de vicepresidente de WINiT para centrarme en mi nuevo rol como vicepresidente del Consejo de Liderazgo Aliado (ALC), continuar\u00e9 con mi compromiso de formar parte del Consejo Asesor de WINiT. Mi defensa y pasi\u00f3n por nuestra causa colectiva de concientizaci\u00f3n e inclusi\u00f3n siguen siendo m\u00e1s fuertes que nunca.&nbsp;<br>&nbsp;<br>Quiero agradecer a Mick Lee y Dorothy Dowling por brindarme este privilegio de desempe\u00f1arme como vicepresidente. Tu inspiraci\u00f3n y amistad es algo que siempre atesoro. Tambi\u00e9n quiero agradecer a Laura Smith y Patty Huska por asumir la responsabilidad de liderar y hacer crecer WINiT. Estamos en manos tan buenas y capaces con ustedes dos\u201d.&nbsp;&nbsp;<\/p>\n\n\n\n<p>Michelle \u201cMick\u201d Lee dijo: \u201cEn agosto de 2022, inform\u00e9 a la junta directiva de WINiT que era importante que comenz\u00e1ramos el proceso de planificaci\u00f3n de la sucesi\u00f3n en todo el equipo de liderazgo de WINiT. &nbsp;<br>&nbsp;<br>Beth ha apoyado, defendido y asesorado a WINiT desde 2015. Estoy incre\u00edblemente agradecida por el impacto que ha tenido en la organizaci\u00f3n y en m\u00ed personalmente, y es maravilloso que podamos beneficiarnos de su presencia continua en el Junta.&nbsp;<\/p>\n\n\n\n<p>El reciente nombramiento de Beth al ALC brind\u00f3 la oportunidad para que dos de nuestros miembros senior y probados de la junta fueran nominados para puestos de covicepresidentes: Laura y Patti. Creo que ser\u00e1n socios excepcionales y Dorothy Dowling, nuestra asesora principal, y yo esperamos trabajar con ellos. Esta nueva estructura garantizar\u00e1 una transici\u00f3n fluida y, en \u00faltima instancia, la evoluci\u00f3n continua del liderazgo de WINiT\u201d.&nbsp;<\/p>","protected":false},"excerpt":{"rendered":"<p>El D\u00eda Internacional de la Mujer, el 8 de marzo, es un \u201cd\u00eda mundial que celebra los logros sociales, econ\u00f3micos, culturales y pol\u00edticos de las mujeres. El d\u00eda tambi\u00e9n marca un llamado a la acci\u00f3n para acelerar la igualdad de las mujeres\u201d. Marque su calendario para unirse a GBTA WINiT en un evento virtual en vivo: \u201cCelebrando nuestras voces en el D\u00eda Internacional de la Mujer. Un d\u00eda para #EmbraceEquity\u201d (reg\u00edstrese\u2026<\/p>","protected":false},"author":14,"featured_media":0,"comment_status":"closed","ping_status":"closed","sticky":false,"template":"","format":"standard","meta":{"_acf_changed":false,"_seopress_robots_primary_cat":"none","_seopress_titles_title":"","_seopress_titles_desc":"","_seopress_robots_index":"","om_disable_all_campaigns":false,"_relevanssi_hide_post":"","_relevanssi_hide_content":"","_relevanssi_pin_for_all":"","_relevanssi_pin_keywords":"","_relevanssi_unpin_keywords":"","_relevanssi_related_keywords":"","_relevanssi_related_include_ids":"","_relevanssi_related_exclude_ids":"","_relevanssi_related_no_append":"","_relevanssi_related_not_related":"","_relevanssi_related_posts":"1,415,662,664,666,667","_relevanssi_noindex_reason":"","_kad_blocks_custom_css":"","_kad_blocks_head_custom_js":"","_kad_blocks_body_custom_js":"","_kad_blocks_footer_custom_js":"","_kad_post_transparent":"","_kad_post_title":"","_kad_post_layout":"","_kad_post_sidebar_id":"","_kad_post_content_style":"","_kad_post_vertical_padding":"","_kad_post_feature":"","_kad_post_feature_position":"","_kad_post_header":false,"_kad_post_footer":false,"footnotes":"","_links_to":"","_links_to_target":""},"categories":[1401,1516,1152,1439],"tags":[],"class_list":["post-9195","post","type-post","status-publish","format-standard","hentry","category-diversity-equity-inclusion","category-foundation","category-meetings-and-events","category-winit"],"acf":[],"featured_image_src_large":false,"author_info":{"display_name":"","author_link":"https:\/\/gbta.org\/es\/author\/"},"comment_info":"","category_info":[{"term_id":1401,"name":"Diversity, Equity &amp; Inclusion","slug":"diversity-equity-inclusion","term_group":0,"term_taxonomy_id":1401,"taxonomy":"category","description":"","parent":0,"count":40,"filter":"raw","cat_ID":1401,"category_count":40,"category_description":"","cat_name":"Diversity, Equity &amp; Inclusion","category_nicename":"diversity-equity-inclusion","category_parent":0},{"term_id":1516,"name":"Foundation","slug":"foundation","term_group":0,"term_taxonomy_id":1516,"taxonomy":"category","description":"","parent":0,"count":52,"filter":"raw","cat_ID":1516,"category_count":52,"category_description":"","cat_name":"Foundation","category_nicename":"foundation","category_parent":0},{"term_id":1152,"name":"Meetings and Events","slug":"meetings-and-events","term_group":0,"term_taxonomy_id":1152,"taxonomy":"category","description":"","parent":0,"count":56,"filter":"raw","cat_ID":1152,"category_count":56,"category_description":"","cat_name":"Meetings and Events","category_nicename":"meetings-and-events","category_parent":0},{"term_id":1439,"name":"WINiT","slug":"winit","term_group":0,"term_taxonomy_id":1439,"taxonomy":"category","description":"","parent":0,"count":26,"filter":"raw","cat_ID":1439,"category_count":26,"category_description":"","cat_name":"WINiT","category_nicename":"winit","category_parent":0}],"tag_info":false,"taxonomy_info":{"category":[{"value":1401,"label":"Diversity, Equity &amp; Inclusion"},{"value":1516,"label":"Foundation"},{"value":1152,"label":"Meetings and Events"},{"value":1439,"label":"WINiT"}]},"featured_image_src":null,"featured_image_src_square":null,"mfb_rest_fields":["featured_image_src_large","author_info","comment_info","category_info","tag_info","taxonomy_info","featured_image_src","featured_image_src_square"],"_links":{"self":[{"href":"https:\/\/gbta.org\/es\/wp-json\/wp\/v2\/posts\/9195","targetHints":{"allow":["GET"]}}],"collection":[{"href":"https:\/\/gbta.org\/es\/wp-json\/wp\/v2\/posts"}],"about":[{"href":"https:\/\/gbta.org\/es\/wp-json\/wp\/v2\/types\/post"}],"author":[{"embeddable":true,"href":"https:\/\/gbta.org\/es\/wp-json\/wp\/v2\/users\/14"}],"replies":[{"embeddable":true,"href":"https:\/\/gbta.org\/es\/wp-json\/wp\/v2\/comments?post=9195"}],"version-history":[{"count":0,"href":"https:\/\/gbta.org\/es\/wp-json\/wp\/v2\/posts\/9195\/revisions"}],"wp:attachment":[{"href":"https:\/\/gbta.org\/es\/wp-json\/wp\/v2\/media?parent=9195"}],"wp:term":[{"taxonomy":"category","embeddable":true,"href":"https:\/\/gbta.org\/es\/wp-json\/wp\/v2\/categories?post=9195"},{"taxonomy":"post_tag","embeddable":true,"href":"https:\/\/gbta.org\/es\/wp-json\/wp\/v2\/tags?post=9195"}],"curies":[{"name":"wp","href":"https:\/\/api.w.org\/{rel}","templated":true}]}}