{"id":9246,"date":"2023-02-21T01:29:42","date_gmt":"2023-02-21T06:29:42","guid":{"rendered":"https:\/\/gbta.org\/?p=9246"},"modified":"2023-03-22T10:50:58","modified_gmt":"2023-03-22T14:50:58","slug":"advocacys-critical-role-in-driving-the-advancement-of-business-travel","status":"publish","type":"post","link":"https:\/\/gbta.org\/es\/advocacys-critical-role-in-driving-the-advancement-of-business-travel\/","title":{"rendered":"El papel fundamental de la promoci\u00f3n para impulsar el avance de los viajes de negocios"},"content":{"rendered":"<p>Cuando se trata de la promoci\u00f3n de la GBTA para los viajes de negocios globales, es una misi\u00f3n que dura todo el a\u00f1o. En 2022, las iniciativas de la GBTA abarcaron desde abogar por el levantamiento de las restricciones fronterizas y los protocolos de prueba a medida que la pandemia se estabilizaba, hasta ampliar la producci\u00f3n de combustible de aviaci\u00f3n sostenible (SAF) y promover disposiciones cr\u00edticas de presupuesto y recursos en proyectos de ley. Nuestros esfuerzos se orientaron a mejorar los viajes de negocios pero tambi\u00e9n a mejorar la experiencia de viaje para todos.\u00a0<\/p>\n\n\n\n<p>En 2023, seguiremos priorizando la acci\u00f3n clim\u00e1tica, una infraestructura s\u00f3lida y el movimiento seguro y eficiente de los viajeros. Seg\u00fan nuestra estrategia global, GBTA aboga a nivel regional por los problemas priorizados por la comunidad de viajes de negocios local. Para ayudar en nuestros esfuerzos, trabajamos con socios de asuntos gubernamentales, Grayling Public Affairs con sede en Bruselas, Invictus en Ottawa y Cornerstone en Washington, DC. GBTA tambi\u00e9n monitorea activamente problemas en todo el mundo, incluidos Asia, el Reino Unido y Am\u00e9rica Latina, pero Necesito que seas nuestros ojos y o\u00eddos. \u00a0<\/p>\n\n\n<div class=\"wp-block-image\">\n<figure class=\"aligncenter size-large is-resized\"><img loading=\"lazy\" decoding=\"async\" src=\"https:\/\/gbta.org\/wp-content\/uploads\/Advocacy-Focus-Areas-chart-1-1024x603.jpg\" alt=\"advocacy focus areas chart 1\" class=\"wp-image-9250\" width=\"768\" height=\"452\" srcset=\"https:\/\/gbta.org\/wp-content\/uploads\/Advocacy-Focus-Areas-chart-1-1024x603.jpg 1024w, https:\/\/gbta.org\/wp-content\/uploads\/Advocacy-Focus-Areas-chart-1-300x177.jpg 300w, https:\/\/gbta.org\/wp-content\/uploads\/Advocacy-Focus-Areas-chart-1-768x452.jpg 768w, https:\/\/gbta.org\/wp-content\/uploads\/Advocacy-Focus-Areas-chart-1-18x12.jpg 18w, https:\/\/gbta.org\/wp-content\/uploads\/Advocacy-Focus-Areas-chart-1.jpg 1119w\" sizes=\"auto, (max-width: 768px) 100vw, 768px\" \/><\/figure><\/div>\n\n\n<p>Para que GBTA sea la verdadera voz de los viajes de negocios, necesitamos su apoyo. Promover la importancia de las reuniones cara a cara es tambi\u00e9n un pilar importante de nuestra estrategia de promoci\u00f3n. Como expertos en la materia de viajes de negocios, los responsables pol\u00edticos necesitan escuchar directamente a usted. Comun\u00edquese con Shane Downey de GBTA (<a rel=\"noreferrer noopener\" href=\"mailto:sdowney@gbta.org\" target=\"_blank\">sdowney@gbta.org<\/a>) si desea compartir sus ideas o conocer problemas en los que GBTA puede ayudar. \u00a0<\/p>\n\n\n\n<p>En marzo, la GBTA se reunir\u00e1 en Bruselas con responsables pol\u00edticos y miembros para compartir nuestras opiniones sobre un marco para contar las emisiones de gases de efecto invernadero junto con la capacidad ferroviaria, los viajes a\u00e9reos y las mejoras para las reservas multimodales. En mayo en nuestro <a rel=\"noreferrer noopener\" href=\"https:\/\/gbta.org\/es\/event\/gbta-canada-conference-2023-toronto\/\" target=\"_blank\">conferencia de toronto<\/a>, GBTA Canad\u00e1 continuar\u00e1 con su iniciativa de 2022 de organizar reuniones de partes interesadas clave con personal canadiense y funcionarios electos sobre los temas clave de GBTA. \u00a0<\/p>\n\n\n\n<p>Del 13 al 15 de junio en Washington DC, la reuni\u00f3n anual de GBTA <a rel=\"noreferrer noopener\" href=\"https:\/\/gbta.org\/es\/event\/gbta-legislative-summit-2023\/\" target=\"_blank\">Cumbre Legislativa<\/a> tiene lugar. Los voluntarios altamente comprometidos de los EE. UU. <a rel=\"noreferrer noopener\" href=\"https:\/\/gbta.org\/es\/professional-development\/content-collaborate\/gbta-committees\/government-relations-committee\/\" target=\"_blank\">Comit\u00e9 de Asuntos Gubernamentales<\/a> ayudar a establecer la agenda estadounidense de GBTA asesorando sobre los desaf\u00edos enfrentados. Y espere m\u00e1s detalles sobre el Desaf\u00edo del Cap\u00edtulo de EE. UU., que eleva el perfil de los viajes de negocios y la promoci\u00f3n de base de cuestiones a nivel de distrito del Congreso.\u00a0<\/p>\n\n\n\n<p>El 13 de junio GBTA tambi\u00e9n celebrar\u00e1 su segundo GBTA <a rel=\"noreferrer noopener\" href=\"https:\/\/gbta.org\/es\/event\/gbta-sustainability-in-business-travel-summit\/\" target=\"_blank\">Cumbre de Sostenibilidad<\/a> en Washington, DC Celebrado en Bruselas el a\u00f1o pasado, este evento de alto nivel de un d\u00eda re\u00fane a expertos, l\u00edderes industriales y pol\u00edticos para delinear acciones tangibles para gestionar el impacto ambiental de los viajes de negocios. Este a\u00f1o, las cumbres Legislativa y de Sostenibilidad se llevar\u00e1n a cabo en la misma ciudad, por dise\u00f1o, para que los viajes sean altamente productivos y multiprop\u00f3sito. El registro es ahora <a rel=\"noreferrer noopener\" href=\"https:\/\/gbta.org\/es\/gbta-sustainability-summit-building-a-greener-future-for-business-travel-june-2023\/\" target=\"_blank\">abierto<\/a> para ambos as\u00ed que no te lo pierdas.\u00a0<br>\u00a0<br>susana\u00a0<\/p>","protected":false},"excerpt":{"rendered":"<p>Cuando se trata de la promoci\u00f3n de la GBTA para los viajes de negocios globales, es una misi\u00f3n que dura todo el a\u00f1o. En 2022, las iniciativas de la GBTA abarcaron desde abogar por el levantamiento de las restricciones fronterizas y los protocolos de prueba a medida que la pandemia se estabilizaba, hasta ampliar la producci\u00f3n de combustible de aviaci\u00f3n sostenible (SAF) y promover disposiciones cr\u00edticas de presupuesto y recursos en proyectos de ley. Nuestros esfuerzos estuvieron orientados a...<\/p>","protected":false},"author":14,"featured_media":0,"comment_status":"closed","ping_status":"closed","sticky":false,"template":"","format":"standard","meta":{"_acf_changed":false,"_seopress_robots_primary_cat":"none","_seopress_titles_title":"","_seopress_titles_desc":"","_seopress_robots_index":"","om_disable_all_campaigns":false,"_relevanssi_hide_post":"","_relevanssi_hide_content":"","_relevanssi_pin_for_all":"","_relevanssi_pin_keywords":"","_relevanssi_unpin_keywords":"","_relevanssi_related_keywords":"","_relevanssi_related_include_ids":"","_relevanssi_related_exclude_ids":"","_relevanssi_related_no_append":"","_relevanssi_related_not_related":"","_relevanssi_related_posts":"1,415,662,664,666,667","_relevanssi_noindex_reason":"","_kad_blocks_custom_css":"","_kad_blocks_head_custom_js":"","_kad_blocks_body_custom_js":"","_kad_blocks_footer_custom_js":"","_kad_post_transparent":"","_kad_post_title":"","_kad_post_layout":"","_kad_post_sidebar_id":"","_kad_post_content_style":"","_kad_post_vertical_padding":"","_kad_post_feature":"","_kad_post_feature_position":"","_kad_post_header":false,"_kad_post_footer":false,"footnotes":"","_links_to":"","_links_to_target":""},"categories":[1490],"tags":[],"class_list":["post-9246","post","type-post","status-publish","format-standard","hentry","category-check-in-with-suzanne"],"acf":[],"featured_image_src_large":false,"author_info":{"display_name":"","author_link":"https:\/\/gbta.org\/es\/author\/"},"comment_info":"","category_info":[{"term_id":1490,"name":"Check-in with Suzanne","slug":"check-in-with-suzanne","term_group":0,"term_taxonomy_id":1490,"taxonomy":"category","description":"","parent":0,"count":5,"filter":"raw","cat_ID":1490,"category_count":5,"category_description":"","cat_name":"Check-in with Suzanne","category_nicename":"check-in-with-suzanne","category_parent":0}],"tag_info":false,"taxonomy_info":{"category":[{"value":1490,"label":"Check-in with Suzanne"}]},"featured_image_src":null,"featured_image_src_square":null,"mfb_rest_fields":["featured_image_src_large","author_info","comment_info","category_info","tag_info","taxonomy_info","featured_image_src","featured_image_src_square"],"_links":{"self":[{"href":"https:\/\/gbta.org\/es\/wp-json\/wp\/v2\/posts\/9246","targetHints":{"allow":["GET"]}}],"collection":[{"href":"https:\/\/gbta.org\/es\/wp-json\/wp\/v2\/posts"}],"about":[{"href":"https:\/\/gbta.org\/es\/wp-json\/wp\/v2\/types\/post"}],"author":[{"embeddable":true,"href":"https:\/\/gbta.org\/es\/wp-json\/wp\/v2\/users\/14"}],"replies":[{"embeddable":true,"href":"https:\/\/gbta.org\/es\/wp-json\/wp\/v2\/comments?post=9246"}],"version-history":[{"count":0,"href":"https:\/\/gbta.org\/es\/wp-json\/wp\/v2\/posts\/9246\/revisions"}],"wp:attachment":[{"href":"https:\/\/gbta.org\/es\/wp-json\/wp\/v2\/media?parent=9246"}],"wp:term":[{"taxonomy":"category","embeddable":true,"href":"https:\/\/gbta.org\/es\/wp-json\/wp\/v2\/categories?post=9246"},{"taxonomy":"post_tag","embeddable":true,"href":"https:\/\/gbta.org\/es\/wp-json\/wp\/v2\/tags?post=9246"}],"curies":[{"name":"wp","href":"https:\/\/api.w.org\/{rel}","templated":true}]}}