{"id":9446,"date":"2023-03-08T03:40:05","date_gmt":"2023-03-08T08:40:05","guid":{"rendered":"https:\/\/gbta.org\/?p=9446"},"modified":"2023-03-08T03:40:11","modified_gmt":"2023-03-08T08:40:11","slug":"on-the-road-to-connect-learn-and-be-inspired","status":"publish","type":"post","link":"https:\/\/gbta.org\/es\/on-the-road-to-connect-learn-and-be-inspired\/","title":{"rendered":"En el camino para conectarse, aprender e inspirarse"},"content":{"rendered":"<div class=\"wp-block-image\">\n<figure class=\"alignleft size-full\"><img loading=\"lazy\" decoding=\"async\" width=\"480\" height=\"368\" src=\"https:\/\/gbta.org\/wp-content\/uploads\/suzzane-check-in.jpg\" alt=\"suzzane check in\" class=\"wp-image-9449\" srcset=\"https:\/\/gbta.org\/wp-content\/uploads\/suzzane-check-in.jpg 480w, https:\/\/gbta.org\/wp-content\/uploads\/suzzane-check-in-300x230.jpg 300w, https:\/\/gbta.org\/wp-content\/uploads\/suzzane-check-in-16x12.jpg 16w\" sizes=\"auto, (max-width: 480px) 100vw, 480px\" \/><\/figure><\/div>\n\n\n<p>Viajar por negocios tiene que ver con conectarse, y este es un mes marat\u00f3nico para m\u00ed en nombre de GBTA y nuestros electores. Comenc\u00e9 la semana pasada en Marbella, Espa\u00f1a, con una presentaci\u00f3n principal en el Centro General de la Ciudad de Lufthansa. <a rel=\"noreferrer noopener\" href=\"https:\/\/lufthansa-city-center.com\/en\/press-release\/lufthansa-city-centers-annual-meeting-invites-450-participants-to-marbella\/\" target=\"_blank\">Asamblea<\/a>, marcando la primera conferencia anual internacional presencial de LCC en 40 meses. Fue estimulante estar all\u00ed y compartir los conocimientos de GBTA sobre el crecimiento sostenible de la industria y las necesidades cambiantes de los viajeros de negocios.\u00a0<br>\u00a0<br>Esta semana, espero conectarme con m\u00e1s de ustedes en Berl\u00edn para la <a rel=\"noreferrer noopener\" href=\"https:\/\/www.itb.com\/en\/press\/press-releases\/news_5440.html\" target=\"_blank\">Convenci\u00f3n ITB<\/a>. En mi 9 de marzo<sup>el<\/sup> presentaci\u00f3n \u2013 \u201cLos viajes de negocios est\u00e1n de vuelta. Entonces, d\u00f3nde vamos desde aqu\u00ed&quot;? \u2013 Compartir\u00e9 la perspectiva basada en datos y tendencias de GBTA para los viajes de negocios globales. Mientras estemos en Berl\u00edn, tambi\u00e9n nos reuniremos con importantes patrocinadores de la industria y socios del programa de sostenibilidad.\u00a0<\/p>\n\n\n\n<p>Luego nos dirigiremos a Singapur para las reuniones de planificaci\u00f3n del mercado de APAC y para prepararnos para nuestra conferencia de oto\u00f1o. Desde all\u00ed, en Estocolmo moderar\u00e9 una sesi\u00f3n en la Conferencia de Primavera N\u00f3rdica (21 y 22 de marzo), y luego a Viena para participar como orador principal en una reuni\u00f3n de la Asociaci\u00f3n Austriaca de Viajes de Negocios (23 de marzo). Antes de regresar a Nueva York, me reunir\u00e9 con las asociaciones asociadas de GBTA en Europa. Estas reuniones son oportunidades valiosas para conectarse y escuchar a\u00fan m\u00e1s voces y puntos de vista de la GBTA.&nbsp;<br>&nbsp;<br>He empaquetado todo lo que he podido este mes, incluido pasar fines de semana en Alemania con mi familia entre viajes para que sea lo m\u00e1s sostenible posible. \u00a1Mi maleta no hab\u00eda sufrido tanto estr\u00e9s desde 2019!&nbsp;<br>&nbsp;<br>El equipo de GBTA tambi\u00e9n est\u00e1 ocupado creando oportunidades para conexiones impactantes este mes. Las voces din\u00e1micas de las mujeres de toda nuestra industria son el foco de un GBTA WINiT impulsado <a href=\"https:\/\/gbta.org\/es\/event\/celebrating-our-voices-on-international-womens-day-a-day-to-embraceequity\/\" target=\"_blank\" rel=\"noreferrer noopener\">seminario web gratuito<\/a> el 8 de marzo<sup>el<\/sup> en el marco del D\u00eda Internacional de la Mujer. \u00danase a la conversaci\u00f3n mientras #EmbraceEquity, celebramos los logros de las mujeres y exploramos formas de unirnos para impulsar el cambio. Y la Conferencia de GBTA en M\u00e9xico<strong> <\/strong>se llevar\u00e1 a cabo la pr\u00f3xima semana en la Ciudad de M\u00e9xico. Todav\u00eda hay tiempo para registrarse <a href=\"https:\/\/gbta.org\/es\/event\/conferencia-gbta-2023-ciudad-de-mexico\/\" target=\"_blank\" rel=\"noreferrer noopener\">aqu\u00ed<\/a>.&nbsp;<br>&nbsp;<br>Espero verte en el camino,&nbsp;<br>susana&nbsp;<\/p>","protected":false},"excerpt":{"rendered":"<p>Viajar por negocios tiene que ver con conectarse, y este es un mes marat\u00f3nico para m\u00ed en nombre de GBTA y nuestros electores. Comenc\u00e9 la semana pasada en Marbella, Espa\u00f1a, con una presentaci\u00f3n principal en la Asamblea General del Centro de la Ciudad de Lufthansa, que marc\u00f3 la primera conferencia anual internacional presencial de LCC en 40 meses. Fue energizante...<\/p>","protected":false},"author":14,"featured_media":0,"comment_status":"closed","ping_status":"closed","sticky":false,"template":"","format":"standard","meta":{"_acf_changed":false,"_seopress_robots_primary_cat":"none","_seopress_titles_title":"","_seopress_titles_desc":"","_seopress_robots_index":"","om_disable_all_campaigns":false,"_relevanssi_hide_post":"","_relevanssi_hide_content":"","_relevanssi_pin_for_all":"","_relevanssi_pin_keywords":"","_relevanssi_unpin_keywords":"","_relevanssi_related_keywords":"","_relevanssi_related_include_ids":"","_relevanssi_related_exclude_ids":"","_relevanssi_related_no_append":"","_relevanssi_related_not_related":"","_relevanssi_related_posts":"1,415,662,664,666,667","_relevanssi_noindex_reason":"","_kad_blocks_custom_css":"","_kad_blocks_head_custom_js":"","_kad_blocks_body_custom_js":"","_kad_blocks_footer_custom_js":"","_kad_post_transparent":"","_kad_post_title":"","_kad_post_layout":"","_kad_post_sidebar_id":"","_kad_post_content_style":"","_kad_post_vertical_padding":"","_kad_post_feature":"","_kad_post_feature_position":"","_kad_post_header":false,"_kad_post_footer":false,"footnotes":"","_links_to":"","_links_to_target":""},"categories":[1490],"tags":[],"class_list":["post-9446","post","type-post","status-publish","format-standard","hentry","category-check-in-with-suzanne"],"acf":[],"featured_image_src_large":false,"author_info":{"display_name":"","author_link":"https:\/\/gbta.org\/es\/author\/"},"comment_info":"","category_info":[{"term_id":1490,"name":"Check-in with Suzanne","slug":"check-in-with-suzanne","term_group":0,"term_taxonomy_id":1490,"taxonomy":"category","description":"","parent":0,"count":5,"filter":"raw","cat_ID":1490,"category_count":5,"category_description":"","cat_name":"Check-in with Suzanne","category_nicename":"check-in-with-suzanne","category_parent":0}],"tag_info":false,"taxonomy_info":{"category":[{"value":1490,"label":"Check-in with Suzanne"}]},"featured_image_src":null,"featured_image_src_square":null,"mfb_rest_fields":["featured_image_src_large","author_info","comment_info","category_info","tag_info","taxonomy_info","featured_image_src","featured_image_src_square"],"_links":{"self":[{"href":"https:\/\/gbta.org\/es\/wp-json\/wp\/v2\/posts\/9446","targetHints":{"allow":["GET"]}}],"collection":[{"href":"https:\/\/gbta.org\/es\/wp-json\/wp\/v2\/posts"}],"about":[{"href":"https:\/\/gbta.org\/es\/wp-json\/wp\/v2\/types\/post"}],"author":[{"embeddable":true,"href":"https:\/\/gbta.org\/es\/wp-json\/wp\/v2\/users\/14"}],"replies":[{"embeddable":true,"href":"https:\/\/gbta.org\/es\/wp-json\/wp\/v2\/comments?post=9446"}],"version-history":[{"count":0,"href":"https:\/\/gbta.org\/es\/wp-json\/wp\/v2\/posts\/9446\/revisions"}],"wp:attachment":[{"href":"https:\/\/gbta.org\/es\/wp-json\/wp\/v2\/media?parent=9446"}],"wp:term":[{"taxonomy":"category","embeddable":true,"href":"https:\/\/gbta.org\/es\/wp-json\/wp\/v2\/categories?post=9446"},{"taxonomy":"post_tag","embeddable":true,"href":"https:\/\/gbta.org\/es\/wp-json\/wp\/v2\/tags?post=9446"}],"curies":[{"name":"wp","href":"https:\/\/api.w.org\/{rel}","templated":true}]}}