{"id":10305,"date":"2023-05-02T07:00:00","date_gmt":"2023-05-02T11:00:00","guid":{"rendered":"https:\/\/gbta.org\/?p=10305"},"modified":"2023-04-27T12:25:31","modified_gmt":"2023-04-27T16:25:31","slug":"check-in-with-suzanne-using-insights-to-power-our-path-in-business-travel","status":"publish","type":"post","link":"https:\/\/gbta.org\/fr\/check-in-with-suzanne-using-insights-to-power-our-path-in-business-travel\/","title":{"rendered":"Enregistrement avec Suzanne\u00a0: utiliser les informations pour orienter notre parcours en mati\u00e8re de voyages d&#039;affaires"},"content":{"rendered":"<p>Avril a marqu\u00e9 le Mois de la Terre et, pour la Fondation GBTA et pour beaucoup d&#039;entre vous, c&#039;\u00e9tait le bon moment pour faire le point sur la meilleure fa\u00e7on de se concentrer sur la cr\u00e9ation d&#039;un avenir plus vert pour notre industrie et pour nous-m\u00eames. Pour maintenir cet objectif, la Fondation a publi\u00e9 la semaine derni\u00e8re un rapport unique en son genre,<strong> \u00ab\u00a0G\u00e9rer les \u00e9missions des programmes de voyages d&#039;affaires\u00a0: aper\u00e7u des meilleures pratiques d&#039;entreprise<\/strong>.\u00bb Ce rapport, qui demande aux entreprises motiv\u00e9es par un objectif pr\u00e9cis d&#039;\u00e9valuer leurs approches en mati\u00e8re de d\u00e9carbonisation de leurs programmes de voyage, propose un parcours d&#039;\u00e9l\u00e9ments de base et une bo\u00eete \u00e0 outils de domaines d&#039;action, pour r\u00e9duire efficacement les \u00e9missions de carbone. T\u00e9l\u00e9chargez le <a rel=\"noreferrer noopener\" href=\"https:\/\/gbtafoundation.org\/emissions-benchmarking\/\" target=\"_blank\">rapport ici<\/a> pour aider votre organisation \u00e0 r\u00e9duire les \u00e9missions de port\u00e9e 3.6 dans votre programme de voyages.\u00a0<br>\u00a0<br>La semaine derni\u00e8re \u00e9galement, le conseil d&#039;administration de la GBTA a partag\u00e9 une multitude de mises \u00e0 jour et d&#039;informations sur l&#039;association dans un cadre virtuel. <strong>Mairie<\/strong><strong>.<\/strong> Parmi les mises \u00e0 jour, ils ont annonc\u00e9 l&#039;ouverture des candidatures le 24 avril pour les prochaines \u00e9lections du conseil d&#039;administration de 2023. Il y a cinq si\u00e8ges \u00e9lus \u00e0 pourvoir, dont deux postes de dirigeants. \u200bLes candidatures se terminent le 8 mai \u2013 les membres votant entre le 19 juillet et le 11 ao\u00fbt\u200b. Visite <a rel=\"noreferrer noopener\" href=\"https:\/\/gbta.org\/fr\/elections-2023\/\" target=\"_blank\">ici<\/a> pour en savoir plus sur les qualifications ou pour proposer votre candidature ou celle de quelqu&#039;un d&#039;autre. Il n&#039;y a pas de meilleure fa\u00e7on de faire entendre votre voix et de repr\u00e9senter celle des autres \u00e0 travers la GBTA et l&#039;industrie.<s>e<\/s>n pour servir \u00e0 ce titre de leadership.\u00a0<br>\u00a0<br>Et il y a plus ! Dans notre dernier GBTA Business Travel <strong>Sondage Outlook<\/strong>, publi\u00e9 la semaine derni\u00e8re, nous explorons le sentiment actuel de l&#039;industrie sur des sujets cl\u00e9s de notre industrie. Le 31<sup>St<\/sup> dans notre s\u00e9rie aupr\u00e8s de plus de 800 r\u00e9pondants, le sondage d&#039;avril refl\u00e8te les perspectives du secteur sur les strat\u00e9gies de vente au d\u00e9tail des compagnies a\u00e9riennes et les nouvelles capacit\u00e9s de distribution, la reconstruction de notre main-d&#039;\u0153uvre et l&#039;attraction de nouveaux talents, ainsi que la fa\u00e7on dont l&#039;exp\u00e9rience des voyageurs se comporte dans un contexte de perturbation. C&#039;est \u00e9galement un excellent indicateur de la sant\u00e9 de notre industrie que rapportent les acheteurs.<s>ing<\/s> leurs r\u00e9servations et d\u00e9penses de voyages nationaux et internationaux continuent d\u2019augmenter d\u2019un trimestre \u00e0 l\u2019autre. Vous pourrez retrouver tous les r\u00e9sultats du sondage <a rel=\"noreferrer noopener\" href=\"https:\/\/gbta.org\/fr\/gbta-industry-poll-reveals-key-drivers-poised-to-shape-the-path-ahead-for-global-business-travel\/\" target=\"_blank\">ici.<\/a>\u00a0<\/p>\n\n\n\n<p>Tr\u00e8s bient\u00f4t \u00e0 Toronto, nous r\u00e9unirons \u00e0 nouveau nos voix collectives pour le congr\u00e8s annuel <strong>Conf\u00e9rence GBTA Canada<\/strong>, du 15 au 17 mai. Dans son 19<sup>e<\/sup> Cette ann\u00e9e, il s&#039;agit du premier \u00e9v\u00e9nement de voyage d&#039;affaires de la r\u00e9gion, proposant des conf\u00e9renciers experts, des sessions r\u00e9serv\u00e9es aux acheteurs et aux fournisseurs et des opportunit\u00e9s d&#039;apprentissage in\u00e9gal\u00e9es. Registre <a rel=\"noreferrer noopener\" href=\"https:\/\/canadaconference.gbta.org\/\" target=\"_blank\">ici<\/a> participer.\u00a0<\/p>\n\n\n\n<p>Faites-nous savoir ce que vous pensez de nos rapports, de notre assembl\u00e9e publique et des r\u00e9sultats de nos sondages. Et \u00e0 bient\u00f4t !&nbsp;<\/p>\n\n\n\n<p>Suzanne&nbsp;<\/p>","protected":false},"excerpt":{"rendered":"<p>Avril a marqu\u00e9 le Mois de la Terre et, pour la Fondation GBTA et pour beaucoup d&#039;entre vous, c&#039;\u00e9tait le bon moment pour faire le point sur la meilleure fa\u00e7on de se concentrer sur la cr\u00e9ation d&#039;un avenir plus vert pour notre industrie et pour nous-m\u00eames. Pour maintenir cet objectif, la Fondation a publi\u00e9 la semaine derni\u00e8re un rapport unique en son genre, \u00ab Gestion des \u00e9missions des programmes de voyages d&#039;affaires :\u2026<\/p>","protected":false},"author":14,"featured_media":0,"comment_status":"closed","ping_status":"closed","sticky":false,"template":"","format":"standard","meta":{"_acf_changed":false,"_seopress_robots_primary_cat":"none","_seopress_titles_title":"","_seopress_titles_desc":"","_seopress_robots_index":"","om_disable_all_campaigns":false,"_relevanssi_hide_post":"","_relevanssi_hide_content":"","_relevanssi_pin_for_all":"","_relevanssi_pin_keywords":"","_relevanssi_unpin_keywords":"","_relevanssi_related_keywords":"","_relevanssi_related_include_ids":"","_relevanssi_related_exclude_ids":"","_relevanssi_related_no_append":"","_relevanssi_related_not_related":"","_relevanssi_related_posts":"1,415,662,664,666,667","_relevanssi_noindex_reason":"","_kad_blocks_custom_css":"","_kad_blocks_head_custom_js":"","_kad_blocks_body_custom_js":"","_kad_blocks_footer_custom_js":"","_kad_post_transparent":"","_kad_post_title":"","_kad_post_layout":"","_kad_post_sidebar_id":"","_kad_post_content_style":"","_kad_post_vertical_padding":"","_kad_post_feature":"","_kad_post_feature_position":"","_kad_post_header":false,"_kad_post_footer":false,"footnotes":"","_links_to":"","_links_to_target":""},"categories":[1490],"tags":[],"class_list":["post-10305","post","type-post","status-publish","format-standard","hentry","category-check-in-with-suzanne"],"acf":[],"featured_image_src_large":false,"author_info":{"display_name":"","author_link":"https:\/\/gbta.org\/fr\/author\/"},"comment_info":"","category_info":[{"term_id":1490,"name":"Check-in with Suzanne","slug":"check-in-with-suzanne","term_group":0,"term_taxonomy_id":1490,"taxonomy":"category","description":"","parent":0,"count":5,"filter":"raw","cat_ID":1490,"category_count":5,"category_description":"","cat_name":"Check-in with Suzanne","category_nicename":"check-in-with-suzanne","category_parent":0}],"tag_info":false,"taxonomy_info":{"category":[{"value":1490,"label":"Check-in with Suzanne"}]},"featured_image_src":null,"featured_image_src_square":null,"mfb_rest_fields":["featured_image_src_large","author_info","comment_info","category_info","tag_info","taxonomy_info","featured_image_src","featured_image_src_square"],"_links":{"self":[{"href":"https:\/\/gbta.org\/fr\/wp-json\/wp\/v2\/posts\/10305","targetHints":{"allow":["GET"]}}],"collection":[{"href":"https:\/\/gbta.org\/fr\/wp-json\/wp\/v2\/posts"}],"about":[{"href":"https:\/\/gbta.org\/fr\/wp-json\/wp\/v2\/types\/post"}],"author":[{"embeddable":true,"href":"https:\/\/gbta.org\/fr\/wp-json\/wp\/v2\/users\/14"}],"replies":[{"embeddable":true,"href":"https:\/\/gbta.org\/fr\/wp-json\/wp\/v2\/comments?post=10305"}],"version-history":[{"count":0,"href":"https:\/\/gbta.org\/fr\/wp-json\/wp\/v2\/posts\/10305\/revisions"}],"wp:attachment":[{"href":"https:\/\/gbta.org\/fr\/wp-json\/wp\/v2\/media?parent=10305"}],"wp:term":[{"taxonomy":"category","embeddable":true,"href":"https:\/\/gbta.org\/fr\/wp-json\/wp\/v2\/categories?post=10305"},{"taxonomy":"post_tag","embeddable":true,"href":"https:\/\/gbta.org\/fr\/wp-json\/wp\/v2\/tags?post=10305"}],"curies":[{"name":"wp","href":"https:\/\/api.w.org\/{rel}","templated":true}]}}