{"id":1071,"date":"2022-07-20T09:40:40","date_gmt":"2022-07-20T13:40:40","guid":{"rendered":"https:\/\/gbta.org\/statement-information-on-brussels-attacks\/"},"modified":"2022-08-11T11:33:22","modified_gmt":"2022-08-11T15:33:22","slug":"statement-information-on-brussels-attacks","status":"publish","type":"post","link":"https:\/\/gbta.org\/fr\/statement-information-on-brussels-attacks\/","title":{"rendered":"D\u00e9claration et informations sur les attentats de Bruxelles"},"content":{"rendered":"<p>*Mis \u00e0 jour le 28 mars \u00e0 10 h 20 HE*<\/p>\n<p>Aujourd&#039;hui, la GBTA a publi\u00e9 la citation suivante de la pr\u00e9sidente de la GBTA, Christle Johnson\u00a0:<\/p>\n<p>\u00ab La GBTA est profond\u00e9ment attrist\u00e9e par la nouvelle des attentats terroristes de ce matin \u00e0 Bruxelles \u00bb, a d\u00e9clar\u00e9 Christle Johnson, pr\u00e9sidente de la GBTA. \u00ab Des dizaines de personnes innocentes ont \u00e9t\u00e9 tu\u00e9es dans une attaque qui \u00e9tait plus qu&#039;une simple attaque contre un a\u00e9roport et un m\u00e9tro, mais une attaque contre nous tous et notre mode de vie. Au nom de GBTA, je tiens \u00e0 exprimer mes plus sinc\u00e8res condol\u00e9ances \u00e0 la population bruxelloise et \u00e0 ceux directement touch\u00e9s par ces attentats. Aujourd\u2019hui, nous sommes aux c\u00f4t\u00e9s des Bruxellois.\u00bb<\/p>\n<p>Vous trouverez ci-dessous les derni\u00e8res informations et ressources sur les attaques\u00a0:<\/p>\n<p><strong>Les nouvelles g\u00e9n\u00e9rales:<\/strong><\/p>\n<p>Comment surveiller la famille et les amis\u00a0: <a href=\"https:\/\/www.facebook.com\/safetycheck\/brusselsexplosions-march2016\/?search_type=safe\" target=\"_blank\" rel=\"noopener\">Facebook propose un service \u00ab\u00a0Je suis en s\u00e9curit\u00e9\u00a0\u00bb<\/a>. La ligne d&#039;urgence mise en place en Belgique est : +32 02753 7300<\/p>\n<p><a href=\"http:\/\/www.usatoday.com\/story\/news\/world\/2016\/03\/28\/brussels-terror-arrests\/82333656\/\" target=\"_blank\" rel=\"noopener\">3 autres personnes sont accus\u00e9es de terrorisme \u00e0 Bruxelles ; le nombre de morts s&#039;alourdit<\/a> - USA aujourd&#039;hui<\/p>\n<p><a href=\"http:\/\/www.bloomberg.com\/news\/articles\/2016-03-27\/brussels-airline-decamps-after-terrorist-bomb-wrecks-main-hub\" target=\"_blank\" rel=\"noopener\">La compagnie a\u00e9rienne de Bruxelles d\u00e9campe apr\u00e8s qu&#039;une bombe terroriste ait d\u00e9truit son hub principal<\/a> -Bloomberg<\/p>\n<p><a href=\"http:\/\/www.nytimes.com\/2016\/03\/28\/world\/europe\/brussels-attack-paris-italy-arrest.html\" target=\"_blank\" rel=\"noopener\">Des tensions \u00e9clatent \u00e0 Bruxelles et la police de 4 pays proc\u00e8de \u00e0 des arrestations<\/a> - Le New York Times<\/p>\n<p><a href=\"http:\/\/www.nbcnews.com\/storyline\/brussels-attacks\/brussels-attacks-naim-al-hamed-reportedly-5th-suspect-n545286\" target=\"_blank\" rel=\"noopener\">Attentats de Bruxelles : Naim al-Hamed serait le cinqui\u00e8me suspect<\/a> \u2013 NBC Nouvelles<\/p>\n<p><a href=\"http:\/\/abcnews.go.com\/International\/brussels-manhunt-recent-arrests\/story?id=37920731\" target=\"_blank\" rel=\"noopener\">Des descentes de police sont en cours en Belgique alors que la chasse \u00e0 l&#039;homme se poursuit pour les suspects des attentats de Bruxelles<\/a> \u2013 ABC Nouvelles<\/p>\n<p><a href=\"http:\/\/www.usatoday.com\/story\/travel\/flights\/todayinthesky\/2016\/03\/24\/brussels-air-restarts-some-flights-alternative-airports-belgium\/82208330\/\" target=\"_blank\" rel=\"noopener\">Brussels Air red\u00e9marre certains vols depuis des a\u00e9roports alternatifs en Belgique <\/a>- USA aujourd&#039;hui<\/p>\n<p><a href=\"http:\/\/www.theguardian.com\/world\/2016\/mar\/24\/brussels-bombings-eu-ministers-meet-as-border-controls-criticised\" target=\"_blank\" rel=\"noopener\">Attentats de Bruxelles : les ministres europ\u00e9ens se r\u00e9unissent<\/a> - Le gardien<\/p>\n<p><a href=\"http:\/\/www.cnn.com\/2016\/03\/24\/europe\/brussels-investigation\/\" target=\"_blank\" rel=\"noopener\">Attaque de Bruxelles : un homme recherch\u00e9 pour attentat dans le m\u00e9tro<\/a> -CNN<\/p>\n<p><a href=\"http:\/\/www.usatoday.com\/story\/travel\/flights\/todayinthesky\/2016\/03\/23\/fliers-see-bigger-security-presence-us-airports\/82170866\/\" target=\"_blank\" rel=\"noopener\">Les voyageurs constatent une plus grande pr\u00e9sence de s\u00e9curit\u00e9 dans les a\u00e9roports am\u00e9ricains<\/a> - USA aujourd&#039;hui<\/p>\n<p><a href=\"https:\/\/www.washingtonpost.com\/business\/economy\/stepped-up-security-is-becoming-a-cost-of-doing-business-in-an-age-of-terrorism\/2016\/03\/22\/cb587196-f04c-11e5-a61f-e9c95c06edca_story.html\" target=\"_blank\" rel=\"noopener\">Le renforcement de la s\u00e9curit\u00e9 devient un co\u00fbt pour faire des affaires \u00e0 l\u2019\u00e8re du terrorisme<\/a> \u2013 Le Washington Post<\/p>\n<p><a href=\"http:\/\/www.nytimes.com\/2016\/03\/24\/world\/europe\/brussels-attack.html?_r=0\" target=\"_blank\" rel=\"noopener\">2 fr\u00e8res en tant qu&#039;attaquants de Bruxelles\u00a0; Un troisi\u00e8me suspect est recherch\u00e9<\/a> - Le New York Times<\/p>\n<p><a href=\"http:\/\/www.theguardian.com\/world\/2016\/mar\/23\/brussels-bombings-first-victims-named-as-stories-of-survival-emerge\" target=\"_blank\" rel=\"noopener\">Les premi\u00e8res victimes des attentats de Bruxelles sont cit\u00e9es comme r\u00e9cits de survie<\/a> - Le gardien<\/p>\n<p><a href=\"http:\/\/www.usatoday.com\/story\/news\/world\/2016\/03\/22\/explosions-rock-brussels-airport\/82107254\/\" target=\"_blank\" rel=\"noopener\">L&#039;EIIL revendique la responsabilit\u00e9 de l&#039;attaque de Bruxelles qui a fait des dizaines de morts<\/a> - USA aujourd&#039;hui<\/p>\n<p><a href=\"http:\/\/www.lemonde.fr\/europe\/live\/2016\/03\/22\/en-direct-double-explosion-a-l-aeroport-principal-de-bruxelles_4887504_3214.html\" target=\"_blank\" rel=\"noopener\">En direct : Au moins 31 morts dans les attentats \u00e0 la bombe dans un train \u00e0 Bruxelles<\/a> \u2013 Le Monde<\/p>\n<p><a href=\"https:\/\/www.yahoo.com\/news\/brussels-airport-remain-closed-wednesday-ceo-163028344.html\" target=\"_blank\" rel=\"noopener\">L&#039;a\u00e9roport de Bruxelles restera ferm\u00e9 mercredi<\/a> \u2013 Yahoo Actualit\u00e9s<\/p>\n<p><a href=\"http:\/\/www.politico.eu\/article\/several-killed-in-two-explosions-at-brussels-zaventem-airport\/\" target=\"_blank\" rel=\"noopener\">Des attentats terroristes frappent Bruxelles<\/a> \u2013 Politique<\/p>\n<p><a href=\"http:\/\/www.politico.eu\/article\/brussels-airport-explosions-live-blog\/\" target=\"_blank\" rel=\"noopener\">Attentats de Bruxelles\u00a0: blog en direct<\/a> \u2013 Politique Europe<\/p>\n<p><a href=\"http:\/\/www.cnn.com\/2016\/03\/22\/europe\/brussels-explosions\/index.html\">Terreur \u00e0 Bruxelles : 34 morts dans des explosions \u00e0 l&#039;a\u00e9roport et dans une station de m\u00e9tro<\/a> -CNN<\/p>\n<p><a href=\"http:\/\/www.bbc.com\/news\/uk-35870700\" target=\"_blank\" rel=\"noopener\">Explosions \u00e0 Bruxelles : David Cameron condamne les attaques \u00ab sauvages \u00bb<\/a> \u2013 BBC<\/p>\n<p><a href=\"http:\/\/www.travelmole.com\/news_feature.php?news_id=2021308&amp;c=setreg&amp;region=2\" target=\"_blank\" rel=\"noopener\">Le bilan des attentats \u00e0 Bruxelles s&#039;alourdit<\/a> \u2013 Taupe de voyage<\/p>\n<p><a href=\"http:\/\/www.lexpress.fr\/actualite\/monde\/europe\/en-direct-explosions-a-l-aeroport-de-zaventem-a-bruxelles_1775567.html\" target=\"_blank\" rel=\"noopener\">En direct : Attentats \u00e0 la bombe \u00e0 Bruxelles : Au bail 8 bless\u00e9s fran\u00e7ais<\/a> \u2013 L&#039;Express<\/p>\n<p><a href=\"http:\/\/www.cleveland.com\/business\/index.ssf\/2016\/03\/brussels_attack_ohio_business.html\" target=\"_blank\" rel=\"noopener\">Attaque de Bruxelles\u00a0: les hommes d\u2019affaires de l\u2019Ohio r\u00e9agissent<\/a> \u2013 Le concessionnaire Cleveland Plain<\/p>\n<p><strong>D\u00e9clarations\u00a0:<\/strong><\/p>\n<p><a href=\"https:\/\/www.dhs.gov\/news\/2016\/03\/22\/statement-secretary-jeh-c-johnson-attacks-today-brussels-belgium\" target=\"_blank\" rel=\"noopener\">D\u00e9claration du secr\u00e9taire Jeh C. Johnson sur les attentats d&#039;aujourd&#039;hui \u00e0 Bruxelles, en Belgique<\/a><\/p>\n<p><a href=\"http:\/\/www.cnn.com\/videos\/world\/2016\/03\/22\/brussels-explosions-belgium-prime-minister-presser.cnn\/video\/playlists\/deadly-explosions-rock-brussels\/\" target=\"_blank\" rel=\"noopener\">Le Premier ministre belge appelle \u00e0 la solidarit\u00e9<\/a><\/p>\n<p><a href=\"http:\/\/www.consilium.europa.eu\/en\/press\/press-releases\/2016\/03\/22-tusk-statement-bombings\/\" target=\"_blank\" rel=\"noopener\">D\u00e9claration du pr\u00e9sident du Conseil europ\u00e9en Donald Tusk suite aux attentats terroristes de Bruxelles<\/a><\/p>\n<p><a href=\"http:\/\/wbj.pl\/president-duda-offers-condolences-to-families-of-brussels-attacks-victims\/\" target=\"_blank\" rel=\"noopener\">Le pr\u00e9sident Duda pr\u00e9sente ses condol\u00e9ances aux familles des victimes des attentats de Bruxelles<\/a><\/p>\n<p><a href=\"http:\/\/www.cnn.com\/2016\/03\/22\/politics\/obama-belgium-terror-attacks-cuba\/index.html\" target=\"_blank\" rel=\"noopener\">Obama \u00e0 propos des attentats terroristes : &quot;Nous sommes solidaires&quot; avec la Belgique<\/a><\/p>\n<p><strong>S\u00e9curit\u00e9 accrue\u00a0:<\/strong><\/p>\n<p><a href=\"http:\/\/www.nbcnews.com\/storyline\/brussels-attacks\/u-s-officials-travelers-alert-after-brussels-blasts-n543331\" target=\"_blank\" rel=\"noopener\">Des responsables am\u00e9ricains et des voyageurs en alerte apr\u00e8s les attentats de Bruxelles<\/a> \u2013 NBC Nouvelles<\/p>\n<p><a href=\"http:\/\/www.foxnews.com\/us\/2016\/03\/22\/major-us-airports-transit-systems-ramp-up-security-after-brussels-attacks.html\" target=\"_blank\" rel=\"noopener\">Les principaux a\u00e9roports et syst\u00e8mes de transit am\u00e9ricains renforcent la s\u00e9curit\u00e9 apr\u00e8s les attentats de Bruxelles<\/a> - Fox News<\/p>\n<p><a href=\"http:\/\/www.travelmole.com\/news_feature.php?news_id=2021318&amp;c=setreg&amp;region=2\" target=\"_blank\" rel=\"noopener\">L&#039;a\u00e9roport de Londres renforce la s\u00e9curit\u00e9<\/a> \u2013 Taupe de voyage<\/p>\n<p><a href=\"http:\/\/www.globalpost.com\/article\/6749659\/2016\/03\/22\/new-york-steps-security-after-brussels-attacks\" target=\"_blank\" rel=\"noopener\">New York et Washington renforcent leur s\u00e9curit\u00e9 apr\u00e8s les attentats de Bruxelles<\/a> \u2013 Agence France-Presse Global Post<\/p>\n<p><a href=\"http:\/\/www.nbcnewyork.com\/news\/local\/NYPD-to-Increase-Security-in-Response-to-Brussels-Attack-373044421.html\" target=\"_blank\" rel=\"noopener\">Le NYPD renforce sa s\u00e9curit\u00e9 en r\u00e9ponse \u00e0 l&#039;attaque de Bruxelles<\/a> \u2013 NBC New York<\/p>\n<p><a href=\"http:\/\/patch.com\/district-columbia\/georgetown\/dc-metro-increases-security-after-brussels-terrorist-attack-0\" target=\"_blank\" rel=\"noopener\">DC Metro renforce la s\u00e9curit\u00e9 apr\u00e8s l&#039;attaque terroriste de Bruxelles<\/a> \u2013 \u00c9cusson de Georgetown<\/p>\n<p><a href=\"http:\/\/www.wesh.com\/news\/mco-expect-increased-security-at-airport-in-response-to-brussels-attacks\/38632516\" target=\"_blank\" rel=\"noopener\">MCO : Attendez-vous \u00e0 une s\u00e9curit\u00e9 renforc\u00e9e \u00e0 l&#039;a\u00e9roport en r\u00e9ponse aux attentats de Bruxelles<\/a> \u2013 WESH.com Orlando<\/p>\n<p><strong>Ressources sur le devoir de diligence\u00a0:<\/strong><\/p>\n<p><a href=\"http:\/\/travel.state.gov\/content\/passports\/en\/alertswarnings\/europe-travel-alert.html\" target=\"_blank\" rel=\"noopener\">Alerte voyage en Europe<\/a> \u2013 D\u00e9partement d&#039;\u00c9tat am\u00e9ricain<\/p>\n<p><a href=\"http:\/\/belgium.usembassy.gov\/security_messages.html\" target=\"_blank\" rel=\"noopener\">Message de s\u00e9curit\u00e9<\/a> \u2013 Ambassade des \u00c9tats-Unis \u00e0 Bruxelles, Belgique<\/p>\n<p><a href=\"http:\/\/www.diplomatie.gouv.fr\/fr\/conseils-aux-voyageurs\/conseils-par-pays\/belgique\/\" target=\"_blank\" rel=\"noopener\">Conseils de s\u00e9curit\u00e9 aux voyageurs <\/a>\u2013 Gouvernement fran\u00e7ais<\/p>\n<p><a href=\"https:\/\/gbta.org\/fr\/SiteCollectionDocuments\/NewsReleases\/GBTA-Keeping BusinessTravelersSafeinanUncertainTimeFINAL.pdf\/\" target=\"_blank\" rel=\"noopener\">Assurer la s\u00e9curit\u00e9 des voyageurs d&#039;affaires en ces temps incertains<\/a> \u2013 \u00c9tude de cas sur les attentats de Paris<\/p>\n<p><a href=\"http:\/\/blog.gbta.org\/2015\/12\/22\/preparing-for-crisis-in-todays-risky-world\/\" target=\"_blank\" rel=\"noopener\">Se pr\u00e9parer \u00e0 la crise dans le monde risqu\u00e9 d&#039;aujourd&#039;hui<\/a> \u2013 R\u00e9capitulatif du webinaire du comit\u00e9 des risques de la GBTA<\/p>\n<p><a href=\"http:\/\/blog.gbta.org\/2014\/12\/22\/10-duty-of-care-tips-from-gbtas-risk-committee\/\" target=\"_blank\" rel=\"noopener\">10 conseils sur le devoir de diligence du comit\u00e9 des risques de la GBTA<\/a> \u2013 Blog GBTA<\/p>\n<p><strong>Ressources GBTA suppl\u00e9mentaires (Vous devrez vous connecter \u00e0 GBTA Hub pour acc\u00e9der \u00e0 ces documents et webinaires.)<\/strong><\/p>\n<p><strong>Documents<br \/>\n<\/strong><a href=\"https:\/\/hub.gbta.org\/groups\/reviews\/item\/20\/11\/1517\" target=\"_blank\" rel=\"noopener\">Consignes de s\u00e9curit\u00e9 pour les voyages nationaux et \u00e9trangers<br \/>\n<\/a><a href=\"https:\/\/hub.gbta.org\/groups\/reviews\/item\/20\/11\/1423\" target=\"_blank\" rel=\"noopener\">Strat\u00e9gies de gestion des risques de voyage - Comment s\u00e9lectionner un partenaire TRM pour votre programme<br \/>\n<\/a><a href=\"https:\/\/hub.gbta.org\/groups\/reviews\/item\/20\/11\/758\" target=\"_blank\" rel=\"noopener\">Gestion des risques de voyage<br \/>\n<\/a><a href=\"https:\/\/hub.gbta.org\/groups\/reviews\/item\/20\/11\/842\" target=\"_blank\" rel=\"noopener\">Int\u00e9grer la gestion des risques li\u00e9s aux \u00e9v\u00e9nements et aux r\u00e9unions dans votre programme h\u00f4telier<br \/>\n<\/a><a href=\"https:\/\/hub.gbta.org\/groups\/reviews\/item\/20\/11\/1797\" target=\"_blank\" rel=\"noopener\">Demande de proposition de services de s\u00e9curit\u00e9<br \/>\n<\/a><a href=\"https:\/\/hub.gbta.org\/groups\/reviews\/item\/20\/11\/1083\" target=\"_blank\" rel=\"noopener\">&quot;C&#039;est La Vie?&quot;\u00a0: Un guide \u00e9tape par \u00e9tape pour cr\u00e9er un programme de gestion des risques li\u00e9s aux voyages<br \/>\n<\/a><a href=\"https:\/\/hub.gbta.org\/groups\/reviews\/item\/20\/11\/888\" target=\"_blank\" rel=\"noopener\">Solutions de suivi des voyageurs et de gestion des risques<\/a><\/p>\n<p><strong>Webinaires<br \/>\n<\/strong><a href=\"https:\/\/hub.gbta.org\/groups\/reviews\/item\/20\/11\/2283\" target=\"_blank\" rel=\"noopener\">Une once de pr\u00e9vention\u00a0:\u00a0un soutien \u00e0 la planification pour les voyageurs et les expatri\u00e9s du monde entier<\/a><strong><br \/>\n<\/strong><a href=\"https:\/\/hub.gbta.org\/groups\/reviews\/item\/20\/11\/1937\" target=\"_blank\" rel=\"noopener\">Introduction \u00e0 la gestion des risques de voyage<br \/>\n<\/a><a href=\"https:\/\/hub.gbta.org\/groups\/reviews\/item\/20\/11\/2171\" target=\"_blank\" rel=\"noopener\">Att\u00e9nuer les risques des voyages internationaux pour les femmes\u00a0: ce que les organisations peuvent faire<\/a><a href=\"https:\/\/hub.gbta.org\/groups\/reviews\/item\/20\/11\/1937\" target=\"_blank\" rel=\"noopener\"><br \/>\n<\/a><\/p>","protected":false},"excerpt":{"rendered":"<p>*Mise \u00e0 jour le 28 mars \u00e0 10 h 20 HE* Aujourd&#039;hui, GBTA a publi\u00e9 la citation suivante de la pr\u00e9sidente de GBTA, Christle Johnson : \u00ab GBTA est profond\u00e9ment attrist\u00e9e par la nouvelle des attentats terroristes de ce matin \u00e0 Bruxelles \u00bb, a d\u00e9clar\u00e9 Christle Johnson, pr\u00e9sidente de GBTA. &quot;Des dizaines d&#039;innocents ont \u00e9t\u00e9 tu\u00e9s dans une attaque qui \u00e9tait plus qu&#039;une simple attaque contre...<\/p>","protected":false},"author":25,"featured_media":1072,"comment_status":"open","ping_status":"open","sticky":false,"template":"","format":"standard","meta":{"_acf_changed":false,"_seopress_robots_primary_cat":"","_seopress_titles_title":"","_seopress_titles_desc":"","_seopress_robots_index":"","om_disable_all_campaigns":false,"_relevanssi_hide_post":"","_relevanssi_hide_content":"","_relevanssi_pin_for_all":"","_relevanssi_pin_keywords":"","_relevanssi_unpin_keywords":"","_relevanssi_related_keywords":"","_relevanssi_related_include_ids":"","_relevanssi_related_exclude_ids":"","_relevanssi_related_no_append":"","_relevanssi_related_not_related":"","_relevanssi_related_posts":"","_relevanssi_noindex_reason":"","_kad_blocks_custom_css":"","_kad_blocks_head_custom_js":"","_kad_blocks_body_custom_js":"","_kad_blocks_footer_custom_js":"","_kad_post_transparent":"","_kad_post_title":"","_kad_post_layout":"","_kad_post_sidebar_id":"","_kad_post_content_style":"","_kad_post_vertical_padding":"","_kad_post_feature":"","_kad_post_feature_position":"","_kad_post_header":false,"_kad_post_footer":false,"footnotes":"","_links_to":"","_links_to_target":""},"categories":[114,79],"tags":[652,653,587,293,501,121,591,596],"class_list":["post-1071","post","type-post","status-publish","format-standard","has-post-thumbnail","hentry","category-airlines-and-aviation","category-safety-and-security","tag-belgium","tag-brussels","tag-eu","tag-risk","tag-safety","tag-security","tag-terror","tag-terrorist-attacks"],"acf":[],"featured_image_src_large":["https:\/\/gbta.org\/wp-content\/uploads\/Brussels-1024x625.jpg",1024,625,true],"author_info":{"display_name":"jcampbell","author_link":"https:\/\/gbta.org\/fr\/author\/jcampbell\/"},"comment_info":"","category_info":[{"term_id":114,"name":"Airlines and Aviation","slug":"airlines-and-aviation","term_group":0,"term_taxonomy_id":114,"taxonomy":"category","description":"","parent":0,"count":355,"filter":"raw","cat_ID":114,"category_count":355,"category_description":"","cat_name":"Airlines and Aviation","category_nicename":"airlines-and-aviation","category_parent":0},{"term_id":79,"name":"Safety and Security","slug":"safety-and-security","term_group":0,"term_taxonomy_id":79,"taxonomy":"category","description":"","parent":0,"count":237,"filter":"raw","cat_ID":79,"category_count":237,"category_description":"","cat_name":"Safety and Security","category_nicename":"safety-and-security","category_parent":0}],"tag_info":[{"term_id":652,"name":"Belgium","slug":"belgium","term_group":0,"term_taxonomy_id":652,"taxonomy":"post_tag","description":"","parent":0,"count":1,"filter":"raw"},{"term_id":653,"name":"Brussels","slug":"brussels","term_group":0,"term_taxonomy_id":653,"taxonomy":"post_tag","description":"","parent":0,"count":4,"filter":"raw"},{"term_id":587,"name":"EU","slug":"eu","term_group":0,"term_taxonomy_id":587,"taxonomy":"post_tag","description":"","parent":0,"count":18,"filter":"raw"},{"term_id":293,"name":"risk","slug":"risk","term_group":0,"term_taxonomy_id":293,"taxonomy":"post_tag","description":"","parent":0,"count":77,"filter":"raw"},{"term_id":501,"name":"safety","slug":"safety","term_group":0,"term_taxonomy_id":501,"taxonomy":"post_tag","description":"","parent":0,"count":28,"filter":"raw"},{"term_id":121,"name":"security","slug":"security","term_group":0,"term_taxonomy_id":121,"taxonomy":"post_tag","description":"","parent":0,"count":48,"filter":"raw"},{"term_id":591,"name":"terror","slug":"terror","term_group":0,"term_taxonomy_id":591,"taxonomy":"post_tag","description":"","parent":0,"count":5,"filter":"raw"},{"term_id":596,"name":"terrorist attacks","slug":"terrorist-attacks","term_group":0,"term_taxonomy_id":596,"taxonomy":"post_tag","description":"","parent":0,"count":2,"filter":"raw"}],"taxonomy_info":{"category":[{"value":114,"label":"Airlines and Aviation"},{"value":79,"label":"Safety and Security"}],"post_tag":[{"value":652,"label":"Belgium"},{"value":653,"label":"Brussels"},{"value":587,"label":"EU"},{"value":293,"label":"risk"},{"value":501,"label":"safety"},{"value":121,"label":"security"},{"value":591,"label":"terror"},{"value":596,"label":"terrorist attacks"}]},"featured_image_src":"https:\/\/gbta.org\/wp-content\/uploads\/Brussels.jpg","featured_image_src_square":"https:\/\/gbta.org\/wp-content\/uploads\/Brussels.jpg","mfb_rest_fields":["featured_image_src_large","author_info","comment_info","category_info","tag_info","taxonomy_info","featured_image_src","featured_image_src_square"],"_links":{"self":[{"href":"https:\/\/gbta.org\/fr\/wp-json\/wp\/v2\/posts\/1071","targetHints":{"allow":["GET"]}}],"collection":[{"href":"https:\/\/gbta.org\/fr\/wp-json\/wp\/v2\/posts"}],"about":[{"href":"https:\/\/gbta.org\/fr\/wp-json\/wp\/v2\/types\/post"}],"author":[{"embeddable":true,"href":"https:\/\/gbta.org\/fr\/wp-json\/wp\/v2\/users\/25"}],"replies":[{"embeddable":true,"href":"https:\/\/gbta.org\/fr\/wp-json\/wp\/v2\/comments?post=1071"}],"version-history":[{"count":0,"href":"https:\/\/gbta.org\/fr\/wp-json\/wp\/v2\/posts\/1071\/revisions"}],"wp:featuredmedia":[{"embeddable":true,"href":"https:\/\/gbta.org\/fr\/wp-json\/wp\/v2\/media\/1072"}],"wp:attachment":[{"href":"https:\/\/gbta.org\/fr\/wp-json\/wp\/v2\/media?parent=1071"}],"wp:term":[{"taxonomy":"category","embeddable":true,"href":"https:\/\/gbta.org\/fr\/wp-json\/wp\/v2\/categories?post=1071"},{"taxonomy":"post_tag","embeddable":true,"href":"https:\/\/gbta.org\/fr\/wp-json\/wp\/v2\/tags?post=1071"}],"curies":[{"name":"wp","href":"https:\/\/api.w.org\/{rel}","templated":true}]}}