{"id":11184,"date":"2023-06-07T01:16:23","date_gmt":"2023-06-07T05:16:23","guid":{"rendered":"https:\/\/gbta.org\/?p=11184"},"modified":"2023-12-01T16:57:35","modified_gmt":"2023-12-01T21:57:35","slug":"the-continuing-travel-and-immigration-risks-of-an-everchanging-world","status":"publish","type":"post","link":"https:\/\/gbta.org\/fr\/the-continuing-travel-and-immigration-risks-of-an-everchanging-world\/","title":{"rendered":"Les risques persistants li\u00e9s aux voyages et \u00e0 l\u2019immigration dans un monde en constante \u00e9volution"},"content":{"rendered":"<style>.wp-block-kadence-advancedheading.kt-adv-heading_926e11-6f, .wp-block-kadence-advancedheading.kt-adv-heading_926e11-6f[data-kb-block=\"kb-adv-heading_926e11-6f\"]{font-style:normal;}.wp-block-kadence-advancedheading.kt-adv-heading_926e11-6f mark.kt-highlight, .wp-block-kadence-advancedheading.kt-adv-heading_926e11-6f[data-kb-block=\"kb-adv-heading_926e11-6f\"] mark.kt-highlight{font-style:normal;color:#f76a0c;-webkit-box-decoration-break:clone;box-decoration-break:clone;padding-top:0px;padding-right:0px;padding-bottom:0px;padding-left:0px;}<\/style>\n<h3 class=\"kt-adv-heading_926e11-6f wp-block-kadence-advancedheading\" data-kb-block=\"kb-adv-heading_926e11-6f\">Bilan 2023<\/h3>\n\n\n\n<p><strong>Six mois apr\u00e8s le d\u00e9but de l&#039;ann\u00e9e, Craig Collins et Ray Rackham de CIBT se penchent sur les d\u00e9fis en mati\u00e8re de visas et d&#039;immigration dans un monde en transition continue.<\/strong><\/p>\n\n\n<style>.wp-block-kadence-advancedheading.kt-adv-heading_328485-56, .wp-block-kadence-advancedheading.kt-adv-heading_328485-56[data-kb-block=\"kb-adv-heading_328485-56\"]{font-style:normal;}.wp-block-kadence-advancedheading.kt-adv-heading_328485-56 mark.kt-highlight, .wp-block-kadence-advancedheading.kt-adv-heading_328485-56[data-kb-block=\"kb-adv-heading_328485-56\"] mark.kt-highlight{font-style:normal;color:#f76a0c;-webkit-box-decoration-break:clone;box-decoration-break:clone;padding-top:0px;padding-right:0px;padding-bottom:0px;padding-left:0px;}<\/style>\n<h3 class=\"kt-adv-heading_328485-56 wp-block-kadence-advancedheading\" data-kb-block=\"kb-adv-heading_328485-56\">Risque de voyage\u00a0: des d\u00e9cennies de pr\u00e9paration<\/h3>\n\n\n\n<p>Les risques et les crises ont affect\u00e9 le secteur du voyage et de l\u2019immigration bien avant Covid. En effet, l&#039;\u00e9pid\u00e9mie de SRAS en 2002\/2003 a eu un impact n\u00e9gatif significatif sur le tourisme dans la majeure partie de l&#039;Asie (avec des preuves en 2004 sugg\u00e9rant qu&#039;en Chine, Hong Kong, Singapour et le Vietnam ont perdu $20 milliards de PIB en cons\u00e9quence directe des mesures restrictives en mati\u00e8re de voyages). mettez-le en place). Alors que les voyages internationaux avaient \u00e9t\u00e9 identifi\u00e9s comme un vecteur de propagation de la maladie avant le SRAS, l&#039;impact sur la diminution des voyages d&#039;affaires et du tourisme a \u00e9t\u00e9 un choc pour la communaut\u00e9 internationale, le monde restant mal pr\u00e9par\u00e9 \u00e0 affronter les complexit\u00e9s d&#039;une fermeture presque mondiale de deux d\u00e9cennies. plus tard. Mais les probl\u00e8mes de sant\u00e9 publique ne sont pas les seuls vecteurs qui ont eu un impact sur les voyages internationaux et sur la capacit\u00e9 des individus \u00e0 se d\u00e9placer librement dans un monde globalis\u00e9.&nbsp;<\/p>\n\n\n\n<p>En termes d\u2019immigration et de voyage, les strat\u00e9gies d\u2019att\u00e9nuation des risques sont traditionnellement li\u00e9es \u00e0 des \u00e9v\u00e9nements \u00e0 risque uniques dans un environnement par ailleurs relativement stable et pr\u00e9visible. Jusqu\u2019en 2020, la plupart des r\u00e9flexions sur les risques li\u00e9s \u00e0 l\u2019immigration et aux voyages se concentraient sur le concept de risque en tant que fonction de conformit\u00e9, et les risques identifi\u00e9s \u00e9taient invariablement li\u00e9s \u00e0 un demandeur ou \u00e0 un voyageur individuel qui repr\u00e9sentait un risque ponctuel lors d\u2019un voyage \u00e0 travers les fronti\u00e8res. Les \u00e9v\u00e9nements \u00e0 risque mondiaux qui avaient un impact n\u00e9gatif sur les programmes de voyage et d\u2019immigration \u00e9taient traditionnellement consid\u00e9r\u00e9s en silo, car leur impact n\u2019\u00e9tait ressenti que pendant une br\u00e8ve p\u00e9riode de temps. L&#039;\u00e9ruption du volcan islandais Eyjafjallaj\u00f6kull en 2010 a par exemple eu un impact \u00e9vident et imm\u00e9diat sur le transport a\u00e9rien. L&#039;espace a\u00e9rien europ\u00e9en a \u00e9t\u00e9 ferm\u00e9 pendant une p\u00e9riode de six jours, ce qui a entra\u00een\u00e9 une perte de revenus estim\u00e9e \u00e0 1,7 milliard de dollars pour les compagnies a\u00e9riennes. Cela a modifi\u00e9 d\u00e9finitivement l&#039;\u00e9valuation des risques dans le secteur de l&#039;aviation et a ouvert la voie \u00e0 de nouvelles pistes de recherche scientifique. Mais cela n\u2019a pas amen\u00e9 l\u2019ensemble du secteur \u00e0 se demander : \u00ab Devons-nous vraiment repenser le risque \u00e0 un niveau fondamental ?<\/p>\n\n\n\n<p>L\u2019analyse \u00e0 un niveau plus large a continu\u00e9 \u00e0 se concentrer sur un ensemble de r\u00e8gles fermes : encadr\u00e9es par l\u2019int\u00e9gration croissante des \u00e9conomies du monde entier. Cette int\u00e9gration accrue est le r\u00e9sultat de la circulation transfrontali\u00e8re des biens, des services, des capitaux, des personnes et des connaissances ; tout cela a entra\u00een\u00e9 des probl\u00e8mes de conformit\u00e9 individuels. La mise en place de contr\u00f4les aux fronti\u00e8res int\u00e9rieures de l\u2019espace Schengen, suite \u00e0 la crise europ\u00e9enne des r\u00e9fugi\u00e9s en 2015 ; ou encore la s\u00e9rie de d\u00e9crets aux \u00c9tats-Unis, limitant les capacit\u00e9s de voyage et de migration des ressortissants de pays o\u00f9 la principale religion pratiqu\u00e9e \u00e9tait l&#039;islam, tout au long de la p\u00e9riode 2017-2020\u00a0; ou encore l\u2019impact du r\u00e9f\u00e9rendum sur le Brexit de 2016 sur les voyageurs qui op\u00e9raient au Royaume-Uni en dehors de l\u2019UE (o\u00f9 auparavant les ressortissants britanniques pouvaient voyager librement \u00e0 travers les \u00c9tats membres et entreprendre un certain nombre d\u2019activit\u00e9s sans aucun doute, ce qui n\u2019est plus le cas d\u00e9sormais)\u00a0; ont \u00e9t\u00e9 trait\u00e9s par la plupart des gestionnaires de voyages comme des \u00e9v\u00e9nements isol\u00e9s et individuels n\u00e9cessitant une attention urgente et nuanc\u00e9e ; mais sont rest\u00e9s s\u00e9par\u00e9s les uns des autres.<\/p>\n\n\n\n<p>Les exemples ci-dessus d\u00e9montrent que les risques successifs pour la sant\u00e9 publique et d\u2019autres crises non li\u00e9es \u00e0 la sant\u00e9 ont des impacts significatifs sur la capacit\u00e9 des hommes d\u2019affaires mobiles \u00e0 l\u2019\u00e9chelle mondiale \u00e0 voyager librement \u00e0 travers le monde. Mais l\u2019impact imm\u00e9diat et catastrophique du Covid a incit\u00e9 l\u2019industrie \u00e0 examiner ces \u00e9v\u00e9nements \u00e0 risque vieux de plusieurs d\u00e9cennies et \u00e0 se poser la question\u00a0: dans quelle mesure \u00e9tions-nous tous pr\u00e9par\u00e9s \u00e0 l\u2019\u00e9v\u00e9nement in\u00e9vitable qui a ferm\u00e9 le monde, et comment devrions-nous d\u00e9sormais consid\u00e9rer le risque en 2023 et au-del\u00e0. ? Dans cette optique, que peuvent nous apprendre les enseignements des six premiers mois de 2023 ?<\/p>\n\n\n<style>.wp-block-kadence-advancedheading.kt-adv-heading_d05392-bc, .wp-block-kadence-advancedheading.kt-adv-heading_d05392-bc[data-kb-block=\"kb-adv-heading_d05392-bc\"]{font-style:normal;}.wp-block-kadence-advancedheading.kt-adv-heading_d05392-bc mark.kt-highlight, .wp-block-kadence-advancedheading.kt-adv-heading_d05392-bc[data-kb-block=\"kb-adv-heading_d05392-bc\"] mark.kt-highlight{font-style:normal;color:#f76a0c;-webkit-box-decoration-break:clone;box-decoration-break:clone;padding-top:0px;padding-right:0px;padding-bottom:0px;padding-left:0px;}<\/style>\n<h3 class=\"kt-adv-heading_d05392-bc wp-block-kadence-advancedheading\" data-kb-block=\"kb-adv-heading_d05392-bc\">2023\u00a0:\u00a0un monde incertain<\/h3>\n\n\n\n<p>D\u00e9but 2022, les voyageurs d\u2019affaires et ceux qui traversaient les fronti\u00e8res pour travailler ou \u00e9tudier se sont retrouv\u00e9s dans un monde de masques, d\u2019exigences de vaccination, de tests PCR et de nombreux autres obstacles administratifs avant de monter dans un avion. Si certains contr\u00f4les aux fronti\u00e8res ont persist\u00e9, tout au long de l\u2019ann\u00e9e, bon nombre de ces exigences ont \u00e9t\u00e9 supprim\u00e9es \u00e0 mesure que les voyages internationaux retrouvaient une forme de normalit\u00e9 jamais vue depuis 2019. Si 2022 a marqu\u00e9 la r\u00e9ouverture successive des voies de circulation dans le monde, 2023 a v\u00e9ritablement clos le chapitre du monde ferm\u00e9. , marqu\u00e9e notamment par le retour des voyages en Chine.<\/p>\n\n\n\n<p><strong>La situation actuelle en mati\u00e8re de risque<\/strong><\/p>\n\n\n\n<p>CIBT a examin\u00e9 plus d&#039;une centaine de changements pertinents apport\u00e9s \u00e0 la l\u00e9gislation, aux politiques et aux processus en mati\u00e8re d&#039;immigration et de voyage dans plus de cinquante pays depuis le d\u00e9but de l&#039;ann\u00e9e. M\u00eame si bon nombre de ces changements ne se pr\u00e9sentent pas comme des \u00e9v\u00e9nements \u00e0 risque (l\u2019exemple le plus courant \u00e9tant le passage \u00e0 la num\u00e9risation dans de vastes r\u00e9gions du monde), certains th\u00e8mes int\u00e9ressants se d\u00e9veloppent\u00a0: \u00e0 mesure que l\u2019impact de la pand\u00e9mie s\u2019att\u00e9nue, un nouveau discours pourrait appara\u00eetre. sur la politique de sant\u00e9 publique; les pays utilisent encore les \u00e9v\u00e9nements \u00e0 risque survenus des ann\u00e9es avant la pand\u00e9mie pour \u00e9clairer leur politique de voyage\u00a0; et l\u2019impact des d\u00e9cisions politiques prises bien avant que nous discutions des exigences en mati\u00e8re de vaccination se fait sentir en temps r\u00e9el, plusieurs ann\u00e9es apr\u00e8s qu\u2019elles ont \u00e9t\u00e9 prises.<\/p>\n\n\n\n<p><strong>L\u2019h\u00e9ritage du Covid<\/strong><\/p>\n\n\n\n<p>Sans surprise, l\u2019ann\u00e9e 2023 a vu les gouvernements successifs introduire, r\u00e9introduire et supprimer les politiques mises en place \u00e0 la suite de la pand\u00e9mie, alors que le monde poursuivait sa r\u00e9ouverture et que les voyages, la mobilit\u00e9 et la migration s\u2019acc\u00e9l\u00e9raient rapidement. D\u00e9but janvier 2023, et centr\u00e9 presque enti\u00e8rement sur <strong>Asie<\/strong>, l\u2019h\u00e9ritage persistant du Covid dans le domaine des voyages et de la mobilit\u00e9 s\u2019est att\u00e9nu\u00e9 \u00e0 mesure que les pays ont supprim\u00e9 les concessions qui \u00e9taient en place sur le march\u00e9 du travail (par exemple dans <strong>Vi\u00eat Nam<\/strong>) ou ont abandonn\u00e9 les anciennes exigences en mati\u00e8re de vaccination aux fins de l&#039;entr\u00e9e (par exemple dans <strong>Singapour<\/strong>). En effet, ce n&#039;est qu&#039;en mai de cette ann\u00e9e que le <strong>Etats-Unis<\/strong> a abandonn\u00e9 les exigences de vaccination pour les voyageurs a\u00e9riens \u00e9trangers.<\/p>\n\n\n\n<p>L\u2019\u00e9volution la plus significative a sans aucun doute \u00e9t\u00e9 la r\u00e9ouverture progressive des <strong>Chine<\/strong> de<\/p>\n\n\n\n<p>Janvier, qui a commenc\u00e9 par la r\u00e9ouverture des entr\u00e9es aux voyages d&#039;affaires (visa M) ; Permis de travail (visa Z); Visas de visite familiale\/r\u00e9union familiale\u00a0; ainsi qu&#039;un nombre limit\u00e9 de visas \u00e9tudiants. Il est important de noter que le tourisme n\u2019a pas \u00e9t\u00e9 inclus dans cette premi\u00e8re tranche de r\u00e9ouverture post-pand\u00e9mique.<\/p>\n\n\n\n<p>Comme certains <strong>Chine<\/strong> Les ambassades\/consulats ont commenc\u00e9 \u00e0 supprimer l&#039;exigence de tests PCR pour les voyageurs entrant <strong>Chine<\/strong>; La Chine s&#039;est ouverte au tourisme le 15 mars 2023 ; et les politiques sans visa d&#039;avant la pand\u00e9mie sont revenues, avec la reprise de la politique d&#039;entr\u00e9e sans visa dans les 59 pays de Hainan, des voyages sans visa de 15 jours pour les groupes de croisi\u00e8re dans les ports de Shanghai, une entr\u00e9e sans visa dans la province du Guangdong pour les groupes d&#039;\u00e9trangers de Hong Kong et de Macao. SAR et entr\u00e9e sans visa \u00e0 Guilin, dans la r\u00e9gion autonome du Guangxi, pour les groupes touristiques des pays de l&#039;ASEAN. C&#039;\u00e9tait la premi\u00e8re fois en trois ans que le tourisme revenait <strong>Chine<\/strong>.<\/p>\n\n\n\n<p>Il est int\u00e9ressant de noter qu\u2019au cours de cette p\u00e9riode de r\u00e9ouverture de la Chine, nous avons \u00e9galement \u00e9t\u00e9 t\u00e9moins d\u2019une r\u00e9ciprocit\u00e9 politique dans le <strong>Asie<\/strong> r\u00e9gion. Alors que les fronti\u00e8res s&#039;ouvraient et en r\u00e9ponse \u00e0 l&#039;augmentation des taux de Covid dans toute la Chine, le gouvernement de <strong>Cor\u00e9e du Sud<\/strong> a cess\u00e9 de d\u00e9livrer des visas touristiques aux citoyens chinois. En \u00e9change, les postes consulaires chinois \u00e0<strong> Japon<\/strong> et <strong>Cor\u00e9e du Sud<\/strong> suspendu la d\u00e9livrance de visas chinois de toutes sortes aux citoyens japonais et sud-cor\u00e9ens. Bien que de courte dur\u00e9e (la Chine a commenc\u00e9 \u00e0 d\u00e9livrer des visas aux citoyens japonais le 30 janvier 2023 et aux Sud-Cor\u00e9ens le 11 f\u00e9vrier 2023), elle a d\u00e9montr\u00e9 une incertitude persistante en raison de la pand\u00e9mie.<\/p>\n\n\n\n<p><strong>Sant\u00e9 publique<\/strong><\/p>\n\n\n\n<p>Gr\u00e2ce aux synergies naturelles avec l\u2019h\u00e9ritage de Covid ci-dessus, le premier trimestre 2023 a \u00e9galement vu l\u2019introduction d\u2019un plus grand nombre de conditions li\u00e9es \u00e0 la sant\u00e9 li\u00e9es \u00e0 la d\u00e9livrance des visas. \u00c0 compter du 1er f\u00e9vrier 2023, les demandeurs de visa de visiteur et de visa de renouvellement de visiteur vers et dans <strong>Qatar<\/strong> devront souscrire une police d\u2019assurance maladie aupr\u00e8s d\u2019un fournisseur agr\u00e9\u00e9 afin que le minist\u00e8re de l\u2019Int\u00e9rieur (MOI) puisse statuer sur leurs demandes. Les personnes \u00e9ligibles \u00e0 un visa \u00e0 l&#039;arriv\u00e9e devront souscrire une police d&#039;assurance maladie sur le site Web du minist\u00e8re de la Sant\u00e9 publique avant leur arriv\u00e9e, \u00e0 moins qu&#039;elles ne d\u00e9tiennent une police d&#039;assurance internationale qui comprend une couverture au Qatar pour toute la dur\u00e9e de leur s\u00e9jour et qui est d\u00e9livr\u00e9 par l&#039;une des compagnies d&#039;assurance agr\u00e9\u00e9es.&nbsp;<\/p>\n\n\n\n<p>En cons\u00e9quence, <strong>Ta\u00efwan <\/strong>a \u00e9galement introduit une exigence de \u00ab preuve de vaccination \u00bb contre la polio si un voyageur a v\u00e9cu ou visit\u00e9 l\u2019un des pays suivants pendant plus de quatre semaines au cours de l\u2019ann\u00e9e \u00e9coul\u00e9e\u00a0: <strong>Afghanistan, R\u00e9publique d\u00e9mocratique du Congo, Isra\u00ebl, Madagascar, Malawi, Mozambique ou Pakistan<\/strong>. Il semble que, alors que les restrictions li\u00e9es au Covid sont supprim\u00e9es presque partout dans le monde, un nouveau discours sur la sant\u00e9 au sens large se d\u00e9veloppe.<\/p>\n\n\n\n<p><strong>Les relations internationales ont un impact sur la politique des visas<\/strong><\/p>\n\n\n\n<p>Comme le d\u00e9montrent les interactions post-Covid entre la Chine, le Japon et la Cor\u00e9e du Sud ci-dessus, les r\u00e8gles en mati\u00e8re d\u2019immigration et de visa jouent \u00e9galement un r\u00f4le dans les relations plus larges et continues que chaque pays entretient avec d\u2019autres pays, blocs commerciaux et corridors commerciaux ; et 2023 ne fait pas exception. Dans le but de s&#039;aligner plus sp\u00e9cifiquement sur la politique de l&#039;UE, <strong>Serbie<\/strong> a introduit des visas pour <strong>Indien, Bolivien <\/strong>et<strong> cubain <\/strong>les ressortissants souhaitant entrer en Serbie pour le tourisme et les affaires, alors qu&#039;auparavant ils \u00e9taient exempt\u00e9s de visa jusqu&#039;\u00e0 30 jours au cours d&#039;une ann\u00e9e civile. Cela fait suite \u00e0 la r\u00e9introduction des exigences de visa pour <strong>burundais<\/strong> et <strong>tunisien <\/strong>nationaux en d\u00e9cembre 2022. Il reste \u00e0 voir dans quelle mesure cela aura un impact sur les relations transfrontali\u00e8res entre les politiques frontali\u00e8res de plus en plus restrictives de la Serbie et les politiques des autres \u00c9tats membres de l&#039;UE. <strong>autrichien<\/strong> Le minist\u00e8re de l\u2019Int\u00e9rieur a confirm\u00e9 qu\u2019il recevait d\u00e9sormais moins de 300 demandes d\u2019asile de ce type par semaine, contre environ 1\u00a0000 fin octobre 2022.<\/p>\n\n\n\n<p>Mais c\u2019est ici que l\u2019alignement des politiques europ\u00e9ennes devient int\u00e9ressant. La politique de l\u2019UE elle-m\u00eame continue d\u2019\u00eatre mise en \u0153uvre de mani\u00e8re incertaine entre les \u00c9tats membres.&nbsp; <strong>L&#039;Autriche<\/strong> a \u00e9t\u00e9 rejoint par <strong>Norv\u00e8ge, Danemark, Allemagne<\/strong> et <strong>France <\/strong>en prolongeant les contr\u00f4les internes \u00e0 leurs fronti\u00e8res jusqu&#039;en octobre\/novembre 2023. Les contr\u00f4les aux fronti\u00e8res int\u00e9rieures ne sont, en principe, pas autoris\u00e9s au sein de l&#039;espace Schengen car ils ont pour cons\u00e9quence de retarder la mobilit\u00e9 au sein du march\u00e9 unique europ\u00e9en. Ils sont n\u00e9anmoins possibles en tant que mesures temporaires de s\u00e9curit\u00e9 nationale, les pays ci-dessus mettant en \u0153uvre les contr\u00f4les \u00e0 l&#039;origine comme un moyen de r\u00e9pondre aux crises des r\u00e9fugi\u00e9s qui ont fait la une des journaux europ\u00e9ens en 2015. C&#039;est la raison pour laquelle l&#039;Union europ\u00e9enne envisage de modifier le code des fronti\u00e8res Schengen pour permettre aux institutions europ\u00e9ennes d&#039;examiner plus en d\u00e9tail la capacit\u00e9 des pays de l&#039;UE \u00e0 \u00e9tablir des contr\u00f4les aux fronti\u00e8res int\u00e9rieures de l&#039;espace Schengen.<\/p>\n\n\n\n<p>Partout dans le monde, le gouvernement de <strong>Br\u00e9sil<\/strong> a annonc\u00e9 qu&#039;il r\u00e9voquait les exemptions de visa pour les ressortissants de <strong>Australie, Canada, Japon<\/strong> et le <strong>\u00c9tats-Unis<\/strong> \u00e0 compter du 1er octobre 2023, exigeant que ces ressortissants obtiennent un visa \u00e9lectronique lorsqu&#039;ils voyagent au Br\u00e9sil \u00e0 des fins touristiques, commerciales, sportives ou artistiques ou lorsqu&#039;ils transitent par les a\u00e9roports br\u00e9siliens. L&#039;obligation de visa ajoute des obstacles administratifs, des co\u00fbts suppl\u00e9mentaires et des retards potentiels.<\/p>\n\n\n\n<p>Quant aux cons\u00e9quences actuelles du conflit en mati\u00e8re d&#039;immigration et de voyages <strong>Ukraine<\/strong>, de nombreux pays europ\u00e9ens ont continu\u00e9 en 2023 \u00e0 suspendre temporairement la d\u00e9livrance de visas et \u00e0 restreindre les r\u00e8gles d&#039;immigration pour les <strong>russe<\/strong> citoyens. En janvier 2023 <strong>Danemark<\/strong> supprim\u00e9 <strong>Russie<\/strong> de sa liste de ressortissants prioritaires pour les demandes d\u2019asile, et en mars 2023, le <strong>tch\u00e8que<\/strong> Le gouvernement a suspendu la d\u00e9livrance de visas ou de permis de s\u00e9jour aux nationaux poss\u00e9dant la double nationalit\u00e9 avec <strong>Russie<\/strong> ou <strong>Bi\u00e9lorussie.<\/strong> D&#039;autres sanctions en mati\u00e8re de visa dans l&#039;UE restent en vigueur \u00e0 partir de 2022 dans de nombreux cas, et les employeurs doivent en \u00eatre conscients lorsqu&#039;ils conseillent les employ\u00e9s russes sur leurs droits, obligations et risques li\u00e9s aux voyages.<\/p>\n\n\n\n<p>Il est clair que les relations internationales et la r\u00e9ponse aux \u00e9v\u00e9nements internationaux en tant que communaut\u00e9 ou bloc continueront de contribuer fortement aux discussions sur les risques dans le domaine des voyages et de l\u2019immigration. \u00c0 mesure que le monde devient de plus en plus interconnect\u00e9 et que les fronti\u00e8res se num\u00e9risent, cette tendance va probablement se poursuivre.<\/p>\n\n\n\n<p><strong>Risque environnemental et r\u00e9ponse humanitaire<\/strong><\/p>\n\n\n\n<p>Dans le cadre d\u2019une d\u00e9marche similaire \u00e0 l\u2019effort international d\u2019immigration et de visa en r\u00e9ponse au conflit en Ukraine au d\u00e9but de 2022, 2023 a vu \u00e0 nouveau une collaboration internationale sous forme humanitaire ; <strong>Suisse<\/strong> a imm\u00e9diatement indiqu\u00e9 qu&#039;elle accorderait la priorit\u00e9 aux demandes de visa d\u00e9pos\u00e9es en <strong>Turquie<\/strong> par les personnes touch\u00e9es par le tremblement de terre d\u00e9vastateur qui a frapp\u00e9 le pays d\u00e9but f\u00e9vrier. Dans certains cas, les pays ont mis en place des r\u00e8gles sp\u00e9ciales en mati\u00e8re de visa pour les personnes concern\u00e9es. Celles-ci vont de l&#039;autorisation aux ressortissants de pays tiers qui se trouvent en <strong>Belgique<\/strong> de demander une prolongation de visa s&#039;ils ne peuvent pas retourner dans leur pays d&#039;origine en raison du tremblement de terre, et une flexibilit\u00e9 proc\u00e9durale \u00e0 court terme dans le <strong>Pays-Bas<\/strong> pour ceux qui ne peuvent pas revenir et qui ont besoin de prolongations de visa, au <strong>canadien<\/strong> position de cr\u00e9er de nouvelles voies de visa pour les personnes de <strong>Turquie <\/strong>et <strong>Syrie, <\/strong>y compris une voie de permis de travail qui permet de travailler \u00e0 son compte ou de travailler pour n&#039;importe quel employeur dans <strong>Canada<\/strong>, ainsi que le traitement des demandes de visa de visiteur pour les membres de la famille des citoyens canadiens et les demandes de r\u00e9installation des r\u00e9fugi\u00e9s en priorit\u00e9. Une r\u00e9ponse internationale similaire a \u00e9t\u00e9 observ\u00e9e pour aider ceux qui ont \u00e9t\u00e9 touch\u00e9s par le conflit en cours en <strong>Soudan<\/strong>.&nbsp;<\/p>\n\n\n\n<p><strong>On revient toujours au Brexit<\/strong><\/p>\n\n\n\n<p>M\u00eame si le retrait du Royaume-Uni de l&#039;Union europ\u00e9enne n&#039;est gu\u00e8re une nouveaut\u00e9 en 2023, les cons\u00e9quences en mati\u00e8re de conformit\u00e9 d&#039;un Royaume-Uni en dehors de l&#039;UE continuent de faire en sorte que de nombreuses entreprises \u00e9chappent aux r\u00e8gles, ce qui a un impact significatif sur la capacit\u00e9 de faire des affaires. Au premier semestre 2023, un certain nombre de pays membres de l\u2019UE, dont la Belgique et le Danemark, ont intensifi\u00e9 les inspections sur place en mati\u00e8re d\u2019immigration. Pas plus tard qu&#039;en avril 2023, au moins 14 entrepreneurs britanniques ont \u00e9t\u00e9 expuls\u00e9s d&#039;un site d&#039;entreprise par des agents d&#039;immigration locaux et arr\u00eat\u00e9s au motif qu&#039;ils ne disposaient pas des visas et des documents d&#039;immigration requis pour exercer l\u00e9galement leurs fonctions temporaires dans cet endroit. Ils ont ensuite \u00e9t\u00e9 confront\u00e9s \u00e0 un interrogatoire suppl\u00e9mentaire, \u00e0 d&#039;\u00e9ventuelles amendes et, dans le pire des cas, \u00e0 l&#039;expulsion. Au d\u00e9triment de la capacit\u00e9 de l&#039;entreprise qui les emploie \u00e0 servir ses propres clients, ces sous-traitants se sont \u00e9galement vu imposer une interdiction de voyager de deux ans dans la zone Schengen \u2013 ce qui affecte leur capacit\u00e9 individuelle continue \u00e0 voyager \u00e0 travers l&#039;Europe. Il est imp\u00e9ratif que les entreprises fassent preuve de prudence lorsqu\u2019elles envoient des employ\u00e9s britanniques \u00e0 travers l\u2019Europe sans avoir pr\u00e9alablement \u00e9valu\u00e9 pleinement leurs exigences en mati\u00e8re d\u2019immigration.<\/p>\n\n\n\n<p><strong>Que pouvons-nous apprendre de 2023 jusqu\u2019\u00e0 pr\u00e9sent ?<\/strong><\/p>\n\n\n\n<p>L\u2019ann\u00e9e 2023 a d\u00e9j\u00e0 d\u00e9montr\u00e9 que les risques li\u00e9s aux voyages et \u00e0 l\u2019immigration sont interd\u00e9pendants et cumulatifs, l\u2019impact de ces combinaisons d\u2019\u00e9v\u00e9nements mondiaux et de d\u00e9cisions politiques d\u00e9passant la somme de chaque partie. La gestion traditionnelle des risques a toujours bien fonctionn\u00e9 dans un monde globalis\u00e9 raisonnablement stable. Ce qui a radicalement chang\u00e9 au cours des trois derni\u00e8res ann\u00e9es, c\u2019est que le monde que nous connaissons aujourd\u2019hui n\u2019est plus divis\u00e9 de la m\u00eame mani\u00e8re. Le monde du voyage en 2023 doit faire face \u00e0 la r\u00e9ciprocit\u00e9 politique, aux conflits, aux crises \u00e9nerg\u00e9tiques, au renouveau post-pand\u00e9mique, aux limitations des droits des voyageurs et aux probl\u00e8mes de sant\u00e9 publique ; pour ne citer que quelques-unes des questions que les professionnels du risque explorent en d\u00e9tail.&nbsp;&nbsp;<\/p>\n\n\n\n<p>On peut affirmer que notre r\u00e9flexion en tant que gestionnaires de voyages, prestataires et strat\u00e8ges ne devrait pas rester \u00e9troitement cloisonn\u00e9e et r\u00e9actionnaire face \u00e0 des risques et \u00e0 des \u00e9v\u00e9nements de crise qui, \u00e0 premi\u00e8re vue, pourraient sembler lointains et sans lien. La r\u00e9flexion sur l\u2019immigration et le voyage pourrait d\u00e9sormais jouer un r\u00f4le essentiel dans la gestion et la r\u00e9ponse \u00e0 la nature complexe d\u2019un monde en constante \u00e9volution. La pand\u00e9mie a mis en lumi\u00e8re les risques li\u00e9s \u00e0 l\u2019immigration et aux voyages qui peuvent affecter les organisations et les individus effectuant des transactions commerciales et d\u00e9pla\u00e7ant des travailleurs \u00e9trangers dans le monde entier. Les fronti\u00e8res ont \u00e9t\u00e9 ferm\u00e9es, rouvertes et referm\u00e9es \u00e0 mesure que les transmissions de diverses souches du virus s\u2019installaient. En 2020, le monde du voyage d\u2019affaires s\u2019est presque compl\u00e8tement ferm\u00e9 et s\u2019est lentement reconstruit vers la nouvelle normalit\u00e9 dans laquelle nous nous trouvons aujourd\u2019hui en 2023.<\/p>\n\n\n\n<p>En 2023, on prend de plus en plus conscience que les gestionnaires de voyages proactifs peuvent et doivent prendre des mesures pour \u00e9viter les cons\u00e9quences les plus graves d\u2019une crise. Les programmes de voyage qui ont le mieux r\u00e9ussi lors de la fermeture rapide des fronti\u00e8res \u00e9taient ceux qui disposaient de donn\u00e9es pr\u00e9cises sur leurs voyageurs \u00e0 court, moyen et long terme, et \u00e9taient capables de d\u00e9placer rapidement leurs personnes d\u00e9plac\u00e9es \u00e0 travers le monde \u00e0 travers des r\u00e9gimes de quarantaine et des fronti\u00e8res divers et diff\u00e9rents. fermetures, pour op\u00e9rationnaliser la population le plus rapidement possible. La m\u00eame chose peut \u00eatre dite des entreprises qui ont r\u00e9agi \u00e0 temps et avec vigueur au Brexit, en relevant les d\u00e9fis de front et en trouvant de nouvelles voies pour rester en conformit\u00e9. Une r\u00e9ponse aux risques mondiaux\/r\u00e9gionaux\/pays a conduit \u00e0 une acceptation croissante de l&#039;att\u00e9nuation des risques et de la gestion des crises dans le cadre d&#039;un continuum de processus, qui s&#039;appuie sur la reconnaissance (a) que les risques ou les crises les plus probables sont g\u00e9n\u00e9ralement identifiables et (b) que les r\u00e9ponses programmatiques , en utilisant les donn\u00e9es pour identifier, anticiper et att\u00e9nuer la r\u00e9alit\u00e9 des risques la plus dure. L\u2019examen du premier semestre pourrait indiquer que les gestionnaires de voyages devraient prendre en compte la relation entre les diff\u00e9rents types de visa et les risques li\u00e9s \u00e0 l\u2019immigration afin de pouvoir r\u00e9ellement naviguer dans les complexit\u00e9s en constante \u00e9volution d\u2019un monde changeant et incertain. S&#039;associer \u00e0 des experts pour vous aider dans cette navigation sera d&#039;une grande aide, mais peut-\u00eatre qu&#039;un rafra\u00eechissement de l&#039;attitude pourrait \u00eatre encore mieux\u00a0; anticiper, relier et att\u00e9nuer les \u00e9v\u00e9nements \u00e0 mesure qu&#039;ils se d\u00e9roulent\u00a0; et pourrait \u00e9ventuellement changer la donne en ce qui concerne les risques persistants de notre paysage touristique en 2023.<\/p>","protected":false},"excerpt":{"rendered":"<p>Bilan 2023 Six mois apr\u00e8s le d\u00e9but de l&#039;ann\u00e9e, Craig Collins et Ray Rackham de CIBT se penchent sur les d\u00e9fis en mati\u00e8re de visas et d&#039;immigration dans un monde en transition continue. Risque li\u00e9 aux voyages\u00a0: des d\u00e9cennies en pr\u00e9paration Les risques et les crises ont affect\u00e9 le secteur du voyage et de l&#039;immigration bien avant Covid. En effet, l\u2019\u00e9pid\u00e9mie de SRAS en 2002\/2003 a eu un impact consid\u00e9rable\u2026<\/p>","protected":false},"author":14,"featured_media":0,"comment_status":"closed","ping_status":"closed","sticky":false,"template":"","format":"standard","meta":{"_acf_changed":false,"_seopress_robots_primary_cat":"none","_seopress_titles_title":"","_seopress_titles_desc":"","_seopress_robots_index":"","om_disable_all_campaigns":false,"_relevanssi_hide_post":"","_relevanssi_hide_content":"","_relevanssi_pin_for_all":"","_relevanssi_pin_keywords":"","_relevanssi_unpin_keywords":"","_relevanssi_related_keywords":"","_relevanssi_related_include_ids":"","_relevanssi_related_exclude_ids":"","_relevanssi_related_no_append":"","_relevanssi_related_not_related":"","_relevanssi_related_posts":"1,415,662,664,666,667","_relevanssi_noindex_reason":"","_kad_blocks_custom_css":"","_kad_blocks_head_custom_js":"","_kad_blocks_body_custom_js":"","_kad_blocks_footer_custom_js":"","_kad_post_transparent":"","_kad_post_title":"","_kad_post_layout":"","_kad_post_sidebar_id":"","_kad_post_content_style":"","_kad_post_vertical_padding":"","_kad_post_feature":"","_kad_post_feature_position":"","_kad_post_header":false,"_kad_post_footer":false,"footnotes":"","_links_to":"","_links_to_target":""},"categories":[297],"tags":[],"class_list":["post-11184","post","type-post","status-publish","format-standard","hentry","category-risk-committee"],"acf":[],"featured_image_src_large":false,"author_info":{"display_name":"","author_link":"https:\/\/gbta.org\/fr\/author\/"},"comment_info":"","category_info":[{"term_id":297,"name":"Risk Committee","slug":"risk-committee","term_group":0,"term_taxonomy_id":297,"taxonomy":"category","description":"","parent":0,"count":51,"filter":"raw","cat_ID":297,"category_count":51,"category_description":"","cat_name":"Risk Committee","category_nicename":"risk-committee","category_parent":0}],"tag_info":false,"taxonomy_info":{"category":[{"value":297,"label":"Risk Committee"}]},"featured_image_src":null,"featured_image_src_square":null,"mfb_rest_fields":["featured_image_src_large","author_info","comment_info","category_info","tag_info","taxonomy_info","featured_image_src","featured_image_src_square"],"_links":{"self":[{"href":"https:\/\/gbta.org\/fr\/wp-json\/wp\/v2\/posts\/11184","targetHints":{"allow":["GET"]}}],"collection":[{"href":"https:\/\/gbta.org\/fr\/wp-json\/wp\/v2\/posts"}],"about":[{"href":"https:\/\/gbta.org\/fr\/wp-json\/wp\/v2\/types\/post"}],"author":[{"embeddable":true,"href":"https:\/\/gbta.org\/fr\/wp-json\/wp\/v2\/users\/14"}],"replies":[{"embeddable":true,"href":"https:\/\/gbta.org\/fr\/wp-json\/wp\/v2\/comments?post=11184"}],"version-history":[{"count":0,"href":"https:\/\/gbta.org\/fr\/wp-json\/wp\/v2\/posts\/11184\/revisions"}],"wp:attachment":[{"href":"https:\/\/gbta.org\/fr\/wp-json\/wp\/v2\/media?parent=11184"}],"wp:term":[{"taxonomy":"category","embeddable":true,"href":"https:\/\/gbta.org\/fr\/wp-json\/wp\/v2\/categories?post=11184"},{"taxonomy":"post_tag","embeddable":true,"href":"https:\/\/gbta.org\/fr\/wp-json\/wp\/v2\/tags?post=11184"}],"curies":[{"name":"wp","href":"https:\/\/api.w.org\/{rel}","templated":true}]}}