{"id":1178,"date":"2022-07-20T09:44:53","date_gmt":"2022-07-20T13:44:53","guid":{"rendered":"https:\/\/gbta.org\/gbta-a-resource-in-times-of-uncertainty\/"},"modified":"2022-08-11T11:33:31","modified_gmt":"2022-08-11T15:33:31","slug":"gbta-a-resource-in-times-of-uncertainty","status":"publish","type":"post","link":"https:\/\/gbta.org\/fr\/gbta-a-resource-in-times-of-uncertainty\/","title":{"rendered":"GBTA\u00a0: une ressource en p\u00e9riode d&#039;incertitude"},"content":{"rendered":"<p>Lors de la convention du mois dernier, Catherine McGavock, vice-pr\u00e9sidente r\u00e9gionale de GBTA EMEA, nous a rejoints au studio GBTA pour parler du r\u00f4le de GBTA, en particulier en p\u00e9riode d&#039;incertitude. Elle a soulign\u00e9 le vaste r\u00e9seau de partenaires de la GBTA avec les principales associations nationales de la r\u00e9gion, offrant un niveau d&#039;acc\u00e8s unique aux march\u00e9s locaux des voyages d&#039;affaires et une compr\u00e9hension approfondie des probl\u00e8mes qui affectent l&#039;industrie.<\/p>\n<p>Le vote sur le Brexit en juin a ajout\u00e9 \u00e0 une \u00e9conomie mondiale d\u00e9j\u00e0 incertaine. De nombreuses entreprises cherchent \u00e0 resserrer les cordons de leur bourse dans ce type d&#039;environnement. Catherine a not\u00e9 que c&#039;est dans des moments comme ceux-ci, cependant, qu&#039;il est plus important que jamais pour les entreprises de mettre les voyageurs sur la route et de rechercher activement de nouvelles opportunit\u00e9s commerciales. GBTA peut \u00eatre une ressource pour aider les entreprises \u00e0 comprendre comment g\u00e9rer les d\u00e9penses et contr\u00f4ler efficacement leurs programmes.<\/p>\n<p>En savoir plus sur Catherine et en savoir plus sur le prochain <a href=\"http:\/\/europeconference.gbta.org\/\" target=\"_blank\" rel=\"noopener\">Conf\u00e9rence europ\u00e9enne<\/a> en partenariat avec VDR \u00e0 Francfort en novembre.<\/p>\n<p><iframe loading=\"lazy\" src=\"https:\/\/www.youtube.com\/embed\/eqxqQLENeNc\" width=\"560\" height=\"315\" frameborder=\"0\" allowfullscreen=\"allowfullscreen\"><\/iframe><\/p>","protected":false},"excerpt":{"rendered":"<p>Lors de la convention du mois dernier, Catherine McGavock, vice-pr\u00e9sidente r\u00e9gionale de GBTA EMEA, nous a rejoints au studio GBTA pour parler du r\u00f4le de GBTA, en particulier en p\u00e9riode d&#039;incertitude. Elle a soulign\u00e9 le vaste r\u00e9seau de partenaires de la GBTA avec les principales associations nationales de la r\u00e9gion, offrant un niveau d&#039;acc\u00e8s unique aux march\u00e9s locaux des voyages d&#039;affaires et\u2026<\/p>","protected":false},"author":25,"featured_media":1034,"comment_status":"open","ping_status":"open","sticky":false,"template":"","format":"standard","meta":{"_acf_changed":false,"_seopress_robots_primary_cat":"","_seopress_titles_title":"","_seopress_titles_desc":"","_seopress_robots_index":"","om_disable_all_campaigns":false,"_relevanssi_hide_post":"","_relevanssi_hide_content":"","_relevanssi_pin_for_all":"","_relevanssi_pin_keywords":"","_relevanssi_unpin_keywords":"","_relevanssi_related_keywords":"","_relevanssi_related_include_ids":"","_relevanssi_related_exclude_ids":"","_relevanssi_related_no_append":"","_relevanssi_related_not_related":"","_relevanssi_related_posts":"","_relevanssi_noindex_reason":"","_kad_blocks_custom_css":"","_kad_blocks_head_custom_js":"","_kad_blocks_body_custom_js":"","_kad_blocks_footer_custom_js":"","_kad_post_transparent":"","_kad_post_title":"","_kad_post_layout":"","_kad_post_sidebar_id":"","_kad_post_content_style":"","_kad_post_vertical_padding":"","_kad_post_feature":"","_kad_post_feature_position":"","_kad_post_header":false,"_kad_post_footer":false,"footnotes":"","_links_to":"","_links_to_target":""},"categories":[37],"tags":[726,48,421,181,148,49,508,345],"class_list":["post-1178","post","type-post","status-publish","format-standard","has-post-thumbnail","hentry","category-research-and-travel-trends","tag-brexit","tag-business-travel","tag-conference","tag-convention","tag-europe","tag-gbta","tag-managed-travel","tag-travel-management"],"acf":[],"featured_image_src_large":["https:\/\/gbta.org\/wp-content\/uploads\/BusinessPeopleTravel_Graphic-1024x512.jpg",1024,512,true],"author_info":{"display_name":"jcampbell","author_link":"https:\/\/gbta.org\/fr\/author\/jcampbell\/"},"comment_info":"","category_info":[{"term_id":37,"name":"Research and Travel Trends","slug":"research-and-travel-trends","term_group":0,"term_taxonomy_id":37,"taxonomy":"category","description":"","parent":0,"count":966,"filter":"raw","cat_ID":37,"category_count":966,"category_description":"","cat_name":"Research and Travel Trends","category_nicename":"research-and-travel-trends","category_parent":0}],"tag_info":[{"term_id":726,"name":"brexit","slug":"brexit","term_group":0,"term_taxonomy_id":726,"taxonomy":"post_tag","description":"","parent":0,"count":18,"filter":"raw"},{"term_id":48,"name":"business travel","slug":"business-travel","term_group":0,"term_taxonomy_id":48,"taxonomy":"post_tag","description":"","parent":0,"count":416,"filter":"raw"},{"term_id":421,"name":"conference","slug":"conference","term_group":0,"term_taxonomy_id":421,"taxonomy":"post_tag","description":"","parent":0,"count":17,"filter":"raw"},{"term_id":181,"name":"Convention","slug":"convention","term_group":0,"term_taxonomy_id":181,"taxonomy":"post_tag","description":"","parent":0,"count":61,"filter":"raw"},{"term_id":148,"name":"Europe","slug":"europe","term_group":0,"term_taxonomy_id":148,"taxonomy":"post_tag","description":"","parent":0,"count":32,"filter":"raw"},{"term_id":49,"name":"GBTA","slug":"gbta","term_group":0,"term_taxonomy_id":49,"taxonomy":"post_tag","description":"","parent":0,"count":260,"filter":"raw"},{"term_id":508,"name":"managed travel","slug":"managed-travel","term_group":0,"term_taxonomy_id":508,"taxonomy":"post_tag","description":"","parent":0,"count":16,"filter":"raw"},{"term_id":345,"name":"travel management","slug":"travel-management","term_group":0,"term_taxonomy_id":345,"taxonomy":"post_tag","description":"","parent":0,"count":19,"filter":"raw"}],"taxonomy_info":{"category":[{"value":37,"label":"Research and Travel Trends"}],"post_tag":[{"value":726,"label":"brexit"},{"value":48,"label":"business travel"},{"value":421,"label":"conference"},{"value":181,"label":"Convention"},{"value":148,"label":"Europe"},{"value":49,"label":"GBTA"},{"value":508,"label":"managed travel"},{"value":345,"label":"travel management"}]},"featured_image_src":"https:\/\/gbta.org\/wp-content\/uploads\/BusinessPeopleTravel_Graphic.jpg","featured_image_src_square":"https:\/\/gbta.org\/wp-content\/uploads\/BusinessPeopleTravel_Graphic.jpg","mfb_rest_fields":["featured_image_src_large","author_info","comment_info","category_info","tag_info","taxonomy_info","featured_image_src","featured_image_src_square"],"_links":{"self":[{"href":"https:\/\/gbta.org\/fr\/wp-json\/wp\/v2\/posts\/1178","targetHints":{"allow":["GET"]}}],"collection":[{"href":"https:\/\/gbta.org\/fr\/wp-json\/wp\/v2\/posts"}],"about":[{"href":"https:\/\/gbta.org\/fr\/wp-json\/wp\/v2\/types\/post"}],"author":[{"embeddable":true,"href":"https:\/\/gbta.org\/fr\/wp-json\/wp\/v2\/users\/25"}],"replies":[{"embeddable":true,"href":"https:\/\/gbta.org\/fr\/wp-json\/wp\/v2\/comments?post=1178"}],"version-history":[{"count":0,"href":"https:\/\/gbta.org\/fr\/wp-json\/wp\/v2\/posts\/1178\/revisions"}],"wp:featuredmedia":[{"embeddable":true,"href":"https:\/\/gbta.org\/fr\/wp-json\/wp\/v2\/media\/1034"}],"wp:attachment":[{"href":"https:\/\/gbta.org\/fr\/wp-json\/wp\/v2\/media?parent=1178"}],"wp:term":[{"taxonomy":"category","embeddable":true,"href":"https:\/\/gbta.org\/fr\/wp-json\/wp\/v2\/categories?post=1178"},{"taxonomy":"post_tag","embeddable":true,"href":"https:\/\/gbta.org\/fr\/wp-json\/wp\/v2\/tags?post=1178"}],"curies":[{"name":"wp","href":"https:\/\/api.w.org\/{rel}","templated":true}]}}