{"id":12063,"date":"2023-05-26T05:26:00","date_gmt":"2023-05-26T09:26:00","guid":{"rendered":"https:\/\/gbta.org\/?p=12063"},"modified":"2023-08-03T05:30:57","modified_gmt":"2023-08-03T09:30:57","slug":"i-benefici-delle-politiche-di-dei-per-le-aziende-the-benefits-of-dei-policies-for-companies","status":"publish","type":"post","link":"https:\/\/gbta.org\/fr\/i-benefici-delle-politiche-di-dei-per-le-aziende-the-benefits-of-dei-policies-for-companies\/","title":{"rendered":"I benefici delle politiche di DEI per le aziende \u2013 Les avantages des politiques DEI pour les entreprises"},"content":{"rendered":"<iframe loading=\"lazy\" title=\"Lecteur Libsyn\" style=\"border: none\" src=\"\/\/html5-player.libsyn.com\/embed\/episode\/id\/26927862\/height\/90\/theme\/custom\/thumbnail\/no\/direction\/backward\/render-playlist\/no\/custom-color\/6377a0\/\" height=\"90\" width=\"100%\" scrolling=\"no\"  allowfullscreen webkitallowfullscreen mozallowfullscreen oallowfullscreen msallowfullscreen><\/iframe>\n\n\n\n<p>Avec la contribution de Stefano Ferri, journaliste, \u00e9crivain, conseiller en communication et activiste des dirigeants civils, dans ce podcast GBTA du Parlement sur la diversit\u00e9, l&#039;\u00e9galit\u00e9 et l&#039;inclusion. Pourquoi est-ce la politique du DEI ? Comment l&#039;aziende stanno progresse-t-il dans tout le sens ? Comment r\u00e9ussir la cha\u00eene de valeur du voyage d&#039;affaires\u00a0? Je vous renvoie au point sur le podcast.\u00a0\u00a0<\/p>\n\n\n\n<p>Avec la contribution de Stefano Ferri, journaliste, \u00e9crivain, consultant en communication et militant des droits civiques, dans ce podcast GBTA, nous parlons de diversit\u00e9, d&#039;\u00e9galit\u00e9 et d&#039;inclusion. A quel stade en sont les politiques DEI ? Comment les entreprises progressent-elles \u00e0 cet \u00e9gard ? Que se passe-t-il dans la cha\u00eene de valeur des voyages d\u2019affaires ? Partageons les derni\u00e8res mises \u00e0 jour dans le podcast.&nbsp;<\/p>\n\n\n\n<p>Le morceau musical est Space Jazz de Kevin MacLeod (incompetech.com)<br>Sous licence Creative Commons\u00a0:\u00a0par licence Attribution 3.0<br>http:\/\/creativecommons.org\/licenses\/by\/3.0\/<\/p>","protected":false},"excerpt":{"rendered":"<p>Avec la contribution de Stefano Ferri, journaliste, \u00e9crivain, conseiller en communication et activiste des dirigeants civils, dans ce podcast GBTA du Parlement sur la diversit\u00e9, l&#039;\u00e9galit\u00e9 et l&#039;inclusion. Pourquoi est-ce la politique du DEI ? Comment l&#039;aziende stanno progresse-t-il dans tout le sens ? Comment r\u00e9ussir la cha\u00eene de valeur du voyage d&#039;affaires\u00a0? Facciamo il point nel\u2026<\/p>","protected":false},"author":22,"featured_media":0,"comment_status":"closed","ping_status":"closed","sticky":false,"template":"","format":"standard","meta":{"_acf_changed":false,"_seopress_robots_primary_cat":"none","_seopress_titles_title":"","_seopress_titles_desc":"","_seopress_robots_index":"","om_disable_all_campaigns":false,"_relevanssi_hide_post":"","_relevanssi_hide_content":"","_relevanssi_pin_for_all":"","_relevanssi_pin_keywords":"","_relevanssi_unpin_keywords":"","_relevanssi_related_keywords":"","_relevanssi_related_include_ids":"","_relevanssi_related_exclude_ids":"","_relevanssi_related_no_append":"","_relevanssi_related_not_related":"","_relevanssi_related_posts":"1,415,661,662,664,666","_relevanssi_noindex_reason":"","_kad_blocks_custom_css":"","_kad_blocks_head_custom_js":"","_kad_blocks_body_custom_js":"","_kad_blocks_footer_custom_js":"","_kad_post_transparent":"","_kad_post_title":"","_kad_post_layout":"","_kad_post_sidebar_id":"","_kad_post_content_style":"","_kad_post_vertical_padding":"","_kad_post_feature":"","_kad_post_feature_position":"","_kad_post_header":false,"_kad_post_footer":false,"footnotes":"","_links_to":"","_links_to_target":""},"categories":[1287],"tags":[],"class_list":["post-12063","post","type-post","status-publish","format-standard","hentry","category-podcast"],"acf":[],"featured_image_src_large":false,"author_info":{"display_name":"","author_link":"https:\/\/gbta.org\/fr\/author\/"},"comment_info":"","category_info":[{"term_id":1287,"name":"Podcast","slug":"podcast","term_group":0,"term_taxonomy_id":1287,"taxonomy":"category","description":"","parent":0,"count":99,"filter":"raw","cat_ID":1287,"category_count":99,"category_description":"","cat_name":"Podcast","category_nicename":"podcast","category_parent":0}],"tag_info":false,"taxonomy_info":{"category":[{"value":1287,"label":"Podcast"}]},"featured_image_src":null,"featured_image_src_square":null,"mfb_rest_fields":["featured_image_src_large","author_info","comment_info","category_info","tag_info","taxonomy_info","featured_image_src","featured_image_src_square"],"_links":{"self":[{"href":"https:\/\/gbta.org\/fr\/wp-json\/wp\/v2\/posts\/12063","targetHints":{"allow":["GET"]}}],"collection":[{"href":"https:\/\/gbta.org\/fr\/wp-json\/wp\/v2\/posts"}],"about":[{"href":"https:\/\/gbta.org\/fr\/wp-json\/wp\/v2\/types\/post"}],"author":[{"embeddable":true,"href":"https:\/\/gbta.org\/fr\/wp-json\/wp\/v2\/users\/22"}],"replies":[{"embeddable":true,"href":"https:\/\/gbta.org\/fr\/wp-json\/wp\/v2\/comments?post=12063"}],"version-history":[{"count":0,"href":"https:\/\/gbta.org\/fr\/wp-json\/wp\/v2\/posts\/12063\/revisions"}],"wp:attachment":[{"href":"https:\/\/gbta.org\/fr\/wp-json\/wp\/v2\/media?parent=12063"}],"wp:term":[{"taxonomy":"category","embeddable":true,"href":"https:\/\/gbta.org\/fr\/wp-json\/wp\/v2\/categories?post=12063"},{"taxonomy":"post_tag","embeddable":true,"href":"https:\/\/gbta.org\/fr\/wp-json\/wp\/v2\/tags?post=12063"}],"curies":[{"name":"wp","href":"https:\/\/api.w.org\/{rel}","templated":true}]}}