{"id":12569,"date":"2023-09-05T09:45:00","date_gmt":"2023-09-05T13:45:00","guid":{"rendered":"https:\/\/gbta.org\/?p=12569"},"modified":"2023-09-05T10:19:21","modified_gmt":"2023-09-05T14:19:21","slug":"gbta-strengthens-advisory-board-in-latin-america-with-appointment-of-new-regional-board-members","status":"publish","type":"post","link":"https:\/\/gbta.org\/fr\/gbta-strengthens-advisory-board-in-latin-america-with-appointment-of-new-regional-board-members\/","title":{"rendered":"La GBTA renforce son conseil consultatif en Am\u00e9rique latine avec la nomination de nouveaux membres du conseil r\u00e9gional\u00a0"},"content":{"rendered":"<p>L&#039;Association mondiale des voyages d&#039;affaires (<a rel=\"noreferrer noopener\" href=\"http:\/\/www.gtba.org\/\" target=\"_blank\">GBTA<\/a>), la premi\u00e8re association professionnelle mondiale au service de l&#039;industrie du voyage d&#039;affaires, a renforc\u00e9 sa pr\u00e9sence en Am\u00e9rique latine, en annon\u00e7ant plusieurs nouvelles nominations au sein de son conseil consultatif LATAM pour le mandat 2023-2025. \u00a0<br>\u00a0<br>Les nouvelles nominations au conseil d&#039;administration s&#039;inscrivent dans la continuit\u00e9 du parcours, des efforts et des r\u00e9sultats du premier conseil consultatif de la r\u00e9gion compos\u00e9 de professionnels b\u00e9n\u00e9voles en poste de 2021 \u00e0 2023, qui ont contribu\u00e9 au succ\u00e8s de deux conf\u00e9rences r\u00e9gionales, de journ\u00e9es de formation, de multiples webinaires d&#039;apprentissage et de forums sur les voyages d&#039;affaires organis\u00e9s. au Br\u00e9sil, au Mexique et en Argentine.\u00a0<br>\u00a0<br>\u00ab Les b\u00e9n\u00e9voles sont essentiels au succ\u00e8s de GBTA et avec ce conseil consultatif de LATAM r\u00e9cemment nomm\u00e9, nous continuerons \u00e0 servir aux c\u00f4t\u00e9s des professionnels cl\u00e9s travaillant dans l&#039;industrie locale des voyages d&#039;affaires pour r\u00e9pondre et soutenir les besoins sp\u00e9cifiques de la r\u00e9gion. Le Conseil consultatif de LATAM fait partie de l&#039;objectif de la GBTA de r\u00e9pondre aux n\u00e9cessit\u00e9s et aux d\u00e9fis sp\u00e9cifiques \u00e0 l&#039;Am\u00e9rique latine et de continuer \u00e0 connecter les utilisations locales aux perspectives mondiales \u00bb, a d\u00e9clar\u00e9 Candela Fern\u00e1ndez Wyngaard, directrice r\u00e9gionale de la GBTA Am\u00e9rique latine.\u00a0<br>\u00a0<br><strong>Nouveaux membres du conseil consultatif de la GBTA pour l\u2019Am\u00e9rique latine pour 2023-2025\u00a0:<\/strong>\u00a0<br><br>Pr\u00e9sident du conseil consultatif\u00a0: <strong>Felipe Cardona<\/strong>, responsable des op\u00e9rations de voyages, Am\u00e9riques \u2013 Novartis\u00a0<br><br>Membres directs :\u00a0\u00a0<br><br>&#8211; <strong>Nancy Goycochea<\/strong>, responsable r\u00e9gional des voyages, Unilever\u00a0<br>&#8211; <strong>Nancy Cabezas<\/strong>, Partner Experience Manager PACA &amp; M\u00e9xico \u2013 Gestion des voyages et frais de d\u00e9placement, Bayer\u00a0<br>&#8211; <strong>Gabriela Salles Oliveira<\/strong>, Directeur \u2013 D\u00e9partement Voyages Monde, BTG Pactual\u00a0<br>&#8211; <strong>Conrado Sainz<\/strong>, responsable mondial des voyages d&#039;affaires, Exiros \u2013 Techint Group\u00a0<br><br>Membres alli\u00e9s\u00a0:\u00a0<br><br>&#8211; <strong>Monica Crawfurd<\/strong>, directeur g\u00e9n\u00e9ral des ventes Cara\u00efbes et Am\u00e9rique latine, Hilton\u00a0<br>&#8211; <strong>Diane Olivares<\/strong>, directeur g\u00e9n\u00e9ral, Mexique, LATAM Airlines\u00a0<br>&#8211; <strong>Denis Tassitano<\/strong>, vice-pr\u00e9sident, responsable de Concur, Am\u00e9rique latine et Cara\u00efbes, SAP Concur\u00a0<br>&#8211; <strong>Felipe Mesquita<\/strong>, responsable de l&#039;expansion, Copastur\u00a0<br><br>&quot;Gr\u00e2ce \u00e0 une repr\u00e9sentation \u00e9quilibr\u00e9e des communaut\u00e9s de fournisseurs et d&#039;acheteurs, nous pouvons garantir que nous fournissons un contenu, des activit\u00e9s et des opportunit\u00e9s de r\u00e9seautage de haute qualit\u00e9 dont nos membres ont besoin, d&#039;autant plus que l&#039;industrie continue d&#039;\u00e9voluer et de cro\u00eetre&quot;, a ajout\u00e9 Wyngaard.\u00a0<br>\u00a0<br>Les conseils consultatifs de la GBTA sont dirig\u00e9s par des membres b\u00e9n\u00e9voles, s\u00e9lectionn\u00e9s pour leur expertise et leur connaissance de l&#039;industrie. Le r\u00f4le du Conseil consultatif est d&#039;aider \u00e0 fa\u00e7onner et \u00e0 guider la strat\u00e9gie de la GBTA Am\u00e9rique latine, en travaillant en \u00e9troite collaboration avec l&#039;\u00e9quipe de direction de la GBTA.\u00a0<br>\u00a0<br><em><a rel=\"noreferrer noopener\" href=\"https:\/\/gbta.org\/fr\/regions\/latin-america\/\" target=\"_blank\">Cliquez ici<\/a> pour plus d\u2019informations sur l\u2019adh\u00e9sion, les \u00e9v\u00e9nements et les programmes de la GBTA en Am\u00e9rique latine.\u00a0<\/em><\/p>\n\n\n\n<ul class=\"wp-block-list\">\n<li><\/li>\n<\/ul>","protected":false},"excerpt":{"rendered":"<p>La Global Business Travel Association (GBTA), la premi\u00e8re association professionnelle mondiale au service de l&#039;industrie du voyage d&#039;affaires, a renforc\u00e9 sa pr\u00e9sence en Am\u00e9rique latine, en annon\u00e7ant plusieurs nouvelles nominations \u00e0 son conseil consultatif LATAM pour le mandat 2023-2025. Les nouvelles nominations au Conseil s&#039;inscrivent dans la continuit\u00e9 du parcours, des efforts et des r\u00e9sultats r\u00e9alis\u00e9s par le premier Conseil Consultatif de la r\u00e9gion\u2026<\/p>","protected":false},"author":29,"featured_media":0,"comment_status":"closed","ping_status":"closed","sticky":false,"template":"","format":"standard","meta":{"_acf_changed":false,"_seopress_robots_primary_cat":"none","_seopress_titles_title":"","_seopress_titles_desc":"","_seopress_robots_index":"","om_disable_all_campaigns":false,"_relevanssi_hide_post":"","_relevanssi_hide_content":"","_relevanssi_pin_for_all":"","_relevanssi_pin_keywords":"","_relevanssi_unpin_keywords":"","_relevanssi_related_keywords":"","_relevanssi_related_include_ids":"","_relevanssi_related_exclude_ids":"","_relevanssi_related_no_append":"","_relevanssi_related_not_related":"","_relevanssi_related_posts":"1,415,662,664,666,667","_relevanssi_noindex_reason":"","_kad_blocks_custom_css":"","_kad_blocks_head_custom_js":"","_kad_blocks_body_custom_js":"","_kad_blocks_footer_custom_js":"","_kad_post_transparent":"","_kad_post_title":"","_kad_post_layout":"","_kad_post_sidebar_id":"","_kad_post_content_style":"","_kad_post_vertical_padding":"","_kad_post_feature":"","_kad_post_feature_position":"","_kad_post_header":false,"_kad_post_footer":false,"footnotes":"","_links_to":"","_links_to_target":""},"categories":[106,45],"tags":[],"class_list":["post-12569","post","type-post","status-publish","format-standard","hentry","category-latin-america","category-news-and-press-releases"],"acf":[],"featured_image_src_large":false,"author_info":{"display_name":"","author_link":"https:\/\/gbta.org\/fr\/author\/"},"comment_info":"","category_info":[{"term_id":106,"name":"Latin America","slug":"latin-america","term_group":0,"term_taxonomy_id":106,"taxonomy":"category","description":"","parent":0,"count":54,"filter":"raw","cat_ID":106,"category_count":54,"category_description":"","cat_name":"Latin America","category_nicename":"latin-america","category_parent":0},{"term_id":45,"name":"News and Press Releases","slug":"news-and-press-releases","term_group":0,"term_taxonomy_id":45,"taxonomy":"category","description":"","parent":0,"count":540,"filter":"raw","cat_ID":45,"category_count":540,"category_description":"","cat_name":"News and Press Releases","category_nicename":"news-and-press-releases","category_parent":0}],"tag_info":false,"taxonomy_info":{"category":[{"value":106,"label":"Latin America"},{"value":45,"label":"News and Press Releases"}]},"featured_image_src":null,"featured_image_src_square":null,"mfb_rest_fields":["featured_image_src_large","author_info","comment_info","category_info","tag_info","taxonomy_info","featured_image_src","featured_image_src_square"],"_links":{"self":[{"href":"https:\/\/gbta.org\/fr\/wp-json\/wp\/v2\/posts\/12569","targetHints":{"allow":["GET"]}}],"collection":[{"href":"https:\/\/gbta.org\/fr\/wp-json\/wp\/v2\/posts"}],"about":[{"href":"https:\/\/gbta.org\/fr\/wp-json\/wp\/v2\/types\/post"}],"author":[{"embeddable":true,"href":"https:\/\/gbta.org\/fr\/wp-json\/wp\/v2\/users\/29"}],"replies":[{"embeddable":true,"href":"https:\/\/gbta.org\/fr\/wp-json\/wp\/v2\/comments?post=12569"}],"version-history":[{"count":0,"href":"https:\/\/gbta.org\/fr\/wp-json\/wp\/v2\/posts\/12569\/revisions"}],"wp:attachment":[{"href":"https:\/\/gbta.org\/fr\/wp-json\/wp\/v2\/media?parent=12569"}],"wp:term":[{"taxonomy":"category","embeddable":true,"href":"https:\/\/gbta.org\/fr\/wp-json\/wp\/v2\/categories?post=12569"},{"taxonomy":"post_tag","embeddable":true,"href":"https:\/\/gbta.org\/fr\/wp-json\/wp\/v2\/tags?post=12569"}],"curies":[{"name":"wp","href":"https:\/\/api.w.org\/{rel}","templated":true}]}}