{"id":12609,"date":"2023-09-06T00:33:13","date_gmt":"2023-09-06T04:33:13","guid":{"rendered":"https:\/\/gbta.org\/?p=12609"},"modified":"2023-12-01T16:52:49","modified_gmt":"2023-12-01T21:52:49","slug":"gbta-fortalece-su-consejo-asesor-en-america-latina-con-el-nombramiento-de-nuevos-miembros-del-consejo-regional","status":"publish","type":"post","link":"https:\/\/gbta.org\/fr\/gbta-fortalece-su-consejo-asesor-en-america-latina-con-el-nombramiento-de-nuevos-miembros-del-consejo-regional\/","title":{"rendered":"GBTA Fortalece su Consejo Asesor en Am\u00e9rica Latina con el Nombramiento de Nuevos Miembros del Consejo Regional"},"content":{"rendered":"<p>La Global Business Travel Association (GBTA), la principale association commerciale du monde qui fournit des services \u00e0 l&#039;industrie des voyages d&#039;affaires, a renforc\u00e9 sa pr\u00e9sence en Am\u00e9rique Latine et a annonc\u00e9 plusieurs nouveaux noms pour son Conseil des Asesor LATAM pour la place de 2023-2025.<\/p>\n\n\n\n<p>Les nouveaux noms de la Junta maintiennent la continuit\u00e9 du chemin, les efforts et les r\u00e9sultats r\u00e9alis\u00e9s par la Junta Asesora de professionnels volontaires de la r\u00e9gion qui prestaron services de 2021 \u00e0 2023 et qui aident \u00e0 diriger l&#039;issue des conf\u00e9rences r\u00e9gionales, journ\u00e9es \u00e9ducatives , plusieurs s\u00e9minaires Web d&#039;apprentissage et forums de voyages d&#039;affaires c\u00e9l\u00e9br\u00e9s au Br\u00e9sil, au Mexique et en Argentine.<\/p>\n\n\n\n<p>\u00ab Les volontaires sont essentiels pour l&#039;\u00e9xito de la GBTA et avec ce conseiller-conseil pour l&#039;Am\u00e9rique latine r\u00e9cemment nomm\u00e9, nous continuons \u00e0 travailler avec des professionnels qui travaillent dans l&#039;industrie du voyage de commerce local pour aborder et r\u00e9pondre aux besoins sp\u00e9cifiques de la r\u00e9gion. Le Conseil des Asesor de LATAM fait partie de l&#039;objectif de la GBTA d&#039;aborder les n\u00e9cessit\u00e9s et les d\u00e9fis pertinents sp\u00e9cifiquement pour l&#039;Am\u00e9rique Latine et de continuer \u00e0 connecter les utilisateurs locaux avec des perspectives globales \u00bb, a d\u00e9clar\u00e9 Candela Fern\u00e1ndez Wyngaard, directrice r\u00e9gionale de la GBTA Am\u00e9rique Latine.<\/p>\n\n\n\n<p><strong>Nouveaux membres du Consejo Asesor de GBTA Latinoam\u00e9rica pour 2023-2025\u00a0:<\/strong><\/p>\n\n\n\n<ul class=\"wp-block-list\">\n<li>Pr\u00e9sident du conseil consultatif\u00a0: <strong>Felipe Cardona<\/strong>, responsable des op\u00e9rations de voyages, Am\u00e9riques \u2013 Novartis<\/li>\n<\/ul>\n\n\n\n<p><strong>Directeurs de Miembros<\/strong><\/p>\n\n\n\n<ul class=\"wp-block-list\">\n<li><strong>Nancy Goycochea<\/strong>, responsable r\u00e9gional des voyages, Unilever<\/li>\n\n\n\n<li><strong>Nancy Cabezas<\/strong>, Partner Experience Manager PACA &amp; M\u00e9xico \u2013 Gestion des voyages et frais de d\u00e9placement, Bayer<\/li>\n\n\n\n<li><strong>Gabriela Salles Oliveira<\/strong>, Directeur \u2013 D\u00e9partement Voyages Monde, BTG Pactual<\/li>\n\n\n\n<li><strong>Conrado Sainz<\/strong>, Coordinateur mondial des voyages d&#039;affaires, Exiros \u2013 Techint Group<\/li>\n<\/ul>\n\n\n\n<p><strong>Miembros aliados<\/strong><\/p>\n\n\n\n<ul class=\"wp-block-list\">\n<li><strong>Monica Crawfurd<\/strong>, directeur g\u00e9n\u00e9ral des ventes Cara\u00efbes et Am\u00e9rique latine, Hilton<\/li>\n\n\n\n<li><strong>Diane Olivares<\/strong>, directeur g\u00e9n\u00e9ral, Mexique, LATAM Airlines<\/li>\n\n\n\n<li><strong>Denis Tassitano<\/strong>, vice-pr\u00e9sident, responsable de Concur, Am\u00e9rique latine et Cara\u00efbes, SAP Concur<\/li>\n\n\n\n<li><strong>Felipe Mesquita<\/strong>, responsable de l&#039;expansion, Copastur<\/li>\n<\/ul>\n\n\n\n<p>&quot;Avec une repr\u00e9sentation \u00e9quilibr\u00e9e des communaut\u00e9s de fournisseurs et d&#039;acheteurs, nous pouvons assurer la s\u00e9curit\u00e9 du contenu, des activit\u00e9s et des opportunit\u00e9s de r\u00e9seautage de haute qualit\u00e9 dont nos membres ont besoin, en particulier au milieu o\u00f9 l&#039;industrie continue d&#039;\u00e9voluer et de cro\u00eetre&quot;, a ajout\u00e9 Wyngaard.<\/p>\n\n\n\n<p>Les conseillers des conseillers de la GBTA sont dirig\u00e9s par des membres volontaires, s\u00e9lectionn\u00e9s en fonction de leur exp\u00e9rience et de leur connaissance de l&#039;industrie. Le bureau du Consejo Asesor est en train de contribuer \u00e0 la formation et \u00e0 la gestion de la strat\u00e9gie de GBTA Am\u00e9rique Latine, en travaillant en collaboration avec l&#039;\u00e9quipe dirigeante de GBTA.<\/p>\n\n\n\n<p><a href=\"https:\/\/gbta.org\/fr\/regions\/latin-america\/\">Cliquez ici<\/a> pour obtenir plus d&#039;informations sur les membres, les \u00e9v\u00e9nements et les programmes de GBTA en Am\u00e9rique Latine.<\/p>\n\n\n\n<p><strong>\u00c0 propos de la Global Business Travel Association<\/strong><br>La Global Business Travel Association (GBTA) est la principale organisation commerciale de voyages d&#039;affaires et de r\u00e9unions du monde avec son si\u00e8ge dans la r\u00e9gion de Washington, DC et qui offre des services aux parties int\u00e9ress\u00e9es sur ses continents. GBTA et plus de 8 000 membres repr\u00e9sentent et quittent l&#039;industrie mondiale des voyages et des r\u00e9unions d&#039;affaires valoris\u00e9es \u00e0 1 357 milliards de dollars. GBTA et la Fondation GBTA proposent des activit\u00e9s d&#039;\u00e9ducation, d&#039;\u00e9v\u00e9nements, d&#039;investigation, de promotion et de premier niveau \u00e0 un r\u00e9seau mondial avec l&#039;augmentation de plus de 28 000 professionnels de voyages et 125 000 contacts actifs. Pour obtenir plus d\u2019informations, visitez GBTA.org et GBTAFoundation.org.<\/p>","protected":false},"excerpt":{"rendered":"<p>La Global Business Travel Association (GBTA), la principale association commerciale du monde qui fournit des services \u00e0 l&#039;industrie des voyages d&#039;affaires, a renforc\u00e9 sa pr\u00e9sence en Am\u00e9rique Latine et a annonc\u00e9 plusieurs nouveaux noms pour son Conseil des Asesor LATAM pour la place de 2023-2025. Les nouveaux nombramientos de la Junta suivent la continuit\u00e9 du chemin,\u2026<\/p>","protected":false},"author":14,"featured_media":0,"comment_status":"closed","ping_status":"closed","sticky":false,"template":"","format":"standard","meta":{"_acf_changed":false,"_seopress_robots_primary_cat":"none","_seopress_titles_title":"","_seopress_titles_desc":"","_seopress_robots_index":"","om_disable_all_campaigns":false,"_relevanssi_hide_post":"","_relevanssi_hide_content":"","_relevanssi_pin_for_all":"","_relevanssi_pin_keywords":"","_relevanssi_unpin_keywords":"","_relevanssi_related_keywords":"","_relevanssi_related_include_ids":"","_relevanssi_related_exclude_ids":"","_relevanssi_related_no_append":"","_relevanssi_related_not_related":"","_relevanssi_related_posts":"1,415,662,664,666,667","_relevanssi_noindex_reason":"","_kad_blocks_custom_css":"","_kad_blocks_head_custom_js":"","_kad_blocks_body_custom_js":"","_kad_blocks_footer_custom_js":"","_kad_post_transparent":"","_kad_post_title":"","_kad_post_layout":"","_kad_post_sidebar_id":"","_kad_post_content_style":"","_kad_post_vertical_padding":"","_kad_post_feature":"","_kad_post_feature_position":"","_kad_post_header":false,"_kad_post_footer":false,"footnotes":"","_links_to":"","_links_to_target":""},"categories":[106,45],"tags":[],"class_list":["post-12609","post","type-post","status-publish","format-standard","hentry","category-latin-america","category-news-and-press-releases"],"acf":[],"featured_image_src_large":false,"author_info":{"display_name":"","author_link":"https:\/\/gbta.org\/fr\/author\/"},"comment_info":"","category_info":[{"term_id":106,"name":"Latin America","slug":"latin-america","term_group":0,"term_taxonomy_id":106,"taxonomy":"category","description":"","parent":0,"count":54,"filter":"raw","cat_ID":106,"category_count":54,"category_description":"","cat_name":"Latin America","category_nicename":"latin-america","category_parent":0},{"term_id":45,"name":"News and Press Releases","slug":"news-and-press-releases","term_group":0,"term_taxonomy_id":45,"taxonomy":"category","description":"","parent":0,"count":540,"filter":"raw","cat_ID":45,"category_count":540,"category_description":"","cat_name":"News and Press Releases","category_nicename":"news-and-press-releases","category_parent":0}],"tag_info":false,"taxonomy_info":{"category":[{"value":106,"label":"Latin America"},{"value":45,"label":"News and Press Releases"}]},"featured_image_src":null,"featured_image_src_square":null,"mfb_rest_fields":["featured_image_src_large","author_info","comment_info","category_info","tag_info","taxonomy_info","featured_image_src","featured_image_src_square"],"_links":{"self":[{"href":"https:\/\/gbta.org\/fr\/wp-json\/wp\/v2\/posts\/12609","targetHints":{"allow":["GET"]}}],"collection":[{"href":"https:\/\/gbta.org\/fr\/wp-json\/wp\/v2\/posts"}],"about":[{"href":"https:\/\/gbta.org\/fr\/wp-json\/wp\/v2\/types\/post"}],"author":[{"embeddable":true,"href":"https:\/\/gbta.org\/fr\/wp-json\/wp\/v2\/users\/14"}],"replies":[{"embeddable":true,"href":"https:\/\/gbta.org\/fr\/wp-json\/wp\/v2\/comments?post=12609"}],"version-history":[{"count":0,"href":"https:\/\/gbta.org\/fr\/wp-json\/wp\/v2\/posts\/12609\/revisions"}],"wp:attachment":[{"href":"https:\/\/gbta.org\/fr\/wp-json\/wp\/v2\/media?parent=12609"}],"wp:term":[{"taxonomy":"category","embeddable":true,"href":"https:\/\/gbta.org\/fr\/wp-json\/wp\/v2\/categories?post=12609"},{"taxonomy":"post_tag","embeddable":true,"href":"https:\/\/gbta.org\/fr\/wp-json\/wp\/v2\/tags?post=12609"}],"curies":[{"name":"wp","href":"https:\/\/api.w.org\/{rel}","templated":true}]}}