{"id":1274,"date":"2022-07-20T09:48:24","date_gmt":"2022-07-20T13:48:24","guid":{"rendered":"https:\/\/gbta.org\/re-engineering-the-car-rental-process\/"},"modified":"2022-08-11T11:33:37","modified_gmt":"2022-08-11T15:33:37","slug":"re-engineering-the-car-rental-process","status":"publish","type":"post","link":"https:\/\/gbta.org\/fr\/re-engineering-the-car-rental-process\/","title":{"rendered":"Repenser le processus de location de voitures"},"content":{"rendered":"<p>La semaine derni\u00e8re <a href=\"http:\/\/www.autorentalnews.com\/channel\/rental-operations\/news\/story\/2016\/10\/updated-avis-app-hits-more-than-250-000-users.aspx\" target=\"_blank\" rel=\"noopener\">Avis Car Rental annonc\u00e9<\/a> son application mobile mise \u00e0 jour, Avis Now, a gagn\u00e9 plus de 250 000 utilisateurs depuis son d\u00e9ploiement en juillet. Pendant <a href=\"http:\/\/blog.gbta.org\/2016\/07\/28\/breaking-news-from-gbta-convention-2016\/\" target=\"_blank\" rel=\"noopener\">Journ\u00e9e des m\u00e9dias de la Convention GBTA<\/a> Cet \u00e9t\u00e9, Scott Deaver, vice-pr\u00e9sident ex\u00e9cutif et directeur du marketing d&#039;Avis, a annonc\u00e9 une refonte majeure de l&#039;application de l&#039;entreprise avec l&#039;ajout des nouvelles fonctionnalit\u00e9s Avis Now con\u00e7ues pour transformer le processus de location de voiture et donner le contr\u00f4le aux voyageurs d&#039;affaires.<\/p>\n<p>Caitlin Gomez de GBTA a \u00e9galement rencontr\u00e9 Scott au studio de diffusion GBTA pendant la convention. Il a expliqu\u00e9 que l&#039;objectif d&#039;Avis Now \u00e9tait de repenser compl\u00e8tement le processus de location de voitures pour r\u00e9pondre aux demandes et aux besoins des clients. Il a \u00e9galement soulign\u00e9 les tendances du secteur et d\u00e9clar\u00e9 que nous assistons au d\u00e9but d&#039;un v\u00e9ritable changement dans la mani\u00e8re dont les gens utilisent la mobilit\u00e9.<\/p>\n<p>Voir la vid\u00e9o compl\u00e8te ici :<\/p>\n<p><iframe loading=\"lazy\" src=\"https:\/\/www.youtube.com\/embed\/iJ08IwtHFzM?list=PLkGxkp3hYZCYyPVEMBihlr-6MReCwMIt7\" width=\"560\" height=\"315\" frameborder=\"0\" allowfullscreen=\"allowfullscreen\"><\/iframe><\/p>\n<p>Visite\u00a0<a href=\"https:\/\/www.youtube.com\/user\/GBTATV\" target=\"_blank\" rel=\"noopener\">Cha\u00eene YouTube de GBTA<\/a>\u00a0pour encore plus de perspicacit\u00e9 et des entrevues en studio de diffusion de la Convention de cette ann\u00e9e.<\/p>","protected":false},"excerpt":{"rendered":"<p>La semaine derni\u00e8re, Avis Car Rental a annonc\u00e9 que son application mobile mise \u00e0 jour, Avis Now, avait gagn\u00e9 plus de 250 000 utilisateurs depuis son d\u00e9ploiement en juillet. Lors de la journ\u00e9e des m\u00e9dias de la GBTA Convention cet \u00e9t\u00e9, le vice-pr\u00e9sident ex\u00e9cutif et directeur du marketing d&#039;Avis, Scott Deaver, a annonc\u00e9 la refonte majeure de l&#039;application de l&#039;entreprise avec l&#039;ajout du nouveau Avis\u2026<\/p>","protected":false},"author":25,"featured_media":1275,"comment_status":"open","ping_status":"open","sticky":false,"template":"","format":"standard","meta":{"_acf_changed":false,"_seopress_robots_primary_cat":"","_seopress_titles_title":"","_seopress_titles_desc":"","_seopress_robots_index":"","om_disable_all_campaigns":false,"_relevanssi_hide_post":"","_relevanssi_hide_content":"","_relevanssi_pin_for_all":"","_relevanssi_pin_keywords":"","_relevanssi_unpin_keywords":"","_relevanssi_related_keywords":"","_relevanssi_related_include_ids":"","_relevanssi_related_exclude_ids":"","_relevanssi_related_no_append":"","_relevanssi_related_not_related":"","_relevanssi_related_posts":"","_relevanssi_noindex_reason":"","_kad_blocks_custom_css":"","_kad_blocks_head_custom_js":"","_kad_blocks_body_custom_js":"","_kad_blocks_footer_custom_js":"","_kad_post_transparent":"","_kad_post_title":"","_kad_post_layout":"","_kad_post_sidebar_id":"","_kad_post_content_style":"","_kad_post_vertical_padding":"","_kad_post_feature":"","_kad_post_feature_position":"","_kad_post_header":false,"_kad_post_footer":false,"footnotes":"","_links_to":"","_links_to_target":""},"categories":[78,37],"tags":[372,757,853,854,855,81,181,49,39,551],"class_list":["post-1274","post","type-post","status-publish","format-standard","has-post-thumbnail","hentry","category-ground-transportation","category-research-and-travel-trends","tag-app","tag-avis","tag-avis-now","tag-broadcast-studio","tag-car","tag-car-rental","tag-convention","tag-gbta","tag-gbta-convention","tag-ground-transportation"],"acf":[],"featured_image_src_large":["https:\/\/gbta.org\/wp-content\/uploads\/Mobile-Car-Rental-1024x683.jpg",1024,683,true],"author_info":{"display_name":"jcampbell","author_link":"https:\/\/gbta.org\/fr\/author\/jcampbell\/"},"comment_info":"","category_info":[{"term_id":78,"name":"Ground Transportation","slug":"ground-transportation","term_group":0,"term_taxonomy_id":78,"taxonomy":"category","description":"","parent":0,"count":126,"filter":"raw","cat_ID":78,"category_count":126,"category_description":"","cat_name":"Ground Transportation","category_nicename":"ground-transportation","category_parent":0},{"term_id":37,"name":"Research and Travel Trends","slug":"research-and-travel-trends","term_group":0,"term_taxonomy_id":37,"taxonomy":"category","description":"","parent":0,"count":966,"filter":"raw","cat_ID":37,"category_count":966,"category_description":"","cat_name":"Research and Travel Trends","category_nicename":"research-and-travel-trends","category_parent":0}],"tag_info":[{"term_id":372,"name":"app","slug":"app","term_group":0,"term_taxonomy_id":372,"taxonomy":"post_tag","description":"","parent":0,"count":3,"filter":"raw"},{"term_id":757,"name":"Avis","slug":"avis","term_group":0,"term_taxonomy_id":757,"taxonomy":"post_tag","description":"","parent":0,"count":3,"filter":"raw"},{"term_id":853,"name":"Avis Now","slug":"avis-now","term_group":0,"term_taxonomy_id":853,"taxonomy":"post_tag","description":"","parent":0,"count":1,"filter":"raw"},{"term_id":854,"name":"Broadcast Studio","slug":"broadcast-studio","term_group":0,"term_taxonomy_id":854,"taxonomy":"post_tag","description":"","parent":0,"count":22,"filter":"raw"},{"term_id":855,"name":"car","slug":"car","term_group":0,"term_taxonomy_id":855,"taxonomy":"post_tag","description":"","parent":0,"count":1,"filter":"raw"},{"term_id":81,"name":"car rental","slug":"car-rental","term_group":0,"term_taxonomy_id":81,"taxonomy":"post_tag","description":"","parent":0,"count":4,"filter":"raw"},{"term_id":181,"name":"Convention","slug":"convention","term_group":0,"term_taxonomy_id":181,"taxonomy":"post_tag","description":"","parent":0,"count":61,"filter":"raw"},{"term_id":49,"name":"GBTA","slug":"gbta","term_group":0,"term_taxonomy_id":49,"taxonomy":"post_tag","description":"","parent":0,"count":261,"filter":"raw"},{"term_id":39,"name":"GBTA Convention","slug":"gbta-convention","term_group":0,"term_taxonomy_id":39,"taxonomy":"post_tag","description":"","parent":0,"count":99,"filter":"raw"},{"term_id":551,"name":"ground transportation","slug":"ground-transportation","term_group":0,"term_taxonomy_id":551,"taxonomy":"post_tag","description":"","parent":0,"count":16,"filter":"raw"}],"taxonomy_info":{"category":[{"value":78,"label":"Ground Transportation"},{"value":37,"label":"Research and Travel Trends"}],"post_tag":[{"value":372,"label":"app"},{"value":757,"label":"Avis"},{"value":853,"label":"Avis Now"},{"value":854,"label":"Broadcast Studio"},{"value":855,"label":"car"},{"value":81,"label":"car rental"},{"value":181,"label":"Convention"},{"value":49,"label":"GBTA"},{"value":39,"label":"GBTA Convention"},{"value":551,"label":"ground transportation"}]},"featured_image_src":"https:\/\/gbta.org\/wp-content\/uploads\/Mobile-Car-Rental.jpg","featured_image_src_square":"https:\/\/gbta.org\/wp-content\/uploads\/Mobile-Car-Rental.jpg","mfb_rest_fields":["featured_image_src_large","author_info","comment_info","category_info","tag_info","taxonomy_info","featured_image_src","featured_image_src_square"],"_links":{"self":[{"href":"https:\/\/gbta.org\/fr\/wp-json\/wp\/v2\/posts\/1274","targetHints":{"allow":["GET"]}}],"collection":[{"href":"https:\/\/gbta.org\/fr\/wp-json\/wp\/v2\/posts"}],"about":[{"href":"https:\/\/gbta.org\/fr\/wp-json\/wp\/v2\/types\/post"}],"author":[{"embeddable":true,"href":"https:\/\/gbta.org\/fr\/wp-json\/wp\/v2\/users\/25"}],"replies":[{"embeddable":true,"href":"https:\/\/gbta.org\/fr\/wp-json\/wp\/v2\/comments?post=1274"}],"version-history":[{"count":0,"href":"https:\/\/gbta.org\/fr\/wp-json\/wp\/v2\/posts\/1274\/revisions"}],"wp:featuredmedia":[{"embeddable":true,"href":"https:\/\/gbta.org\/fr\/wp-json\/wp\/v2\/media\/1275"}],"wp:attachment":[{"href":"https:\/\/gbta.org\/fr\/wp-json\/wp\/v2\/media?parent=1274"}],"wp:term":[{"taxonomy":"category","embeddable":true,"href":"https:\/\/gbta.org\/fr\/wp-json\/wp\/v2\/categories?post=1274"},{"taxonomy":"post_tag","embeddable":true,"href":"https:\/\/gbta.org\/fr\/wp-json\/wp\/v2\/tags?post=1274"}],"curies":[{"name":"wp","href":"https:\/\/api.w.org\/{rel}","templated":true}]}}