{"id":12987,"date":"2023-10-04T07:21:47","date_gmt":"2023-10-04T11:21:47","guid":{"rendered":"https:\/\/gbta.org\/?p=12987"},"modified":"2023-10-06T11:02:20","modified_gmt":"2023-10-06T15:02:20","slug":"making-sustainable-business-travel-a-reality-a-look-at-eu-initiatives-and-gbtasimpact","status":"publish","type":"post","link":"https:\/\/gbta.org\/fr\/making-sustainable-business-travel-a-reality-a-look-at-eu-initiatives-and-gbtasimpact\/","title":{"rendered":"Faire des voyages d&#039;affaires durables une r\u00e9alit\u00e9\u00a0: un regard sur les initiatives de l&#039;UE et l&#039;impact de la GBTA"},"content":{"rendered":"<p>Les dirigeants de l\u2019UE sont engag\u00e9s dans une course contre la montre pour faire adopter de nouvelles r\u00e9formes visant \u00e0 rendre l\u2019\u00e9conomie plus verte, avant les \u00e9lections au Parlement europ\u00e9en pr\u00e9vues en juin 2024. L\u2019ambitieux \u00ab Green Deal europ\u00e9en \u00bb, pr\u00e9sent\u00e9 comme l\u2019une des principales priorit\u00e9s de la Commission actuelle, est fix\u00e9. pour devenir l&#039;h\u00e9ritage le plus durable de la pr\u00e9sidente Ursula von der Leyen. Le flot de mesures adopt\u00e9es \u00e0 Bruxelles aura un impact sur presque toutes les industries en Europe, avec des r\u00e9percussions dans le monde entier. <strong>Les voyages ont \u00e9t\u00e9 l\u2019un des secteurs les plus touch\u00e9s.<\/strong><\/p>\n\n\n\n<p>La GBTA surveille de pr\u00e8s <a href=\"https:\/\/www3.gbta.org\/l\/5572\/2019-12-03\/6dbnwn\">nouvelles r\u00e8gles<\/a> en devenir et engag\u00e9 avec <a href=\"https:\/\/www3.gbta.org\/webmail\/5572\/5085751735\/6f38df43afbab2795d69464bacf842a42d016c881ca6b2a4a37f89264f5f4153#Summary\">cr\u00e9ateurs de politiques<\/a> le secteur des voyages d\u2019affaires et contribuer \u00e0 la conception de politiques efficaces. Plus pr\u00e9cis\u00e9ment, nous avons suivi de pr\u00e8s les <strong>Directive sur les rapports sur le d\u00e9veloppement durable des entreprises (CSRD)<\/strong>, introduisant de nouvelles r\u00e8gles de divulgation sur les risques climatiques\u00a0; <strong>CountEmissionsUE<\/strong>, qui cr\u00e9erait une m\u00e9thodologie harmonis\u00e9e pour calculer les \u00e9missions de gaz \u00e0 effet de serre des services de transport\u00a0; et le prochain <strong>Services de mobilit\u00e9 num\u00e9rique multimodale (MDMS) <\/strong>r\u00e8glement, destin\u00e9 \u00e0 le rendre<br>il est plus facile de billetter et de r\u00e9server des voyages reliant les services a\u00e9riens et ferroviaires. <\/p>\n\n\n<h5 class=\"wp-block-heading\" id=\"a-new-era-of-reporting-and-accountability\"><strong>Une nouvelle \u00e8re de reporting et de responsabilit\u00e9<\/strong><\/h5>\n\n\n<p><\/p>\n\n\n\n<p>La <strong>Directive sur les rapports sur le d\u00e9veloppement durable des entreprises (CSRD)<\/strong>, entr\u00e9e en vigueur d\u00e9but 2023, oblige toutes les grandes entreprises et soci\u00e9t\u00e9s cot\u00e9es (\u00e0 l\u2019exception des micro-entreprises cot\u00e9es) \u00e0 divulguer des informations sur ce qu\u2019elles consid\u00e8rent comme les risques et les opportunit\u00e9s d\u00e9coulant des questions sociales et environnementales. <strong>Cela inclut la d\u00e9claration de leurs \u00e9missions de port\u00e9e 3, y compris celles li\u00e9es aux voyages d&#039;affaires.<\/strong>. <\/p>\n\n\n\n<p>Ces informations seront utiles aux investisseurs, aux consommateurs et aux autres parties prenantes, qui pourront \u00e9valuer la performance des entreprises en mati\u00e8re de d\u00e9veloppement durable. L\u2019une des pi\u00e8ces ma\u00eetresses de ce puzzle r\u00e9side dans les normes europ\u00e9ennes de reporting sur le d\u00e9veloppement durable (ESRS), publi\u00e9es en juillet dernier, qui d\u00e9taillent ce que les entreprises doivent prendre en compte dans leurs rapports.<\/p>\n\n\n\n<p><strong>Le point de vue de la GBTA\u00a0:<\/strong><br>La GBTA a salu\u00e9 cette volont\u00e9 de plus de transparence et de responsabilit\u00e9 en mati\u00e8re de reporting climatique, permettant aux entreprises d&#039;orienter leurs actions l\u00e0 o\u00f9 cela compte le plus. M\u00eame si les responsables des voyages d&#039;affaires ne sont probablement pas responsables du processus de reporting, ils travailleront en \u00e9troite collaboration avec leurs \u00e9quipes de d\u00e9veloppement durable pour suivre et collecter les \u00e9missions li\u00e9es aux voyages d&#039;affaires. Il est \u00e9galement important de noter que les entreprises peuvent toujours d\u00e9cider si certains types d&#039;\u00e9missions sont importants ou non, et peuvent d\u00e9cider de ne pas d\u00e9clarer les \u00e9missions de leurs voyages d&#039;affaires si leur part des \u00e9missions totales est tr\u00e8s minime.<\/p>\n\n\n<h5 class=\"wp-block-heading\" id=\"getting-closer-to-a-common-standard-to-measure-emissions\"><strong>Se rapprocher d\u2019une norme commune pour mesurer les \u00e9missions.<\/strong><\/h5>\n\n\n<p><\/p>\n\n\n\n<p>La proposition <strong><a href=\"https:\/\/gbta.org\/wp-content\/uploads\/CountEmissionsEU-Press-Release.pdf\">Compter les \u00e9missions<\/a> R\u00e9glementation de l&#039;UE<\/strong> est \u00e9troitement li\u00e9 au reporting d\u00e9veloppement durable. Il s&#039;agit d&#039;un texte l\u00e9gislatif qui introduit une m\u00e9thodologie commune harmonis\u00e9e (ISO 14083:2023) pour calculer les \u00e9missions de gaz \u00e0 effet de serre des services de transport selon les diff\u00e9rents modes. Bien que le r\u00e8glement ne d\u00e9termine pas comment la m\u00e9thodologie doit \u00eatre utilis\u00e9e, il impose son utilisation \u00e0 toute entit\u00e9 qui calcule et divulgue des informations sur les \u00e9missions de gaz \u00e0 effet de serre (GES), y compris celles qui le font conform\u00e9ment au CSRD.<\/p>\n\n\n\n<p><strong>Le point de vue de la GBTA\u00a0:<\/strong><br>La GBTA plaide depuis longtemps en faveur d\u2019une m\u00e9thodologie standard pour calculer les \u00e9missions afin de permettre la pr\u00e9cision et la comparabilit\u00e9 entre tous les modes de transport, y compris le rail, la route et l\u2019air. Nous pensons que cela augmentera la transparence et contribuera \u00e0 promouvoir le recours aux voyages d\u2019affaires \u00e0 faibles \u00e9missions de carbone. Nous saluons le fait que la proposition inclut tous les modes et qu&#039;elle promeuve une norme internationalement reconnue pour le calcul des \u00e9missions, facilitant l&#039;adoption mondiale de pratiques durables, afin d&#039;aider les voyageurs d&#039;affaires \u00e0 faire des choix \u00e9clair\u00e9s et durables \u00e0 l&#039;avenir.<\/p>\n\n\n<h5 class=\"wp-block-heading\" id=\"encouraging-multimodal-travel-alternatives\"><strong>Encourager les alternatives de voyage multimodales.<\/strong><\/h5>\n\n\n<p><\/p>\n\n\n\n<p>Le prochain <a href=\"https:\/\/gbta.org\/fr\/gbta-supports-ambitious-multimodal-digital-mobility-services-mdms-regulation\/\"><strong>Services de mobilit\u00e9 num\u00e9rique multimodale (MDMS)<\/strong><\/a> Cette r\u00e9glementation modifierait le cadre juridique des services d\u2019information, de r\u00e9servation et de billetterie multimodaux sur les voyages. L\u2019objectif est de rendre les d\u00e9placements des citoyens europ\u00e9ens plus simples et plus \u00e9cologiques et le syst\u00e8me de transport plus comp\u00e9titif en simplifiant le processus de r\u00e9servation sur une seule plateforme et en int\u00e9grant plusieurs options de voyage. En juillet 2023, la Commission europ\u00e9enne a pr\u00e9sent\u00e9 trois options politiques \u00e0 consid\u00e9rer, dont aucune n\u2019a \u00e9t\u00e9 jug\u00e9e suffisamment ambitieuse. Cela signifie que l\u2019UE doit retourner \u00e0 la case d\u00e9part et revoir son approche, cr\u00e9ant ainsi un avenir incertain pour cette initiative.<\/p>\n\n\n\n<p><strong>Le point de vue de la GBTA\u00a0:<\/strong><br>La GBTA est favorable \u00e0 une proposition qui permettrait de relier et de revendre tous les billets transfrontaliers et les billets de transport importants sur les plateformes MDMS, sur la base de conditions amicales, raisonnables et non discriminatoires (FRAND). Cela se conjuguerait avec une obligation pour ces plateformes de classer les offres de mani\u00e8re neutre et de respecter \u00e9galement FRAND lorsqu&#039;elles sont de taille significative. Avec cette approche, les besoins des passagers seraient plac\u00e9s au c\u0153ur du r\u00e8glement en garantissant que les billets de train et d&#039;avion concern\u00e9s puissent \u00eatre facilement r\u00e9serv\u00e9s via MDMS.<\/p>\n\n\n\n<p>GBTA est un partenaire fondateur du <strong>\u00ab Amis du MDMS \u00bb<\/strong> coalition et a cosign\u00e9 plusieurs <a href=\"https:\/\/www.beuc.eu\/sites\/default\/files\/publications\/BEUC-X-2023-074_Open_Letter_to_EVP_Timmermans_Multimodal_Digital_Mobility_Services.pdf\">d\u00e9clarations communes<\/a> avec des parties prenantes partageant les m\u00eames id\u00e9es. Le mardi 10 octobre, GBTA et nos partenaires organiseront un \u00e9v\u00e9nement au Parlement europ\u00e9en \u00e0 Bruxelles : <strong>\u00ab Le r\u00e8glement MDMS : peut-il rendre les d\u00e9placements plus faciles et plus \u00e9cologiques ?<\/strong>. Il s&#039;agit de montrer notre soutien \u00e0 un r\u00e8glement MDMS ambitieux et de demander \u00e0 la Commission de tenir la promesse d&#039;un transport de passagers intelligent, fluide et multimodal en Europe en donnant aux voyageurs la libert\u00e9 de choisir facilement leur mode de d\u00e9placement.<\/p>\n\n\n<h5 class=\"wp-block-heading\" id=\"looking-ahead\"><strong>Regarder vers l&#039;avant<\/strong><\/h5>\n\n\n<p><\/p>\n\n\n\n<p>GBTA continuera de repr\u00e9senter le secteur des voyages d&#039;affaires \u00e0 Bruxelles, d\u00e9fendant une transition vers des options de voyage plus durables gr\u00e2ce \u00e0 des politiques europ\u00e9ennes qui tiennent compte des points de vue de toutes les parties prenantes. Nous sommes impatients de poursuivre notre coop\u00e9ration avec l\u2019Union europ\u00e9enne et avec nos membres dans la mise en \u0153uvre de ces politiques.<\/p>","protected":false},"excerpt":{"rendered":"<p>Les dirigeants de l\u2019UE sont engag\u00e9s dans une course contre la montre pour faire adopter de nouvelles r\u00e9formes visant \u00e0 rendre l\u2019\u00e9conomie plus verte, avant les \u00e9lections au Parlement europ\u00e9en pr\u00e9vues en juin 2024. L\u2019ambitieux \u00ab Green Deal europ\u00e9en \u00bb, pr\u00e9sent\u00e9 comme l\u2019une des principales priorit\u00e9s de la Commission actuelle, est fix\u00e9. pour devenir la personne la plus durable de la pr\u00e9sidente Ursula von der Leyen\u2026<\/p>","protected":false},"author":22,"featured_media":0,"comment_status":"closed","ping_status":"closed","sticky":false,"template":"","format":"standard","meta":{"_acf_changed":false,"_seopress_robots_primary_cat":"none","_seopress_titles_title":"","_seopress_titles_desc":"","_seopress_robots_index":"","om_disable_all_campaigns":false,"_relevanssi_hide_post":"","_relevanssi_hide_content":"","_relevanssi_pin_for_all":"","_relevanssi_pin_keywords":"","_relevanssi_unpin_keywords":"","_relevanssi_related_keywords":"","_relevanssi_related_include_ids":"","_relevanssi_related_exclude_ids":"","_relevanssi_related_no_append":"","_relevanssi_related_not_related":"","_relevanssi_related_posts":"1,415,662,664,666,667","_relevanssi_noindex_reason":"","_kad_blocks_custom_css":"","_kad_blocks_head_custom_js":"","_kad_blocks_body_custom_js":"","_kad_blocks_footer_custom_js":"","_kad_post_transparent":"","_kad_post_title":"","_kad_post_layout":"","_kad_post_sidebar_id":"","_kad_post_content_style":"","_kad_post_vertical_padding":"","_kad_post_feature":"","_kad_post_feature_position":"","_kad_post_header":false,"_kad_post_footer":false,"footnotes":"","_links_to":"","_links_to_target":""},"categories":[1546,105,1307],"tags":[],"class_list":["post-12987","post","type-post","status-publish","format-standard","hentry","category-advocacy","category-europe-and-uk","category-government-relations"],"acf":[],"featured_image_src_large":false,"author_info":{"display_name":"","author_link":"https:\/\/gbta.org\/fr\/author\/"},"comment_info":"","category_info":[{"term_id":1546,"name":"Advocacy","slug":"advocacy","term_group":0,"term_taxonomy_id":1546,"taxonomy":"category","description":"","parent":0,"count":42,"filter":"raw","cat_ID":1546,"category_count":42,"category_description":"","cat_name":"Advocacy","category_nicename":"advocacy","category_parent":0},{"term_id":105,"name":"Europe and UK","slug":"europe-and-uk","term_group":0,"term_taxonomy_id":105,"taxonomy":"category","description":"","parent":0,"count":153,"filter":"raw","cat_ID":105,"category_count":153,"category_description":"","cat_name":"Europe and UK","category_nicename":"europe-and-uk","category_parent":0},{"term_id":1307,"name":"Government Relations","slug":"government-relations","term_group":0,"term_taxonomy_id":1307,"taxonomy":"category","description":"","parent":0,"count":61,"filter":"raw","cat_ID":1307,"category_count":61,"category_description":"","cat_name":"Government Relations","category_nicename":"government-relations","category_parent":0}],"tag_info":false,"taxonomy_info":{"category":[{"value":1546,"label":"Advocacy"},{"value":105,"label":"Europe and UK"},{"value":1307,"label":"Government Relations"}]},"featured_image_src":null,"featured_image_src_square":null,"mfb_rest_fields":["featured_image_src_large","author_info","comment_info","category_info","tag_info","taxonomy_info","featured_image_src","featured_image_src_square"],"_links":{"self":[{"href":"https:\/\/gbta.org\/fr\/wp-json\/wp\/v2\/posts\/12987","targetHints":{"allow":["GET"]}}],"collection":[{"href":"https:\/\/gbta.org\/fr\/wp-json\/wp\/v2\/posts"}],"about":[{"href":"https:\/\/gbta.org\/fr\/wp-json\/wp\/v2\/types\/post"}],"author":[{"embeddable":true,"href":"https:\/\/gbta.org\/fr\/wp-json\/wp\/v2\/users\/22"}],"replies":[{"embeddable":true,"href":"https:\/\/gbta.org\/fr\/wp-json\/wp\/v2\/comments?post=12987"}],"version-history":[{"count":0,"href":"https:\/\/gbta.org\/fr\/wp-json\/wp\/v2\/posts\/12987\/revisions"}],"wp:attachment":[{"href":"https:\/\/gbta.org\/fr\/wp-json\/wp\/v2\/media?parent=12987"}],"wp:term":[{"taxonomy":"category","embeddable":true,"href":"https:\/\/gbta.org\/fr\/wp-json\/wp\/v2\/categories?post=12987"},{"taxonomy":"post_tag","embeddable":true,"href":"https:\/\/gbta.org\/fr\/wp-json\/wp\/v2\/tags?post=12987"}],"curies":[{"name":"wp","href":"https:\/\/api.w.org\/{rel}","templated":true}]}}