{"id":13816,"date":"2023-12-13T13:45:27","date_gmt":"2023-12-13T18:45:27","guid":{"rendered":"https:\/\/gbta.org\/?p=13816"},"modified":"2023-12-18T03:38:40","modified_gmt":"2023-12-18T08:38:40","slug":"3-reasons-why-cop28-was-a-historical-moment-for-business-travel","status":"publish","type":"post","link":"https:\/\/gbta.org\/fr\/3-reasons-why-cop28-was-a-historical-moment-for-business-travel\/","title":{"rendered":"3 raisons pour lesquelles la COP28 a \u00e9t\u00e9 un moment historique pour les voyages d&#039;affaires"},"content":{"rendered":"<p>Chaque ann\u00e9e, il y a beaucoup de buzz autour de la COP (qui signifie \u00ab Conf\u00e9rence des Parties \u00bb \u00e0 la Convention-cadre des Nations Unies sur les changements climatiques, \u00e9galement connue sous le nom de CCNUCC). J&#039;ai eu l&#039;occasion unique d&#039;assister \u00e0 la COP28 de cette ann\u00e9e, qui s&#039;est tenue \u00e0 Duba\u00ef, pour repr\u00e9senter l&#039;industrie mondiale du voyage d&#039;affaires et la GBTA. Que vous soyez sceptiques ou non quant aux r\u00e9sultats r\u00e9els d&#039;une telle conf\u00e9rence, c&#039;est LE moment o\u00f9 presque TOUS les pays du monde se r\u00e9unissent pour (1) faire le point sur les progr\u00e8s r\u00e9alis\u00e9s en mati\u00e8re d&#039;action climatique, (2) catalyser l&#039;action pour acc\u00e9l\u00e9rer l&#039;impact et (3 ) prendre de nouvelles d\u00e9cisions pour att\u00e9nuer le r\u00e9chauffement climatique.<\/p>\n\n\n\n<p>Et c\u2019est pourquoi c\u2019est absolument important pour l\u2019industrie du voyage d\u2019affaires dans son ensemble, car la COP pr\u00e9pare le terrain pour de nombreuses politiques nationales ou r\u00e9gionales que notre secteur devra finalement mettre en \u0153uvre pour r\u00e9aliser une transition verte. Et avouons-le, la COP repr\u00e9sente \u00e9galement ce que les voyages d&#039;affaires font de mieux, r\u00e9unissant plus de 100 000 personnes venues des quatre coins du monde pour se rencontrer et n\u00e9gocier en personne \u2013 pour discuter, d\u00e9battre et sceller ces accords.<\/p>\n\n\n\n<p>Le caract\u00e8re international de la COP est en effet son meilleur atout. Dans un monde globalis\u00e9, o\u00f9 de nombreux pays en d\u00e9veloppement doivent encore d\u00e9velopper leur \u00e9conomie, il est essentiel que ce forum se mette d&#039;accord sur ce \u00e0 quoi ressemble une \u00ab transition juste \u00bb des combustibles fossiles vers des \u00e9nergies renouvelables et \u00e0 faibles \u00e9missions de carbone, voire z\u00e9ro, pour garantir que personne n&#039;est laiss\u00e9 pour compte.<\/p>\n\n\n\n<p>Voyons ce qui a fait de cette COP un moment si historique pour la communaut\u00e9 mondiale du voyage d&#039;affaires\u00a0:&nbsp;<\/p>\n\n\n\n<ol class=\"wp-block-list\" type=\"1\">\n<li><strong>C&#039;est la premi\u00e8re fois que l&#039;industrie mondiale du voyage d&#039;affaires est officiellement repr\u00e9sent\u00e9e.<\/strong><\/li>\n<\/ol>\n\n\n\n<p>Relancer le <a href=\"https:\/\/gbtafoundation.org\/\" target=\"_blank\" rel=\"noreferrer noopener\">Fondation GBTA<\/a> en juillet 2022 avec un focus laser sur&nbsp; <a href=\"https:\/\/gbta.org\/wp-content\/uploads\/GBTA-EU-Transition-Pathway-2023.pdf\">d\u00e9fendre l\u2019action climatique<\/a> en voyages d&#039;affaires nous a permis de postuler en tant qu&#039;organisation observatrice aupr\u00e8s de la CCNUCC. Gr\u00e2ce \u00e0 ce statut, la Fondation GBTA peut envoyer chaque ann\u00e9e une d\u00e9l\u00e9gation officielle \u00e0 la COP avec acc\u00e8s \u00e0 la \u00ab Zone bleue \u00bb, le site officiel de l&#039;ONU o\u00f9 les parties se r\u00e9unissent pour n\u00e9gocier et organiser des \u00e9v\u00e9nements dans les pavillons de leur pays.<\/p>\n\n\n\n<p>Cela envoie un signal tr\u00e8s important quant \u00e0 l&#039;engagement de l&#039;industrie du voyage d&#039;affaires en faveur de l&#039;action climatique. Cela nous permet de mieux comprendre ce qui motive les d\u00e9cisions qui fa\u00e7onneront l&#039;avenir de notre industrie, tout en nous engageant directement avec les d\u00e9cideurs et les faiseurs d&#039;opinion r\u00e9unis en un seul endroit.<\/p>\n\n\n\n<ul class=\"wp-block-list\">\n<li><strong>&nbsp;La COP28 fait suite \u00e0 une annonce phare pour le secteur de l\u2019aviation.<\/strong><\/li>\n<\/ul>\n\n\n\n<p>Nous savons que <a href=\"https:\/\/gbtafoundation.org\/publications\/2023-climate-action-report\/\" target=\"_blank\" rel=\"noreferrer noopener\">r\u00e9duire les \u00e9missions li\u00e9es aux voyages d&#039;affaires<\/a> n\u00e9cessite une collaboration sans pr\u00e9c\u00e9dent, des investissements drastiques et des actions audacieuses de la part de l\u2019industrie du voyage. Il existe cependant un niveau de complexit\u00e9 suppl\u00e9mentaire li\u00e9 \u00e0 l\u2019aviation, un \u00ab secteur difficile \u00e0 r\u00e9duire \u00bb (ce qui signifie qu\u2019il n\u2019existe pas de solution imm\u00e9diate disponible pour abandonner les combustibles fossiles, qui repr\u00e9sentent plus de 971 TP3T de ses \u00e9missions totales).<\/p>\n\n\n\n<p>La meilleure nouvelle est que des technologies existent\/sont en cours de d\u00e9veloppement. Les carburants d&#039;aviation durables (SAF) contribueront \u00e0 hauteur de 40% \u00e0 70% au mix de r\u00e9duction des \u00e9missions du secteur d&#039;ici 2050, aux c\u00f4t\u00e9s de l&#039;efficacit\u00e9 des avions et de l&#039;exploitation. Il n\u2019est actuellement pas disponible \u00e0 grande \u00e9chelle en raison de co\u00fbts de production tr\u00e8s \u00e9lev\u00e9s qui ne le rendent pas commercialement viable.<\/p>\n\n\n\n<p>Il existe une fili\u00e8re parall\u00e8le de l&#039;ONU qui s&#039;int\u00e9resse \u00e0 l&#039;aviation, sp\u00e9cifiquement sous l&#039;\u00e9gide de l&#039;Organisation de l&#039;aviation civile internationale (OACI). La semaine pr\u00e9c\u00e9dant la COP, l&#039;OACI a organis\u00e9 \u00e0 Duba\u00ef sa troisi\u00e8me Conf\u00e9rence sur les carburants d&#039;aviation alternatifs (CAAF 3) et o\u00f9 tous les pays ont convenu d&#039;une r\u00e9duction 5% de l&#039;intensit\u00e9 des \u00e9missions provenant de l&#039;utilisation du SAF et du carburant d&#039;aviation \u00e0 faible teneur en carbone (LCAF, un carburant de transition vers le SAF). ) d\u2019ici 2030.<\/p>\n\n\n\n<p>Je sais ce que vous pensez : 5% uniquement, alors que d&#039;autres industries se sont engag\u00e9es \u00e0 r\u00e9duire leurs \u00e9missions de 50% dans le m\u00eame d\u00e9lai ? Cette r\u00e9duction des \u00e9missions de 5% signifie faire passer l\u2019utilisation actuelle du SAF et du LCAF de 0,1% aujourd\u2019hui \u00e0 pr\u00e8s de 10%, soit une multiplication par cent d\u2019ici sept ans. Et cela tout en reconnaissant que la construction de nouvelles usines peut prendre en moyenne 3 \u00e0 4 ans pour devenir op\u00e9rationnelle. Il s&#039;agit \u00e9galement d&#039;une moyenne mondiale \u2013 et nous pouvons esp\u00e9rer que des pays comme les \u00c9tats-Unis et ceux d&#039;Europe d\u00e9passeront ces objectifs. (Le mandat de mixage pour SAF en Europe sous <a href=\"https:\/\/gbta.org\/fr\/new-eu-rules-pave-the-way-for-air-travel-decarbonisation\/\">ReFuelEU<\/a> ainsi que les incitations pr\u00e9vues dans le cadre du <a href=\"https:\/\/gbta.org\/fr\/gbta-applauds-biden-administrations-push-to-boost-sustainable-aviation-fuel-production-in-the-u-s\/\">Loi sur la r\u00e9duction de l&#039;inflation<\/a> va certainement aider,)&nbsp; &nbsp;<\/p>\n\n\n\n<p>Plusieurs membres de la GBTA m&#039;ont demand\u00e9 si \u00ab freiner la demande \u00bb \u00e9tait un sujet de la COP28, et je vais \u00eatre franc : ce n&#039;\u00e9tait pas le cas. Les pays en d\u00e9veloppement s\u2019appuieront sur l\u2019expansion des op\u00e9rations a\u00e9riennes pour se connecter avec le reste du monde et d\u00e9velopper leur \u00e9conomie. Encore, &quot;<a href=\"https:\/\/gbtafoundation.org\/publications\/managing-emissions\/\">Voyager avec un but<\/a>\u00bb est plus important que jamais pour notre secteur : s&#039;assurer que chaque voyage compte, choisir l&#039;option la plus faible en carbone disponible et r\u00e9compenser les entreprises qui investissent dans des carburants et des technologies plus propres. &nbsp;&nbsp;<\/p>\n\n\n\n<ul class=\"wp-block-list\">\n<li><strong>Le niveau de coop\u00e9ration entre les secteurs public et priv\u00e9 est sans pr\u00e9c\u00e9dent.<\/strong><\/li>\n<\/ul>\n\n\n\n<p>&nbsp;Les discours des dirigeants politiques et des responsables gouvernementaux pr\u00e9sents \u00e0 cette COP ont salu\u00e9 le haut niveau de coop\u00e9ration entre les secteurs public et priv\u00e9 pour d\u00e9finir les modalit\u00e9s d&#039;une \u00e9limination progressive des combustibles fossiles. Bien entendu, le calendrier est crucial avant d\u2019atteindre un point de non-retour.<\/p>\n\n\n\n<p>Mandats, incitations et m\u00eame tarification du carbone : autant de sujets sont d\u00e9sormais ouvertement discut\u00e9s pour fournir le signal de march\u00e9 et la pr\u00e9visibilit\u00e9 \u00e0 long terme n\u00e9cessaires pour augmenter la production d\u2019\u00e9nergie renouvelable et d\u00e9velopper des technologies d\u2019hydrog\u00e8ne vert et de captage du carbone. Et les fournisseurs d\u2019\u00e9nergie ainsi que la communaut\u00e9 financi\u00e8re doivent \u00eatre autour de la table, car ce sont eux qui devront investir les milliards n\u00e9cessaires pour r\u00e9ussir cette transition. Un avenir vert pour les voyages d\u2019affaires repose sur le succ\u00e8s de la transition \u00e9nerg\u00e9tique verte. Nous souhaitons tous \u2013 y compris les gouvernements \u2013 continuer \u00e0 r\u00e9colter les fruits des voyages. Pour que notre secteur s\u2019approprie son avenir, nous devons nous engager pleinement dans la cause du climat.<\/p>\n\n\n\n<p>Cela plaide certainement en faveur de la poursuite de la GBTA. <a href=\"https:\/\/gbtafoundation.org\/planet\/sustainability\/our-work\/#advocacy\">notre travail de plaidoyer<\/a>, au nom de notre industrie, aupr\u00e8s des gouvernements du monde entier. Nous devons \u00eatre pr\u00e9sents aux futures COP, pour \u00eatre t\u00e9moins (et mesurer) des progr\u00e8s, faire partie du changement et relayer ces messages \u00e0 notre communaut\u00e9 mondiale.<\/p>","protected":false},"excerpt":{"rendered":"<p>Chaque ann\u00e9e, il y a beaucoup de buzz autour de la COP (qui signifie \u00ab Conf\u00e9rence des Parties \u00bb \u00e0 la Convention-cadre des Nations Unies sur les changements climatiques, \u00e9galement connue sous le nom de CCNUCC). J&#039;ai eu l&#039;occasion unique d&#039;assister \u00e0 la COP28 de cette ann\u00e9e, qui s&#039;est tenue \u00e0 Duba\u00ef, pour repr\u00e9senter l&#039;industrie mondiale du voyage d&#039;affaires et la GBTA. Que vous soyez sceptique ou non\u2026<\/p>","protected":false},"author":14,"featured_media":0,"comment_status":"closed","ping_status":"closed","sticky":false,"template":"","format":"standard","meta":{"_acf_changed":false,"_seopress_robots_primary_cat":"none","_seopress_titles_title":"","_seopress_titles_desc":"","_seopress_robots_index":"","om_disable_all_campaigns":false,"_relevanssi_hide_post":"","_relevanssi_hide_content":"","_relevanssi_pin_for_all":"","_relevanssi_pin_keywords":"","_relevanssi_unpin_keywords":"","_relevanssi_related_keywords":"","_relevanssi_related_include_ids":"","_relevanssi_related_exclude_ids":"","_relevanssi_related_no_append":"","_relevanssi_related_not_related":"","_relevanssi_related_posts":"1,415,662,664,666,667","_relevanssi_noindex_reason":"","_kad_blocks_custom_css":"","_kad_blocks_head_custom_js":"","_kad_blocks_body_custom_js":"","_kad_blocks_footer_custom_js":"","_kad_post_transparent":"","_kad_post_title":"","_kad_post_layout":"","_kad_post_sidebar_id":"","_kad_post_content_style":"","_kad_post_vertical_padding":"","_kad_post_feature":"","_kad_post_feature_position":"","_kad_post_header":false,"_kad_post_footer":false,"footnotes":"","_links_to":"","_links_to_target":""},"categories":[1546,114,280,1519],"tags":[],"class_list":["post-13816","post","type-post","status-publish","format-standard","hentry","category-advocacy","category-airlines-and-aviation","category-sustainability","category-sustainability-foundation"],"acf":[],"featured_image_src_large":false,"author_info":{"display_name":"","author_link":"https:\/\/gbta.org\/fr\/author\/"},"comment_info":"","category_info":[{"term_id":1546,"name":"Advocacy","slug":"advocacy","term_group":0,"term_taxonomy_id":1546,"taxonomy":"category","description":"","parent":0,"count":42,"filter":"raw","cat_ID":1546,"category_count":42,"category_description":"","cat_name":"Advocacy","category_nicename":"advocacy","category_parent":0},{"term_id":114,"name":"Airlines and Aviation","slug":"airlines-and-aviation","term_group":0,"term_taxonomy_id":114,"taxonomy":"category","description":"","parent":0,"count":355,"filter":"raw","cat_ID":114,"category_count":355,"category_description":"","cat_name":"Airlines and Aviation","category_nicename":"airlines-and-aviation","category_parent":0},{"term_id":280,"name":"Sustainability","slug":"sustainability","term_group":0,"term_taxonomy_id":280,"taxonomy":"category","description":"","parent":0,"count":130,"filter":"raw","cat_ID":280,"category_count":130,"category_description":"","cat_name":"Sustainability","category_nicename":"sustainability","category_parent":0},{"term_id":1519,"name":"Sustainability","slug":"sustainability-foundation","term_group":0,"term_taxonomy_id":1519,"taxonomy":"category","description":"","parent":1516,"count":29,"filter":"raw","cat_ID":1519,"category_count":29,"category_description":"","cat_name":"Sustainability","category_nicename":"sustainability-foundation","category_parent":1516}],"tag_info":false,"taxonomy_info":{"category":[{"value":1546,"label":"Advocacy"},{"value":114,"label":"Airlines and Aviation"},{"value":280,"label":"Sustainability"},{"value":1519,"label":"Sustainability"}]},"featured_image_src":null,"featured_image_src_square":null,"mfb_rest_fields":["featured_image_src_large","author_info","comment_info","category_info","tag_info","taxonomy_info","featured_image_src","featured_image_src_square"],"_links":{"self":[{"href":"https:\/\/gbta.org\/fr\/wp-json\/wp\/v2\/posts\/13816","targetHints":{"allow":["GET"]}}],"collection":[{"href":"https:\/\/gbta.org\/fr\/wp-json\/wp\/v2\/posts"}],"about":[{"href":"https:\/\/gbta.org\/fr\/wp-json\/wp\/v2\/types\/post"}],"author":[{"embeddable":true,"href":"https:\/\/gbta.org\/fr\/wp-json\/wp\/v2\/users\/14"}],"replies":[{"embeddable":true,"href":"https:\/\/gbta.org\/fr\/wp-json\/wp\/v2\/comments?post=13816"}],"version-history":[{"count":0,"href":"https:\/\/gbta.org\/fr\/wp-json\/wp\/v2\/posts\/13816\/revisions"}],"wp:attachment":[{"href":"https:\/\/gbta.org\/fr\/wp-json\/wp\/v2\/media?parent=13816"}],"wp:term":[{"taxonomy":"category","embeddable":true,"href":"https:\/\/gbta.org\/fr\/wp-json\/wp\/v2\/categories?post=13816"},{"taxonomy":"post_tag","embeddable":true,"href":"https:\/\/gbta.org\/fr\/wp-json\/wp\/v2\/tags?post=13816"}],"curies":[{"name":"wp","href":"https:\/\/api.w.org\/{rel}","templated":true}]}}