{"id":1400,"date":"2022-07-20T09:51:50","date_gmt":"2022-07-20T13:51:50","guid":{"rendered":"https:\/\/gbta.org\/gbta-announces-general-david-petraeus-as-featured-speaker-at-gbta-convention-2017\/"},"modified":"2022-08-11T11:33:46","modified_gmt":"2022-08-11T15:33:46","slug":"gbta-announces-general-david-petraeus-as-featured-speaker-at-gbta-convention-2017","status":"publish","type":"post","link":"https:\/\/gbta.org\/fr\/gbta-announces-general-david-petraeus-as-featured-speaker-at-gbta-convention-2017\/","title":{"rendered":"GBTA annonce le g\u00e9n\u00e9ral David Petraeus comme conf\u00e9rencier invit\u00e9 \u00e0 la GBTA Convention 2017"},"content":{"rendered":"<p>La semaine derni\u00e8re, la GBTA a annonc\u00e9 que l&#039;ancien directeur de la Central Intelligence Agency (CIA) et g\u00e9n\u00e9ral David Petraeus (arm\u00e9e am\u00e9ricaine, \u00e0 la retraite) serait conf\u00e9rencier invit\u00e9 \u00e0 la convention GBTA 2017, du 15 au 19 juillet \u00e0 Boston. Le g\u00e9n\u00e9ral Petraeus prononcera un bref discours, suivi d&#039;un entretien individuel \u00e0 la Convention Arena le lundi 17 juillet. Sa comparution est rendue possible gr\u00e2ce \u00e0 Domo.<\/p>\n<p><iframe loading=\"lazy\" src=\"https:\/\/www.youtube.com\/embed\/vBjEXvnPFys\" width=\"560\" height=\"315\" frameborder=\"0\" allowfullscreen=\"allowfullscreen\"><\/iframe><\/p>\n<p>Le g\u00e9n\u00e9ral Petraeus est l\u2019une des figures militaires am\u00e9ricaines les plus marquantes de l\u2019apr\u00e8s-11 septembre. Au cours de ses 37 ann\u00e9es de carri\u00e8re dans l&#039;arm\u00e9e am\u00e9ricaine, il a \u00e9t\u00e9 largement reconnu pour son leadership dans le cadre du Surge en Irak, qui a permis de redresser une situation d\u00e9sesp\u00e9r\u00e9e et de r\u00e9duire la violence en Irak de plus de 85 pour cent.<\/p>\n<p>Apr\u00e8s la retraite du g\u00e9n\u00e9ral Petraeus de l&#039;arm\u00e9e, et apr\u00e8s confirmation par le S\u00e9nat par un vote de 94 voix contre 0, il a \u00e9t\u00e9 directeur de la CIA, p\u00e9riode pendant laquelle l&#039;Agence a jou\u00e9 un r\u00f4le central dans un certain nombre de r\u00e9alisations importantes de la guerre mondiale. sur le terrorisme, a \u00e9tabli un plan de campagne strat\u00e9gique global pour l&#039;Agence et a poursuivi des initiatives visant \u00e0 investir des ressources suppl\u00e9mentaires dans l&#039;\u00e9l\u00e9ment le plus important de l&#039;Agence, son capital humain.<\/p>\n<p>Organis\u00e9e au Boston Convention and Exhibition Center, la GBTA Convention 2017 r\u00e9unira pr\u00e8s de 7 000 professionnels du voyage d&#039;affaires de plus de 50 pays \u00e0 travers le monde. Il mettra en vedette des conf\u00e9renciers de classe mondiale, plus de 80 sessions de formation de pointe, la plus grande exposition sur les voyages d&#039;affaires, une large s\u00e9lection d&#039;opportunit\u00e9s de d\u00e9veloppement professionnel et bien plus encore, offrant aux participants la possibilit\u00e9 de se d\u00e9velopper professionnellement et de faire des affaires.<\/p>\n<p>L&#039;inscription des participants est ouverte d\u00e8s maintenant. Inscrivez-vous avant le 25 avril 2017 pour recevoir jusqu&#039;\u00e0 $300 d&#039;\u00e9conomies. Plus d&#039;informations sur les programmes et les conf\u00e9renciers seront d\u00e9voil\u00e9es tout au long de l&#039;ann\u00e9e 2017. Pour les derniers d\u00e9veloppements et plus d&#039;informations, veuillez visiter gbta.org\/convention.<\/p>\n<p>L\u2019inscription des m\u00e9dias est gratuite et disponible en ligne. La troisi\u00e8me journ\u00e9e annuelle des m\u00e9dias de la GBTA, le 16 juillet 2017, pr\u00e9sentera tout au long de la matin\u00e9e des annonces d&#039;actualit\u00e9s cons\u00e9cutives \u00e9manant des plus grandes agences de voyages du monde entier, offrant ainsi aux m\u00e9dias un acc\u00e8s exclusif aux derni\u00e8res nouvelles de l&#039;industrie du voyage.<\/p>","protected":false},"excerpt":{"rendered":"<p>La semaine derni\u00e8re, GBTA a annonc\u00e9 l&#039;ancien directeur et g\u00e9n\u00e9ral de la Central Intelligence Agency (CIA) David Petraeus (US Army, Ret.) comme conf\u00e9rencier invit\u00e9 \u00e0 la GBTA Convention 2017, du 15 au 19 juillet \u00e0 Boston. Le g\u00e9n\u00e9ral Petraeus prononcera un bref discours, suivi d&#039;une entrevue individuelle \u00e0 la Convention Arena le lundi 17 juillet. Son apparition est rendue possible\u2026<\/p>","protected":false},"author":25,"featured_media":1361,"comment_status":"open","ping_status":"open","sticky":false,"template":"","format":"standard","meta":{"_acf_changed":false,"_seopress_robots_primary_cat":"","_seopress_titles_title":"","_seopress_titles_desc":"","_seopress_robots_index":"","om_disable_all_campaigns":false,"_relevanssi_hide_post":"","_relevanssi_hide_content":"","_relevanssi_pin_for_all":"","_relevanssi_pin_keywords":"","_relevanssi_unpin_keywords":"","_relevanssi_related_keywords":"","_relevanssi_related_include_ids":"","_relevanssi_related_exclude_ids":"","_relevanssi_related_no_append":"","_relevanssi_related_not_related":"","_relevanssi_related_posts":"","_relevanssi_noindex_reason":"","_kad_blocks_custom_css":"","_kad_blocks_head_custom_js":"","_kad_blocks_body_custom_js":"","_kad_blocks_footer_custom_js":"","_kad_post_transparent":"","_kad_post_title":"","_kad_post_layout":"","_kad_post_sidebar_id":"","_kad_post_content_style":"","_kad_post_vertical_padding":"","_kad_post_feature":"","_kad_post_feature_position":"","_kad_post_header":false,"_kad_post_footer":false,"footnotes":"","_links_to":"","_links_to_target":""},"categories":[79],"tags":[181,965,966,293,121,967],"class_list":["post-1400","post","type-post","status-publish","format-standard","has-post-thumbnail","hentry","category-safety-and-security","tag-convention","tag-general-petraeus","tag-petraeus","tag-risk","tag-security","tag-speaker"],"acf":[],"featured_image_src_large":["https:\/\/gbta.org\/wp-content\/uploads\/ConvergenceImage_1-002-1024x791.png",1024,791,true],"author_info":{"display_name":"jcampbell","author_link":"https:\/\/gbta.org\/fr\/author\/jcampbell\/"},"comment_info":"","category_info":[{"term_id":79,"name":"Safety and Security","slug":"safety-and-security","term_group":0,"term_taxonomy_id":79,"taxonomy":"category","description":"","parent":0,"count":237,"filter":"raw","cat_ID":79,"category_count":237,"category_description":"","cat_name":"Safety and Security","category_nicename":"safety-and-security","category_parent":0}],"tag_info":[{"term_id":181,"name":"Convention","slug":"convention","term_group":0,"term_taxonomy_id":181,"taxonomy":"post_tag","description":"","parent":0,"count":61,"filter":"raw"},{"term_id":965,"name":"General Petraeus","slug":"general-petraeus","term_group":0,"term_taxonomy_id":965,"taxonomy":"post_tag","description":"","parent":0,"count":1,"filter":"raw"},{"term_id":966,"name":"Petraeus","slug":"petraeus","term_group":0,"term_taxonomy_id":966,"taxonomy":"post_tag","description":"","parent":0,"count":2,"filter":"raw"},{"term_id":293,"name":"risk","slug":"risk","term_group":0,"term_taxonomy_id":293,"taxonomy":"post_tag","description":"","parent":0,"count":77,"filter":"raw"},{"term_id":121,"name":"security","slug":"security","term_group":0,"term_taxonomy_id":121,"taxonomy":"post_tag","description":"","parent":0,"count":48,"filter":"raw"},{"term_id":967,"name":"speaker","slug":"speaker","term_group":0,"term_taxonomy_id":967,"taxonomy":"post_tag","description":"","parent":0,"count":1,"filter":"raw"}],"taxonomy_info":{"category":[{"value":79,"label":"Safety and Security"}],"post_tag":[{"value":181,"label":"Convention"},{"value":965,"label":"General Petraeus"},{"value":966,"label":"Petraeus"},{"value":293,"label":"risk"},{"value":121,"label":"security"},{"value":967,"label":"speaker"}]},"featured_image_src":"https:\/\/gbta.org\/wp-content\/uploads\/ConvergenceImage_1-002.png","featured_image_src_square":"https:\/\/gbta.org\/wp-content\/uploads\/ConvergenceImage_1-002.png","mfb_rest_fields":["featured_image_src_large","author_info","comment_info","category_info","tag_info","taxonomy_info","featured_image_src","featured_image_src_square"],"_links":{"self":[{"href":"https:\/\/gbta.org\/fr\/wp-json\/wp\/v2\/posts\/1400","targetHints":{"allow":["GET"]}}],"collection":[{"href":"https:\/\/gbta.org\/fr\/wp-json\/wp\/v2\/posts"}],"about":[{"href":"https:\/\/gbta.org\/fr\/wp-json\/wp\/v2\/types\/post"}],"author":[{"embeddable":true,"href":"https:\/\/gbta.org\/fr\/wp-json\/wp\/v2\/users\/25"}],"replies":[{"embeddable":true,"href":"https:\/\/gbta.org\/fr\/wp-json\/wp\/v2\/comments?post=1400"}],"version-history":[{"count":0,"href":"https:\/\/gbta.org\/fr\/wp-json\/wp\/v2\/posts\/1400\/revisions"}],"wp:featuredmedia":[{"embeddable":true,"href":"https:\/\/gbta.org\/fr\/wp-json\/wp\/v2\/media\/1361"}],"wp:attachment":[{"href":"https:\/\/gbta.org\/fr\/wp-json\/wp\/v2\/media?parent=1400"}],"wp:term":[{"taxonomy":"category","embeddable":true,"href":"https:\/\/gbta.org\/fr\/wp-json\/wp\/v2\/categories?post=1400"},{"taxonomy":"post_tag","embeddable":true,"href":"https:\/\/gbta.org\/fr\/wp-json\/wp\/v2\/tags?post=1400"}],"curies":[{"name":"wp","href":"https:\/\/api.w.org\/{rel}","templated":true}]}}