{"id":1430,"date":"2022-07-20T09:52:22","date_gmt":"2022-07-20T13:52:22","guid":{"rendered":"https:\/\/gbta.org\/gbta-vdr-launch-registration-for-european-conference-in-2017\/"},"modified":"2022-08-11T11:33:49","modified_gmt":"2022-08-11T15:33:49","slug":"gbta-vdr-launch-registration-for-european-conference-in-2017","status":"publish","type":"post","link":"https:\/\/gbta.org\/fr\/gbta-vdr-launch-registration-for-european-conference-in-2017\/","title":{"rendered":"GBTA et VDR lancent les inscriptions \u00e0 la conf\u00e9rence europ\u00e9enne en 2017"},"content":{"rendered":"<p>La Global Business Travel Association (GBTA), la voix de l&#039;industrie mondiale du voyage d&#039;affaires, et son association partenaire allemande VDR, l&#039;association allemande du voyage d&#039;affaires, ont annonc\u00e9 que les inscriptions \u00e9taient ouvertes pour <a href=\"http:\/\/europeconference.gbta.org\/\">Conf\u00e9rence GBTA 2017 \u00e0 Francfort en partenariat avec VDR<\/a>.<\/p>\n<p>La conf\u00e9rence aura lieu du 28 au 30 novembre 2017 \u00e0 Francfort, en Allemagne, au Forum de la Messe Frankfurt. Le th\u00e8me de cette ann\u00e9e, Convergence, aborde les perturbations \u00e0 l&#039;\u00e9chelle de l&#039;industrie caus\u00e9es par la fusion de diverses fonctions, r\u00f4les et politiques. De l\u2019\u00e9volution du r\u00f4le du travel manager \u00e0 l\u2019\u00e9mergence de nouveaux acteurs et \u00e0 la transformation des acteurs existants sur le march\u00e9, ces disrupteurs ont ouvert la voie \u00e0 l\u2019\u00e9volution du voyage d\u2019affaires.<\/p>\n<p><iframe loading=\"lazy\" src=\"https:\/\/www.youtube.com\/embed\/hXAm-XIBn4c?list=PLkGxkp3hYZCaBkMWX839MPU6c7EdMbNY6\" width=\"560\" height=\"315\" frameborder=\"0\" allowfullscreen=\"allowfullscreen\"><\/iframe><\/p>\n<p>Nous sommes ravis de travailler \u00e0 nouveau avec VDR pour \u00e9laborer un programme ph\u00e9nom\u00e9nal pour les participants \u00e0 la conf\u00e9rence. Les professionnels du voyage d&#039;affaires qui participeront b\u00e9n\u00e9ficieront certainement de nos conf\u00e9renciers de classe mondiale, de nos sessions de formation sur mesure et de nos innombrables opportunit\u00e9s de r\u00e9seautage.<\/p>\n<p>\u00ab Notre partenariat commun nous permet de cr\u00e9er le plus grand \u00e9v\u00e9nement de voyage d&#039;affaires de ce type en Europe \u00bb, a d\u00e9clar\u00e9 Dirk Gerdom, pr\u00e9sident de VDR. \u00ab Nous sommes fiers d&#039;accueillir cet \u00e9v\u00e9nement et d&#039;offrir aux participants un programme exceptionnel pour la quatri\u00e8me ann\u00e9e cons\u00e9cutive. \u00bb<\/p>\n<p><iframe loading=\"lazy\" src=\"https:\/\/www.youtube.com\/embed\/rmzFNYXYgB0?list=PLkGxkp3hYZCaBkMWX839MPU6c7EdMbNY6\" width=\"560\" height=\"315\" frameborder=\"0\" allowfullscreen=\"allowfullscreen\"><\/iframe><\/p>\n<p>L&#039;inscription des participants est maintenant ouverte et <a href=\"http:\/\/europeconference.gbta.org\/Register\">disponible en ligne<\/a>. Inscrivez-vous avant le 20 juin 2017 pour un maximum <em>\u20ac<\/em>755\u20ac d&#039;\u00e9conomies. Pour les derniers d\u00e9veloppements, veuillez visiter <a href=\"http:\/\/europeconference.gbta.org\/\">europeconference.gbta.org<\/a>.<\/p>\n<p>L\u2019inscription des m\u00e9dias est gratuite pour les m\u00e9dias qualifi\u00e9s. La GBTA organisera \u00e9galement un cocktail m\u00e9diatique donnant aux journalistes l&#039;occasion d&#039;entendre les derni\u00e8res nouvelles directement des principaux fournisseurs de l&#039;industrie. Veuillez contacter Nikki Stimson au <a href=\"mailto:pressfra@gbta.org\">pressfra@gbta.org<\/a> pour plus d&#039;informations sur l&#039;enregistrement des m\u00e9dias.<\/p>","protected":false},"excerpt":{"rendered":"<p>La Global Business Travel Association (GBTA), la voix de l&#039;industrie mondiale du voyage d&#039;affaires, et son association partenaire allemande VDR, l&#039;Association allemande du voyage d&#039;affaires, ont annonc\u00e9 que les inscriptions \u00e9taient ouvertes pour la conf\u00e9rence GBTA 2017 de Francfort en partenariat avec VDR. La conf\u00e9rence aura lieu du 28 au 30 novembre 2017 \u00e0 Francfort, en Allemagne, au Forum de Messe\u2026<\/p>","protected":false},"author":25,"featured_media":0,"comment_status":"open","ping_status":"open","sticky":false,"template":"","format":"standard","meta":{"_acf_changed":false,"_seopress_robots_primary_cat":"","_seopress_titles_title":"","_seopress_titles_desc":"","_seopress_robots_index":"","om_disable_all_campaigns":false,"_relevanssi_hide_post":"","_relevanssi_hide_content":"","_relevanssi_pin_for_all":"","_relevanssi_pin_keywords":"","_relevanssi_unpin_keywords":"","_relevanssi_related_keywords":"","_relevanssi_related_include_ids":"","_relevanssi_related_exclude_ids":"","_relevanssi_related_no_append":"","_relevanssi_related_not_related":"","_relevanssi_related_posts":"","_relevanssi_noindex_reason":"","_kad_blocks_custom_css":"","_kad_blocks_head_custom_js":"","_kad_blocks_body_custom_js":"","_kad_blocks_footer_custom_js":"","_kad_post_transparent":"","_kad_post_title":"","_kad_post_layout":"","_kad_post_sidebar_id":"","_kad_post_content_style":"","_kad_post_vertical_padding":"","_kad_post_feature":"","_kad_post_feature_position":"","_kad_post_header":false,"_kad_post_footer":false,"footnotes":"","_links_to":"","_links_to_target":""},"categories":[37],"tags":[],"class_list":["post-1430","post","type-post","status-publish","format-standard","hentry","category-research-and-travel-trends"],"acf":[],"featured_image_src_large":false,"author_info":{"display_name":"jcampbell","author_link":"https:\/\/gbta.org\/fr\/author\/jcampbell\/"},"comment_info":"","category_info":[{"term_id":37,"name":"Research and Travel Trends","slug":"research-and-travel-trends","term_group":0,"term_taxonomy_id":37,"taxonomy":"category","description":"","parent":0,"count":967,"filter":"raw","cat_ID":37,"category_count":967,"category_description":"","cat_name":"Research and Travel Trends","category_nicename":"research-and-travel-trends","category_parent":0}],"tag_info":false,"taxonomy_info":{"category":[{"value":37,"label":"Research and Travel Trends"}]},"featured_image_src":null,"featured_image_src_square":null,"mfb_rest_fields":["featured_image_src_large","author_info","comment_info","category_info","tag_info","taxonomy_info","featured_image_src","featured_image_src_square"],"_links":{"self":[{"href":"https:\/\/gbta.org\/fr\/wp-json\/wp\/v2\/posts\/1430","targetHints":{"allow":["GET"]}}],"collection":[{"href":"https:\/\/gbta.org\/fr\/wp-json\/wp\/v2\/posts"}],"about":[{"href":"https:\/\/gbta.org\/fr\/wp-json\/wp\/v2\/types\/post"}],"author":[{"embeddable":true,"href":"https:\/\/gbta.org\/fr\/wp-json\/wp\/v2\/users\/25"}],"replies":[{"embeddable":true,"href":"https:\/\/gbta.org\/fr\/wp-json\/wp\/v2\/comments?post=1430"}],"version-history":[{"count":0,"href":"https:\/\/gbta.org\/fr\/wp-json\/wp\/v2\/posts\/1430\/revisions"}],"wp:attachment":[{"href":"https:\/\/gbta.org\/fr\/wp-json\/wp\/v2\/media?parent=1430"}],"wp:term":[{"taxonomy":"category","embeddable":true,"href":"https:\/\/gbta.org\/fr\/wp-json\/wp\/v2\/categories?post=1430"},{"taxonomy":"post_tag","embeddable":true,"href":"https:\/\/gbta.org\/fr\/wp-json\/wp\/v2\/tags?post=1430"}],"curies":[{"name":"wp","href":"https:\/\/api.w.org\/{rel}","templated":true}]}}