{"id":15657,"date":"2024-04-20T01:16:25","date_gmt":"2024-04-20T05:16:25","guid":{"rendered":"https:\/\/gbta.org\/?p=15657"},"modified":"2024-04-20T01:16:34","modified_gmt":"2024-04-20T05:16:34","slug":"politics-of-travel-government-travel-magic-carpet-rides-and-nominate-a-volunteer","status":"publish","type":"post","link":"https:\/\/gbta.org\/fr\/politics-of-travel-government-travel-magic-carpet-rides-and-nominate-a-volunteer\/","title":{"rendered":"Politiques de voyage\u00a0: voyages gouvernementaux, tours de tapis volant et nomination d&#039;un b\u00e9n\u00e9vole"},"content":{"rendered":"<p><strong>Avril est<\/strong>Mois national du b\u00e9n\u00e9volat. Sache que\u00a0<strong>Le personnel de GBTA appr\u00e9cie tout ce que vous faites. Au fil des ann\u00e9es, je m&#039;attends \u00e0 ce qu&#039;une multitude de courriels arrivent entre 16 heures et 18 heures lorsque vous passez de votre emploi r\u00e9mun\u00e9r\u00e9 \u00e0 votre emploi b\u00e9n\u00e9vole. Je suis toujours \u00e9poustoufl\u00e9 par le temps et l\u2019\u00e9nergie que vous consacrez \u00e0 renforcer l\u2019Association et, par extension, l\u2019industrie.\u00a0<\/strong><a href=\"https:\/\/media.giphy.com\/media\/xT0Gqrzn1W6penJbGw\/giphy.gif\" target=\"_blank\" rel=\"noreferrer noopener\">Merci!<\/a><\/p>\n\n\n\n<p><strong>\u00c0 cette fin,&nbsp;<\/strong>nous sommes heureux de r\u00e9introduire notre programme de b\u00e9n\u00e9vole du mois \u00e0 l&#039;\u00e9chelle mondiale. Rejoignez-nous pour reconna\u00eetre ceux qui donnent tant d&#039;eux-m\u00eames,&nbsp;<a href=\"https:\/\/lnkd.in\/exp6RKyH\">avec ce formulaire de nomination rapide<\/a><\/p>\n\n\n\n<p><a href=\"https:\/\/www.youtube.com\/watch?v=HPE9a_epmWw\" target=\"_blank\" rel=\"noreferrer noopener\"><strong>TOUR DE TAPIS MAGIQUE:<\/strong><\/a>\u00a0La GBTA poursuit ses efforts pour soutenir les efforts visant \u00e0 d\u00e9carboner l\u2019aviation. Pour ce faire, la production de carburants d\u2019aviation durables (SAF) doit \u00eatre augment\u00e9e.\u00a0<a href=\"https:\/\/gbta.org\/fr\/LinkClick.aspx\/?fileticket=RuWLtNpAVjw=&amp;portalid=0\" target=\"_blank\" rel=\"noreferrer noopener\">Cette semaine, la GBTA a envoy\u00e9 cette lettre aux membres du Parlement europ\u00e9en et aux conseillers concern\u00e9s des \u00c9tats membres de l\u2019UE.<\/a>\u00a0Il s&#039;agit d&#039;une r\u00e9ponse directe \u00e0 l&#039;amendement du Parlement \u00e0 une proposition de la Commission. Nous y exhortions les d\u00e9put\u00e9s europ\u00e9ens \u00e0\u00a0:<\/p>\n\n\n\n<ul class=\"wp-block-list\">\n<li>Soutenir la mise en place d\u2019un\u00a0<strong>Fonds pour l\u2019aviation durable\/Fonds pour la transition de l\u2019aviation<\/strong>\u00a0soutenir le d\u00e9veloppement et le d\u00e9ploiement de carburants d&#039;aviation durables avec des contributions provenant des amendes administratives li\u00e9es \u00e0 l&#039;obligation de m\u00e9lange. (<em>AM 14, AM 28, AM 29, AM 171, AM 331, AM 396<\/em>)<\/li>\n\n\n\n<li>\u00c9tablir\u00a0<strong>un syst\u00e8me de labellisation de la performance environnementale de l\u2019aviation<\/strong>, comme la certification SAF propos\u00e9e par le Forum \u00e9conomique mondial, pour fournir aux consommateurs des informations transparentes et harmonis\u00e9es sur l\u2019adoption du SAF par les exploitants a\u00e9riens. (<em>9, 31, 168, 372)<\/em><\/li>\n\n\n\n<li>\u00c9viter les distorsions indues du march\u00e9 dues \u00e0 l&#039;obligation de m\u00e9lange SAF entre les vols directs long-courriers et les vols indirects avec correspondance via une plateforme a\u00e9roportuaire situ\u00e9e en dehors de l&#039;UE en permettant aux compagnies a\u00e9riennes d&#039;obtenir\u00a0<strong>quotas gratuits pour l\u2019adoption de carburants d\u2019aviation durables dans le cadre du SEQE<\/strong>. (<em>AM 12, AM 25, AM 170, AM 288<\/em>)<\/li>\n\n\n\n<li>Assurer la comp\u00e9titivit\u00e9 des hubs europ\u00e9ens et \u00e9viter les fuites de carbone en collectant des donn\u00e9es sur la quantit\u00e9 de SAF fournie et achet\u00e9e aux<strong>\u00a0pays tiers avec lesquels l&#039;UE a conclu un accord europ\u00e9en sur les services a\u00e9riens<\/strong>\u00a0en place. (<em>AM 30<\/em>)<\/li>\n<\/ul>\n\n\n\n<p>Aux \u00c9tats-Unis, la GBTA continue de faire pression en faveur du cr\u00e9dit d&#039;imp\u00f4t SAF Blenders. Nous avons \u00e9t\u00e9 tr\u00e8s heureux de voir le pr\u00e9sident Biden\u00a0<a href=\"https:\/\/gbta.org\/fr\/blog\/gbta-applauds-biden-administrations-push-to-boost-sustainable-aviation-fuel-production-in-the-u-s\/\" target=\"_blank\" rel=\"noreferrer noopener\">discuter du soutien \u00e0 l\u2019initiative.<\/a>\u00a0\u00a0<\/p>\n\n\n\n<p>Au Canada, notre \u00e9quipe \u00e9tablit des relations et des partenariats essentiels pour soutenir les efforts de d\u00e9veloppement durable de GBTA Canada. La conf\u00e9rence GBTA Canada propose une programmation informative sur le sujet. Vous pouvez \u00e9galement vous attendre \u00e0 de nouvelles annonces passionnantes sur sc\u00e8ne \u2013 rendez-vous au Big Night In !<\/p>\n\n\n\n<p><a href=\"https:\/\/www.youtube.com\/watch?v=qHrN5Mf5sgo&amp;list=PL-f4W0WDGV14Tu23J05Rz5ab3JXjacJPJ&amp;index=1\" target=\"_blank\" rel=\"noreferrer noopener\"><strong>DE RETOUR AU BUREAU, DE RETOUR SUR LA ROUTE\u00a0:<\/strong><\/a><strong>\u00a0Des recherches r\u00e9centes sur la GBTA renforcent encore une position que la GBTA a soulev\u00e9e aupr\u00e8s du Congr\u00e8s en septembre lorsque la PDG de la GBTA, Suzanne Neufang<\/strong>\u00a0a t\u00e9moign\u00e9 devant la commission s\u00e9natoriale du commerce. Quatre acteurs de la GBTA sur dix (41%) d\u00e9clarent que le retour au bureau de leur entreprise est directement corr\u00e9l\u00e9 au retour des voyages d&#039;affaires. Plus de la moiti\u00e9 (55%) des personnes interrog\u00e9es d\u00e9clarent que leur entreprise a mis en place une politique permanente de retour au bureau.\u00a0<\/p>\n\n\n\n<p>La GBTA travaille avec d&#039;autres groupes industriels pour rechercher des moyens d&#039;encourager nos \u00e9lus \u00e0 montrer l&#039;exemple, \u00e0 rouvrir les bureaux gouvernementaux et \u00e0 relancer les voyages gouvernementaux. Cliquez ici pour voir plus de<a href=\"https:\/\/gbta.org\/fr\/blog\/global-business-travel-recovery-sees-double-digit-surge-since-february\/\" target=\"_blank\" rel=\"noreferrer noopener\">\u00a0dernier sondage sur la reprise des voyages d&#039;affaires de la GBTA<\/a><\/p>\n\n\n\n<p><strong>\u00ab BIEN QUE CE SOIT UNE FOLIE, POURTANT IL Y A UNE M\u00c9THODE \u00bb OU UNE CITATION ALTERNATRICE DE HAMLET \u2013 \u00ab MASQUER OU NE PAS MASQUER, TELLE EST LA QUESTION \u00bb\u00a0:<\/strong>&nbsp;Aux \u00c9tats-Unis, plus t\u00f4t cette semaine, un juge f\u00e9d\u00e9ral a d\u00e9clar\u00e9 que le CDC n&#039;avait pas le pouvoir d&#039;\u00e9mettre l&#039;obligation actuelle de porter des masques dans les transports publics, mettant ainsi fin \u00e0 l&#039;obligation de porter des masques dans les avions. A la demande du CDC, le minist\u00e8re de la Justice fait appel de cette d\u00e9cision pour prot\u00e9ger la sant\u00e9 des Am\u00e9ricains ainsi que l&#039;autorit\u00e9 du CDC. Le CDC a d\u00e9clar\u00e9 mercredi dans un communiqu\u00e9 qu&#039;il estime que sa r\u00e8gle sur le masque est \u00ab l\u00e9gale \u00bb et \u00ab tout \u00e0 fait dans le cadre de l&#039;autorit\u00e9 l\u00e9gale du CDC pour prot\u00e9ger la sant\u00e9 publique \u00bb. La Maison Blanche a d\u00e9clar\u00e9 \u00ab nous voulons pr\u00e9server \u00bb le pouvoir du CDC d&#039;imposer de futurs mandats de sant\u00e9 publique.<\/p>\n\n\n\n<p>Cependant, le DOJ aurait pu demander une suspension pour r\u00e9tablir imm\u00e9diatement la politique. Il n&#039;a pas. Je pense que l\u2019appel vise davantage \u00e0 pr\u00e9server l\u2019autorit\u00e9 du CDC. Je crois \u00e9galement que le g\u00e9nie est sorti de la bouteille, que le mandat dispara\u00eetra et qu&#039;il appartiendra \u00e0 chaque individu de d\u00e9cider s&#039;il souhaite ou non porter un masque.<\/p>\n\n\n\n<p><strong>POURQUOI ART THOU EXIGENCES DE TEST\u00a0:<\/strong>\u00a0Il est frustrant que, dans toute cette discussion sur un d\u00e9sagr\u00e9ment, on perde un v\u00e9ritable obstacle au voyage \u2013 l&#039;exigence de test 24 heures sur 24 pour tous les voyageurs reste en place. Pour donner suite au dernier POT, je vous demande d&#039;aller\u00a0<a href=\"https:\/\/twitter.com\/RepLouCorrea\/status\/1513927571120922624?s=20&amp;t=DX6-vaTvvGuZ61eLRkx8-Q\" target=\"_blank\" rel=\"noreferrer noopener\">et aimez et retweetez le tweet du repr\u00e9sentant Correa sur la lettre que lui et 16 membres bipartites du Congr\u00e8s ont envoy\u00e9e sur cette question.<\/a><\/p>\n\n\n\n<p>Pour ceux qui vivent aux \u00c9tats-Unis, veuillez envoyer cette lettre mise \u00e0 jour \u00e0 votre membre du Congr\u00e8s. Dites \u00e0 tous vos amis de faire de m\u00eame !\u00a0<a href=\"https:\/\/p2a.co\/LV1QE9s\" target=\"_blank\" rel=\"noreferrer noopener\">Mettre fin aux tests entrants aux \u00c9tats-Unis\u00a0<\/a>\u00a0<\/p>\n\n\n\n<p>J&#039;ai eu la chance de voyager de DCA \u00e0 PHX ce mardi matin. C\u2019\u00e9tait int\u00e9ressant de voir presque tout le monde porter un masque lors du contr\u00f4le de s\u00e9curit\u00e9. Cependant, les gens semblaient les enlever alors qu&#039;ils \u00e9taient assis \u00e0 la porte. Le trajet en avion co\u00fbtait 50 50. En quittant PHX, j&#039;ai vu beaucoup moins de personnes portant des masques \u00e0 l&#039;a\u00e9roport ou dans l&#039;avion. Je suppose que nous serons tous les n\u00f4tres d\u00e9sormais\u00a0<a href=\"https:\/\/www.youtube.com\/watch?v=llxXTlhggbo\" target=\"_blank\" rel=\"noreferrer noopener\">Rois de la route<\/a><\/p>\n\n\n\n<p>PS dites \u00e0 vos amis de s&#039;inscrire\u00a0<a href=\"https:\/\/www3.gbta.org\/l\/5572\/2019-12-03\/6dbnwn\" target=\"_blank\" rel=\"noreferrer noopener\">ici<\/a><\/p>","protected":false},"excerpt":{"rendered":"<p>Avril est le Mois national du volontariat. Sachez que le personnel de GBTA appr\u00e9cie tout ce que vous faites. Au fil des ann\u00e9es, je m&#039;attends \u00e0 ce qu&#039;une multitude de courriels arrivent entre 16 heures et 18 heures lorsque vous passez de votre emploi r\u00e9mun\u00e9r\u00e9 \u00e0 votre emploi b\u00e9n\u00e9vole. Je suis toujours \u00e9poustoufl\u00e9 par le temps et l\u2019\u00e9nergie que vous consacrez \u00e0 la r\u00e9alisation du\u2026<\/p>","protected":false},"author":14,"featured_media":0,"comment_status":"closed","ping_status":"closed","sticky":false,"template":"","format":"standard","meta":{"_acf_changed":false,"_seopress_robots_primary_cat":"none","_seopress_titles_title":"","_seopress_titles_desc":"","_seopress_robots_index":"","om_disable_all_campaigns":false,"_relevanssi_hide_post":"","_relevanssi_hide_content":"","_relevanssi_pin_for_all":"","_relevanssi_pin_keywords":"","_relevanssi_unpin_keywords":"","_relevanssi_related_keywords":"","_relevanssi_related_include_ids":"","_relevanssi_related_exclude_ids":"","_relevanssi_related_no_append":"","_relevanssi_related_not_related":"","_relevanssi_related_posts":"1,415,662,664,666,667","_relevanssi_noindex_reason":"","_kad_blocks_custom_css":"","_kad_blocks_head_custom_js":"","_kad_blocks_body_custom_js":"","_kad_blocks_footer_custom_js":"","_kad_post_transparent":"","_kad_post_title":"","_kad_post_layout":"","_kad_post_sidebar_id":"","_kad_post_content_style":"","_kad_post_vertical_padding":"","_kad_post_feature":"","_kad_post_feature_position":"","_kad_post_header":false,"_kad_post_footer":false,"footnotes":"","_links_to":"","_links_to_target":""},"categories":[1452],"tags":[],"class_list":["post-15657","post","type-post","status-publish","format-standard","hentry","category-gbta-advocacy-newsletters"],"acf":[],"featured_image_src_large":false,"author_info":{"display_name":"","author_link":"https:\/\/gbta.org\/fr\/author\/"},"comment_info":"","category_info":[{"term_id":1452,"name":"GBTA Advocacy Newsletters","slug":"gbta-advocacy-newsletters","term_group":0,"term_taxonomy_id":1452,"taxonomy":"category","description":"","parent":0,"count":29,"filter":"raw","cat_ID":1452,"category_count":29,"category_description":"","cat_name":"GBTA Advocacy Newsletters","category_nicename":"gbta-advocacy-newsletters","category_parent":0}],"tag_info":false,"taxonomy_info":{"category":[{"value":1452,"label":"GBTA Advocacy Newsletters"}]},"featured_image_src":null,"featured_image_src_square":null,"mfb_rest_fields":["featured_image_src_large","author_info","comment_info","category_info","tag_info","taxonomy_info","featured_image_src","featured_image_src_square"],"_links":{"self":[{"href":"https:\/\/gbta.org\/fr\/wp-json\/wp\/v2\/posts\/15657","targetHints":{"allow":["GET"]}}],"collection":[{"href":"https:\/\/gbta.org\/fr\/wp-json\/wp\/v2\/posts"}],"about":[{"href":"https:\/\/gbta.org\/fr\/wp-json\/wp\/v2\/types\/post"}],"author":[{"embeddable":true,"href":"https:\/\/gbta.org\/fr\/wp-json\/wp\/v2\/users\/14"}],"replies":[{"embeddable":true,"href":"https:\/\/gbta.org\/fr\/wp-json\/wp\/v2\/comments?post=15657"}],"version-history":[{"count":0,"href":"https:\/\/gbta.org\/fr\/wp-json\/wp\/v2\/posts\/15657\/revisions"}],"wp:attachment":[{"href":"https:\/\/gbta.org\/fr\/wp-json\/wp\/v2\/media?parent=15657"}],"wp:term":[{"taxonomy":"category","embeddable":true,"href":"https:\/\/gbta.org\/fr\/wp-json\/wp\/v2\/categories?post=15657"},{"taxonomy":"post_tag","embeddable":true,"href":"https:\/\/gbta.org\/fr\/wp-json\/wp\/v2\/tags?post=15657"}],"curies":[{"name":"wp","href":"https:\/\/api.w.org\/{rel}","templated":true}]}}