{"id":1598,"date":"2022-07-20T09:56:16","date_gmt":"2022-07-20T13:56:16","guid":{"rendered":"https:\/\/gbta.org\/conexao-brasil-gbta-newsletter-abril\/"},"modified":"2022-08-11T11:34:07","modified_gmt":"2022-08-11T15:34:07","slug":"conexao-brasil-gbta-newsletter-abril","status":"publish","type":"post","link":"https:\/\/gbta.org\/fr\/conexao-brasil-gbta-newsletter-abril\/","title":{"rendered":"Conex\u00e3o Brasil \u2013 GBTA Newsletter Abril"},"content":{"rendered":"<p><a id=\"story1\" name=\"story1\"><strong>L&#039;atelier de gestion des voyages d&#039;affaires Primeiro GBTA aura lieu \u00e0 Santiago<\/strong><\/a><\/p>\n<p><strong><img decoding=\"async\" alt=\"\" src=\"\/Portals\/0\/Images\/Blog\/2018\/April_LATAM_1_min.jpg\" style=\"width: 800px; height: 600px;\" title=\"\" \/><\/strong><\/p>\n<p>Le Chili se pr\u00e9pare \u00e0 la r\u00e9alisation du premier atelier de gestion des voyages d&#039;affaires GBTA, qui aura lieu le 17 avril prochain \u00e0 l&#039;h\u00f4tel InterContinental de Santiago, organis\u00e9 par la GBTA \u00e0 la Chambre commerciale nord-am\u00e9ricaine du Chili \u2013 Amcham Chili.<\/p>\n<p>O Workshop reunir\u00e1 ag\u00eancias de viagens, <em>gestionnaires de voyages<\/em> et des commer\u00e7ants dans un domaine d&#039;activit\u00e9, qui se lancent et r\u00e9pondent \u00e0 certains des principaux d\u00e9fis dans les domaines des finances et des ressources humaines dans le cadre de la gestion et des achats de personnes.<\/p>\n<p>Les participants peuvent \u00e9galement \u00eatre approfondis dans le contexte de la gestion de la technologie appliqu\u00e9e, de la mise en \u0153uvre des processus, de l&#039;\u00e9laboration de la politique des citoyens ainsi que du d\u00e9veloppement des accords. &nbsp;<\/p>\n<p>Pour des informations suppl\u00e9mentaires sur les tarifs et l&#039;inscription, cliquez ici.<\/p>\n<p>&nbsp;<\/p>\n<p><a id=\"story2\" name=\"story2\"><strong>Curitiba pr\u00e9pare sa deuxi\u00e8me conf\u00e9rence sur la beaut\u00e9 de l&#039;industrie des voyageurs d&#039;affaires<\/strong><\/a><\/p>\n<p><img decoding=\"async\" alt=\"\" src=\"\/Portals\/0\/April_LATAM_2_min.jpg\" style=\"width: 800px; height: 533px;\" title=\"\" \/><br \/>\nGr\u00e2ce au succ\u00e8s de la conf\u00e9rence de 2017, Curitiba se pr\u00e9pare \u00e0 recevoir plus de 120 professionnels de l&#039;industrie du transport corporatif lors de la deuxi\u00e8me conf\u00e9rence GBTA 2018. Les participants se r\u00e9uniront le 23 avril prochain dans cette ville prosp\u00e8re du Br\u00e9sil, pour conqu\u00e9rir Les d\u00e9sirs qui repr\u00e9sentent un monde en constante \u00e9volution.<\/p>\n<p>Parmi les th\u00e8mes \u00e0 priori trait\u00e9s, certains des plus puissants de l&#039;industrie sont : les d\u00e9fis et les opportunit\u00e9s de l&#039;h\u00f4tellerie dans un monde volatil, instable, complexe et ambigu\u00a0; technologie, tendances et innovation\u00a0; et l&#039;impact sur l&#039;\u00e9conomie partag\u00e9e sur la mobilit\u00e9 des entreprises, et sur la technologie et la gestion des voyages d&#039;affaires.<\/p>\n<p>Vous aurez \u00e9galement de grandes opportunit\u00e9s de <em>la mise en r\u00e9seau<\/em> entre les gestores de viagens de neg\u00f3cio, compradores e fornecedores. Pour des informations suppl\u00e9mentaires sur les tarifs et l&#039;inscription, cliquez ici.<\/p>\n<p>&nbsp;<\/p>\n<p><a id=\"story3\" name=\"story3\"><strong>GBTA lance le Blue Ribbon Education Panel<\/strong><\/a><\/p>\n<p><strong><img decoding=\"async\" alt=\"\" src=\"\/Portals\/0\/April_LATAM_3.jpg\" style=\"float: left; width: 295px; height: 129px;\" title=\"\" \/><\/strong>Afin d&#039;am\u00e9liorer l&#039;offre \u00e9ducative, la GBTA a lanc\u00e9 le Blue Ribbon Education Panel. Int\u00e9gr\u00e9 \u00e0 d&#039;importants dirigeants de l&#039;industrie du commerce, le visa d\u00e9termin\u00e9 d\u00e9termine la pertinence du contenu \u00e9ducatif disponible aupr\u00e8s de l&#039;association, identifiant les opportunit\u00e9s et optimisant les Canadiens avec une formation sans exp\u00e9rience \u00e9ducative pour les professionnels de l&#039;industrie.<\/p>\n<p>\u00ab Cela acc\u00e9l\u00e8re l&#039;industrie alors qu&#039;il est imp\u00e9ratif que la GBTA avance constamment son programme \u00e9ducatif pour ajuster chaque fois plus les n\u00e9cessit\u00e9s de nos membres et les pr\u00e9parer pour le futur de la gestion des voyageurs \u00bb, a affirm\u00e9 Christle Johnson, pr\u00e9sidente de la GBTA.<\/p>\n<p>\u00ab \u00c0 ce sujet, il est assur\u00e9 que le programme \u00e9ducatif de la GBTA comprend les besoins de tous les membres, ind\u00e9pendamment de leur position ou de leur type d&#039;affiliation, et cr\u00e9e vraiment une rotation professionnelle con\u00e7ue pour et pour leurs membres \u00bb, a affirm\u00e9 Jennifer Steinke, Membre de la Junta Diretora de GBTA et pr\u00e9sident du Blue Ribbon Education Panel.<\/p>\n<p>Le tableau a eu sa premi\u00e8re r\u00e9union en 2017 pour lancer l&#039;aval de l&#039;offre actuelle et identifier les domaines du nouveau contenu et des m\u00e9thodes \u00e9ducatives. Le groupe a continu\u00e9 \u00e0 travailler tout au long de l&#039;ann\u00e9e 2018 pour comprendre les n\u00e9cessit\u00e9s des membres impliqu\u00e9s dans les enqu\u00eates, les discussions et les tables rondes, ainsi que les conqu\u00eates et les lacunes, et apprendre les comp\u00e9tences pratiques des sp\u00e9cialistes dans le camp de l&#039;\u00e9ducation et du d\u00e9veloppement professionnel. Enfin, le Painel a fait des recommandations au directeur de la GBTA concernant la future strat\u00e9gie d&#039;offre \u00e9ducative de la GBTA.<\/p>\n<p>Pour des informations suppl\u00e9mentaires sur les int\u00e9grants du Blue Ribbon Education Panel, cliquez <a href=\"https:\/\/gbta.org\/fr\/news-and-advocacy\/newsroom\/userid\/12\/gbta-launches-blue-ribbon-education-panel\/\">ici<\/a>.<\/p>\n<p>&nbsp;<\/p>\n<p><a id=\"story4\" name=\"story4\"><strong>Plus de 500 professionnels de voyages corporatifs ont particip\u00e9 \u00e0 la conf\u00e9rence GBTA 2018 \u2013 Ciudad de M\u00e9xico<\/strong><\/a><\/p>\n<p><img decoding=\"async\" alt=\"\" src=\"\/Portals\/0\/Images\/Blog\/2018\/April_LATAM_4_min.jpg\" style=\"width: 800px; height: 533px;\" title=\"\" \/><br \/>\nLa conf\u00e9rence GBTA de Mexique, d&#039;Am\u00e9rique centrale et des Cara\u00efbes, organis\u00e9e les jours 21 et 23 mars, a r\u00e9affirm\u00e9 sa position en tant que l&#039;un des \u00e9v\u00e9nements les plus solides de la r\u00e9gion avec la participation de plus de 500 professionnels du secteur priv\u00e9.<\/p>\n<p>Des conf\u00e9renciers de divers pays \u00e9taient comme Jennifer Steinke, membre de la junte directrice de la GBTA\u00a0; Leandro Bonfranceschi, responsable Corporate d&#039;Amadeus pour l&#039;Am\u00e9rique latine et les Cara\u00efbes\u00a0; Jay Galindo, vice-pr\u00e9sident de la s\u00e9curit\u00e9 de Marriott International et Jos\u00e9 Roberto Fonseca, directeur r\u00e9gional des voyages Merk Sharp &amp; Done, entre autres, ont partag\u00e9 leurs connaissances sur les tendances en mati\u00e8re de s\u00e9curit\u00e9 et l&#039;avenir des voyageurs commerciaux. Il a \u00e9galement \u00e9t\u00e9 abord\u00e9 comme obtenant le meilleur retour d&#039;investissement chez les gens comme l&#039;un des th\u00e8mes des s\u00e9ances \u00e9ducatives, qui ont une excellente participation. &nbsp;<\/p>\n<p>Os participants interagissent, aussi, nas&nbsp;<em>Expositions commerciales<\/em>&nbsp;Onde tiveram a opportunidade de se conhecerem, fazer intercambio d&#039;id\u00e9ias et se connecter pour de futures strat\u00e9gies. Pendant trois jours intenses, on peut percevoir un camaradage entre tous les pr\u00e9sents.<\/p>\n<p>\u00ab Que nous soyons, \u00e0 ce moment-l\u00e0, tant au niveau national qu&#039;au niveau mondial, nous motivons pour obtenir une plus grande productivit\u00e9 et une meilleure conscience du client. C&#039;est notre objectif qui est de trouver la meilleure chose \u00e0 chaque fois, d&#039;am\u00e9liorer les s\u00e9ances \u00e9ducatives, en pensant qu&#039;elles ont des relations et, bien s\u00fbr, de profiter et de revenir avec de nombreuses id\u00e9es et strat\u00e9gies dans la politique de vie pour mettre en \u0153uvre cette ann\u00e9e&quot;, foram as Des discours de boas-vindas \u00e0 la Conf\u00e9rence GBTA M\u00e9xico 2018 exprim\u00e9s par son pr\u00e9sident Enrique Ch\u00e1vez V. lors de l&#039;inauguration de l&#039;\u00e9v\u00e9nement, qui a eu lieu \u00e0 l&#039;Expo Santa Fe du CDMX.<\/p>\n<p><img decoding=\"async\" alt=\"\" src=\"\/Portals\/0\/Images\/Blog\/2018\/April_LATAM_5_min.jpg\" style=\"float: right; width: 551px; height: 403px;\" title=\"\" \/><\/p>\n<p><a id=\"story5\" name=\"story5\"><strong>Guia para fornecedores de Viagens Corporativas<\/strong><\/a><\/p>\n<p>\u00cates-vous fournisseur de services de Viagens Corporativas? C&#039;est pourquoi vous avez pour objectif d&#039;augmenter vos ventes dans un segment\u00a0? Nous \u00e9laborons un guide pour am\u00e9liorer votre strat\u00e9gie. Inclut une estimation de l&#039;investissement des voyageurs corporatifs en Am\u00e9rique Latine et aux Cara\u00efbes et plus\u2026.<\/p>\n<p><a href=\"http:\/\/www3.gbta.org\/GuiaparaproveedoresLATAM\">T\u00e9l\u00e9charger une assistance gratuite<\/a><strong> &gt;<\/strong><\/p>","protected":false},"excerpt":{"rendered":"<p>Newsletter d&#039;avril pour GBTA Brasil.<\/p>","protected":false},"author":25,"featured_media":0,"comment_status":"open","ping_status":"open","sticky":false,"template":"","format":"standard","meta":{"_acf_changed":false,"_seopress_robots_primary_cat":"","_seopress_titles_title":"","_seopress_titles_desc":"","_seopress_robots_index":"","om_disable_all_campaigns":false,"_relevanssi_hide_post":"","_relevanssi_hide_content":"","_relevanssi_pin_for_all":"","_relevanssi_pin_keywords":"","_relevanssi_unpin_keywords":"","_relevanssi_related_keywords":"","_relevanssi_related_include_ids":"","_relevanssi_related_exclude_ids":"","_relevanssi_related_no_append":"","_relevanssi_related_not_related":"","_relevanssi_related_posts":"","_relevanssi_noindex_reason":"","_kad_blocks_custom_css":"","_kad_blocks_head_custom_js":"","_kad_blocks_body_custom_js":"","_kad_blocks_footer_custom_js":"","_kad_post_transparent":"","_kad_post_title":"","_kad_post_layout":"","_kad_post_sidebar_id":"","_kad_post_content_style":"","_kad_post_vertical_padding":"","_kad_post_feature":"","_kad_post_feature_position":"","_kad_post_header":false,"_kad_post_footer":false,"footnotes":"","_links_to":"","_links_to_target":""},"categories":[37],"tags":[1190],"class_list":["post-1598","post","type-post","status-publish","format-standard","hentry","category-research-and-travel-trends","tag-latamnewsletter"],"acf":[],"featured_image_src_large":false,"author_info":{"display_name":"jcampbell","author_link":"https:\/\/gbta.org\/fr\/author\/jcampbell\/"},"comment_info":"","category_info":[{"term_id":37,"name":"Research and Travel Trends","slug":"research-and-travel-trends","term_group":0,"term_taxonomy_id":37,"taxonomy":"category","description":"","parent":0,"count":966,"filter":"raw","cat_ID":37,"category_count":966,"category_description":"","cat_name":"Research and Travel Trends","category_nicename":"research-and-travel-trends","category_parent":0}],"tag_info":[{"term_id":1190,"name":"LATAMnewsletter","slug":"latamnewsletter","term_group":0,"term_taxonomy_id":1190,"taxonomy":"post_tag","description":"","parent":0,"count":30,"filter":"raw"}],"taxonomy_info":{"category":[{"value":37,"label":"Research and Travel Trends"}],"post_tag":[{"value":1190,"label":"LATAMnewsletter"}]},"featured_image_src":null,"featured_image_src_square":null,"mfb_rest_fields":["featured_image_src_large","author_info","comment_info","category_info","tag_info","taxonomy_info","featured_image_src","featured_image_src_square"],"_links":{"self":[{"href":"https:\/\/gbta.org\/fr\/wp-json\/wp\/v2\/posts\/1598","targetHints":{"allow":["GET"]}}],"collection":[{"href":"https:\/\/gbta.org\/fr\/wp-json\/wp\/v2\/posts"}],"about":[{"href":"https:\/\/gbta.org\/fr\/wp-json\/wp\/v2\/types\/post"}],"author":[{"embeddable":true,"href":"https:\/\/gbta.org\/fr\/wp-json\/wp\/v2\/users\/25"}],"replies":[{"embeddable":true,"href":"https:\/\/gbta.org\/fr\/wp-json\/wp\/v2\/comments?post=1598"}],"version-history":[{"count":0,"href":"https:\/\/gbta.org\/fr\/wp-json\/wp\/v2\/posts\/1598\/revisions"}],"wp:attachment":[{"href":"https:\/\/gbta.org\/fr\/wp-json\/wp\/v2\/media?parent=1598"}],"wp:term":[{"taxonomy":"category","embeddable":true,"href":"https:\/\/gbta.org\/fr\/wp-json\/wp\/v2\/categories?post=1598"},{"taxonomy":"post_tag","embeddable":true,"href":"https:\/\/gbta.org\/fr\/wp-json\/wp\/v2\/tags?post=1598"}],"curies":[{"name":"wp","href":"https:\/\/api.w.org\/{rel}","templated":true}]}}