{"id":1614,"date":"2018-05-08T09:56:00","date_gmt":"2018-05-08T13:56:00","guid":{"rendered":"https:\/\/gbta.org\/newsletter-gbta-america-latina-mayo-2018\/"},"modified":"2022-10-02T11:25:54","modified_gmt":"2022-10-02T15:25:54","slug":"newsletter-gbta-america-latina-mayo-2018","status":"publish","type":"post","link":"https:\/\/gbta.org\/fr\/newsletter-gbta-america-latina-mayo-2018\/","title":{"rendered":"Newsletter: GBTA Am\u00e9rica Latina Mayo 2018"},"content":{"rendered":"<p><a id=\"story1\" name=\"story1\"><strong>La premi\u00e8re conf\u00e9rence GBTA au Costa Rica aura lieu le 16 mai<\/strong><\/a><\/p>\n<p><img decoding=\"async\" alt=\"\" src=\"\/Portals\/0\/Images\/Blog\/2018\/LATAM_May_1.JPG\" style=\"width: 800px;height: 459px\" title=\"\"><\/p>\n<p>Il y a trois cours pour les gestionnaires de voyages d&#039;affaires, le Costa Rica est sur la liste de votre premi\u00e8re conf\u00e9rence, elle aura lieu \u00e0 San Jos\u00e9 le 16 mai avec l&#039;apoyo \u00e9galement de la Chambre Costarricense d&#039;H\u00f4tels et du Bureau des Congr\u00e8s du Costa Rica.<\/p>\n<p>Au Chili et au Panama, le pays est l&#039;un des march\u00e9s \u00e9mergents en Am\u00e9rique latine qui exp\u00e9rimente un plus grand accroissement dans le segment des voyages d&#039;affaires, y compris les voyages d&#039;incitation. Actuellement, les pays qui sont \u00e0 la t\u00eate de cette industrie dans la r\u00e9gion du Br\u00e9sil, du Mexique et de la Colombie.<\/p>\n<p>La Conf\u00e9rence GBTA 2018 \u2013 San Jos\u00e9, qui aura pour si\u00e8ge l&#039;h\u00f4tel Radisson, sera une journ\u00e9e d&#039;un jour o\u00f9 vous rencontrerez des s\u00e9ances d&#039;int\u00e9r\u00eat, comme le cas des exp\u00e9riences valorisantes dans la gestion des voyages d&#039;affaires, le futur des entreprises. , le gestionnaire de la gestion du risque et de nouveaux juges en technologie.<\/p>\n<p>En outre, vous aborderez la tendance vers le <em>plaisir<\/em>, qui combine le voyage de n\u00e9gociation avec le temps libre et repr\u00e9sente une tendance principale entre les <em>la g\u00e9n\u00e9ration Y<\/em>, qui a domin\u00e9 en 10 ans un 60% le petit groupe de voyages d&#039;affaires et qui s&#039;int\u00e9resse \u00e9galement \u00e0 son grand int\u00e9r\u00eat pour la technologie, a d\u00e9clar\u00e9 Roberto Morales, directeur r\u00e9gional de GBTA pour l&#039;Am\u00e9rique Latine.<\/p>\n<p>La conf\u00e9rence, qui esp\u00e8re avoir l&#039;assistance de 120 personnes, aura \u00e9galement une vaste zone d&#039;exposition de fournisseurs. Pour plus d&#039;informations, cliquez ici <a href=\"http:\/\/(https:\/\/gbta.org\/calendar\/programs-by-location\/latin-america\/costa-rica\/san-jose)\">ici<\/a>.&nbsp;<\/p>\n<p>&nbsp;<\/p>\n<p><a id=\"story2\" name=\"story2\"><strong>Avec une grande assistance et satisfaction des participants culminant aux \u00e9v\u00e9nements de GBTA \u00e0 Curitiba, au Br\u00e9sil et \u00e0 Santiago du Chili<\/strong><\/a><\/p>\n<p><img decoding=\"async\" alt=\"\" src=\"\/Portals\/0\/Images\/Blog\/2018\/LATAM_May_2.jpg\" style=\"width: 800px;height: 514px\" title=\"\"><\/p>\n<p>Dans sa deuxi\u00e8me \u00e9dition, la Conf\u00e9rence GBTA 2018 \u2013 Curitiba a r\u00e9uni le 23 avril plus de 100 professionnels de l&#039;industrie du voyage et des fournisseurs de la r\u00e9gion sud-est et du Br\u00e9sil. Le contenu acad\u00e9mique, ainsi que l&#039;offre de services pour l&#039;am\u00e9lioration de tous les participants, et son succ\u00e8s confirment la c\u00e9l\u00e9bration de la troisi\u00e8me \u00e9dition de cette conf\u00e9rence nouvelle dans la capitale de l&#039;\u00c9tat de Paran\u00e1 pour le premier semestre de 2019.<\/p>\n<p>Le 17 avril a \u00e9galement \u00e9t\u00e9 c\u00e9l\u00e9br\u00e9 le grand succ\u00e8s de l&#039;atelier Primer GBTA Business Travel Management \u00e0 Santiago du Chili, organis\u00e9 par la GBTA et la Chambre chilienne nord-am\u00e9ricaine du commerce Amcham Chili.<\/p>\n<p>Ricardo Margulis, pr\u00e9sident du comit\u00e9 de tourisme de l&#039;AmCham a rappel\u00e9 l&#039;importance de la figure du gestionnaire de voyages d&#039;affaires : \u00ab il est important de conna\u00eetre tous les prestataires de services impliqu\u00e9s dans l&#039;industrie du tourisme, en particulier lorsqu&#039;ils traitent de voyages corporatifs. Au Chili, la figure du <em>gestionnaire de voyage<\/em> Nous avons avanc\u00e9 de mani\u00e8re lente mais s\u00fbre, et c&#039;est pour cela que nous avons besoin de d\u00e9finir une strat\u00e9gie qui nous permet de savoir ce que nous cherchons et quels sont nos objectifs dans ce domaine pour optimiser nos ressources et maximiser nos b\u00e9n\u00e9fices \u00bb.<\/p>\n<p>&nbsp;<\/p>\n<p><a id=\"story3\" name=\"story3\"><strong>S\u00e3o Paulo<\/strong><strong> c\u00e9l\u00e9brera sa conf\u00e9rence GBTA 2018 en juin<\/strong><\/a><\/p>\n<p><img decoding=\"async\" alt=\"\" src=\"\/Portals\/0\/Images\/Blog\/2018\/LATAM_May_3.JPG\" style=\"width: 800px;height: 483px\" title=\"\"><\/p>\n<p>L\u2019industrie du commerce \u00e9volue rapidement sans pr\u00e9c\u00e9dent dans le monde et le Br\u00e9sil est l\u2019un des grands march\u00e9s d\u2019Am\u00e9rique latine et des Cara\u00efbes. C&#039;est pourquoi S\u00e3o Paulo se pr\u00e9pare \u00e0 c\u00e9l\u00e9brer la sexta \u00e9dition de la Conf\u00e9rence GBTA, qui aura lieu le 11 juin prochain. <a href=\"https:\/\/www.oetkercollection.com\/pt\/destinations\/palacio-tangara\/\" target=\"_blank\" rel=\"noopener\">Palais Tangar\u00e1 S\u00e3o Paulo<\/a><strong>. <\/strong><\/p>\n<p>En attendant plus d&#039;un centenaire de participants, ils auront acc\u00e8s \u00e0 des s\u00e9ances \u00e9ducatives et \u00e0 des forums d&#039;avant-garde sur des th\u00e8mes d&#039;int\u00e9r\u00eat pour l&#039;industrie du voyage corporatif et \u00e0 une large exposition de produits et de services. Pour plus d&#039;informations et d&#039;inscriptions, entrez <a href=\"https:\/\/gbta.org\/fr\/calendar\/all-programs\/eventid\/38\/e\/conferencia-gbta-2018-sao-paulo-11-jun-2018\/\">ici<\/a>.&nbsp;<\/p>\n<p>&nbsp;<\/p>\n<p><a id=\"story4\" name=\"story4\"><strong>Ventes de faire <em>la mise en r\u00e9seau<\/em> aux \u00e9v\u00e9nements de <em>Association mondiale du voyage d&#039;affaires<\/em> <\/strong><\/a><\/p>\n<p><strong><em><img decoding=\"async\" alt=\"\" src=\"\/Portals\/0\/Images\/Blog\/2018\/GBTALATAM2.jpg\" style=\"width: 680px;height: 453px\" title=\"\"><\/em><\/strong><\/p>\n<p>En un ambiente tan segmentado y competitivo es important entender que el mantener relaciones laborales es una pieza esencial para el crecimiento de nuestra carrera y nuestra organizaci\u00f3n. <b><a href=\"https:\/\/gbta.org\/fr\/news-and-advocacy\/commentary\/postid\/4156\/ventajas-de-hacer-networking-en-los-eventos-de-global-business-travel-association\/\">Lire la suite<\/a>.<\/b><\/p>","protected":false},"excerpt":{"rendered":"<p>GBTA Newsletter pour la r\u00e9gion Am\u00e9rique latine du mois de mai.<\/p>","protected":false},"author":25,"featured_media":0,"comment_status":"open","ping_status":"open","sticky":false,"template":"","format":"standard","meta":{"_acf_changed":false,"_seopress_robots_primary_cat":"none","_seopress_titles_title":"","_seopress_titles_desc":"","_seopress_robots_index":"","om_disable_all_campaigns":false,"_relevanssi_hide_post":"","_relevanssi_hide_content":"","_relevanssi_pin_for_all":"","_relevanssi_pin_keywords":"","_relevanssi_unpin_keywords":"","_relevanssi_related_keywords":"","_relevanssi_related_include_ids":"","_relevanssi_related_exclude_ids":"","_relevanssi_related_no_append":"","_relevanssi_related_not_related":"","_relevanssi_related_posts":"1576,1957,6093,4069,1782,1970","_relevanssi_noindex_reason":"","_kad_blocks_custom_css":"","_kad_blocks_head_custom_js":"","_kad_blocks_body_custom_js":"","_kad_blocks_footer_custom_js":"","_kad_post_transparent":"","_kad_post_title":"","_kad_post_layout":"","_kad_post_sidebar_id":"","_kad_post_content_style":"","_kad_post_vertical_padding":"","_kad_post_feature":"","_kad_post_feature_position":"","_kad_post_header":false,"_kad_post_footer":false,"footnotes":"","_links_to":"","_links_to_target":""},"categories":[37],"tags":[1190],"class_list":["post-1614","post","type-post","status-publish","format-standard","hentry","category-research-and-travel-trends","tag-latamnewsletter"],"acf":[],"featured_image_src_large":false,"author_info":{"display_name":"jcampbell","author_link":"https:\/\/gbta.org\/fr\/author\/jcampbell\/"},"comment_info":"","category_info":[{"term_id":37,"name":"Research and Travel Trends","slug":"research-and-travel-trends","term_group":0,"term_taxonomy_id":37,"taxonomy":"category","description":"","parent":0,"count":966,"filter":"raw","cat_ID":37,"category_count":966,"category_description":"","cat_name":"Research and Travel Trends","category_nicename":"research-and-travel-trends","category_parent":0}],"tag_info":[{"term_id":1190,"name":"LATAMnewsletter","slug":"latamnewsletter","term_group":0,"term_taxonomy_id":1190,"taxonomy":"post_tag","description":"","parent":0,"count":30,"filter":"raw"}],"taxonomy_info":{"category":[{"value":37,"label":"Research and Travel Trends"}],"post_tag":[{"value":1190,"label":"LATAMnewsletter"}]},"featured_image_src":null,"featured_image_src_square":null,"mfb_rest_fields":["featured_image_src_large","author_info","comment_info","category_info","tag_info","taxonomy_info","featured_image_src","featured_image_src_square"],"_links":{"self":[{"href":"https:\/\/gbta.org\/fr\/wp-json\/wp\/v2\/posts\/1614","targetHints":{"allow":["GET"]}}],"collection":[{"href":"https:\/\/gbta.org\/fr\/wp-json\/wp\/v2\/posts"}],"about":[{"href":"https:\/\/gbta.org\/fr\/wp-json\/wp\/v2\/types\/post"}],"author":[{"embeddable":true,"href":"https:\/\/gbta.org\/fr\/wp-json\/wp\/v2\/users\/25"}],"replies":[{"embeddable":true,"href":"https:\/\/gbta.org\/fr\/wp-json\/wp\/v2\/comments?post=1614"}],"version-history":[{"count":0,"href":"https:\/\/gbta.org\/fr\/wp-json\/wp\/v2\/posts\/1614\/revisions"}],"wp:attachment":[{"href":"https:\/\/gbta.org\/fr\/wp-json\/wp\/v2\/media?parent=1614"}],"wp:term":[{"taxonomy":"category","embeddable":true,"href":"https:\/\/gbta.org\/fr\/wp-json\/wp\/v2\/categories?post=1614"},{"taxonomy":"post_tag","embeddable":true,"href":"https:\/\/gbta.org\/fr\/wp-json\/wp\/v2\/tags?post=1614"}],"curies":[{"name":"wp","href":"https:\/\/api.w.org\/{rel}","templated":true}]}}