{"id":1677,"date":"2018-08-03T09:57:00","date_gmt":"2018-08-03T13:57:00","guid":{"rendered":"https:\/\/gbta.org\/gbta-unveils-media-day-line-up-for-gbta-convention-2018\/"},"modified":"2022-10-02T11:05:14","modified_gmt":"2022-10-02T15:05:14","slug":"gbta-unveils-media-day-line-up-for-gbta-convention-2018","status":"publish","type":"post","link":"https:\/\/gbta.org\/fr\/gbta-unveils-media-day-line-up-for-gbta-convention-2018\/","title":{"rendered":"GBTA d\u00e9voile la programmation de la journ\u00e9e des m\u00e9dias pour la GBTA Convention 2018"},"content":{"rendered":"<p>Le monde du voyage est d\u00e9sormais \u00e0 port\u00e9e de main, les fronti\u00e8res s\u2019estompant et les gens se croisent aux quatre coins du globe. Cet \u00e9lan ne s&#039;arr\u00eate jamais alors que le secteur du voyage d&#039;affaires \u00e9volue \u00e0 un rythme sans pr\u00e9c\u00e9dent. De nouvelles technologies sont apparues, transformant le visage du programme de voyage mondial. De nouveaux risques de s\u00e9curit\u00e9 sont apparus et menacent l\u2019industrie \u00e0 l\u2019\u00e9chelle mondiale. Face \u00e0 tout cela, les entreprises innovent constamment pour r\u00e9pondre aux besoins changeants du secteur.<\/p>\n<p><strong>Le dimanche 12 ao\u00fbt \u00e0 partir de 9h, le Media Day est de retour pour sa quatri\u00e8me ann\u00e9e et reviendra une fois de plus au GBTA Broadcast Studio. Plus de deux douzaines d&#039;entreprises publieront leurs derni\u00e8res nouvelles dans le cadre de l&#039;\u00e9v\u00e9nement depuis le GBTA Broadcast Studio dans le hall D du San Diego Convention Center.<\/strong><\/p>\n<p>Une zone d&#039;observation sp\u00e9ciale, juste en face du studio, sera disponible pour les journalistes pr\u00e9sents en personne et le petit-d\u00e9jeuner sera servi. Monisa Cline, experte de l&#039;industrie du voyage et pr\u00e9sentatrice du GBTA Media Day, interviewera des dirigeants d&#039;entreprises lors d&#039;entretiens individuels en direct, devant la cam\u00e9ra, sur leurs nouveaux produits et annonces.<\/p>\n<p>La presse aura l&#039;occasion de poser des questions \u00e0 chaque participant apr\u00e8s leurs entretiens et \u00e0 la fin de chaque heure de programmation ou pourra \u00e9galement organiser des entretiens de suivi individuels tout au long de la semaine. Les journalistes qui ne peuvent pas venir en personne peuvent se connecter via convention.gbta.org ou notre flux Facebook Live !<\/p>\n<p><strong>Le programme complet de la Journ\u00e9e des m\u00e9dias de cette ann\u00e9e est le suivant\u00a0:<\/strong><\/p>\n<p><strong>9h-10h<\/strong><\/p>\n<ul>\n<li>T\u00e9l\u00e9portation de bagages \u2013 Benjamin Eu, co-fondateur et chef de produit<\/li>\n<li>Blacklane - Sascha Meskendahl, directeur des revenus<\/li>\n<li>TravelBank - Katie Mentus, responsable du design et du marketing<\/li>\n<li>Deem - John F. Rizzo, PDG, COO, pr\u00e9sident, Deem<\/li>\n<li>Way.com \u2013 Bhumi Bhutani, co-fondateur<\/li>\n<li>Virgin Atlantic \u2013 Oli Byers, SVP Sales and Customer Loyalty, Virgin Atlantic<\/li>\n<li>Route festive \u2013 Caroline Strachan, associ\u00e9e directrice; Thomas Tulloch, directeur g\u00e9n\u00e9ral, Am\u00e9rique du Nord, Predict.X<\/li>\n<\/ul>\n<p>&nbsp;<\/p>\n<p><strong>10h-11h<\/strong><\/p>\n<ul>\n<li>SAP Concur \u2013 Doug Anderson, vice-pr\u00e9sident directeur, Produits de voyage mondiaux<\/li>\n<li>ReloQuest Inc. \u2013 Jeff Mahoney, directeur de l&#039;exploitation<\/li>\n<li>WorkTrip \u2013 Heather Haigler, co-fondatrice<\/li>\n<li>SpotHero pour les entreprises \u2013 Becca Rabinowitz, responsable de SpotHero pour les entreprises<\/li>\n<li>Vedius Business \u2013 Dr Constantine George, m\u00e9decin-chef d&#039;EPITOMEDICAL\/fondateur de Vedius et Vedius Business<\/li>\n<li>Yapta \u2013 James Filsinger, pr\u00e9sident et chef de la direction<\/li>\n<\/ul>\n<p>&nbsp;<\/p>\n<p><strong>11h-12h<\/strong><\/p>\n<ul>\n<li>ARC - Chuck Thackston, directeur g\u00e9n\u00e9ral de la science des donn\u00e9es et de la recherche<\/li>\n<li>AppZen \u2013 John Narbaitz, responsable des ventes<\/li>\n<li>Tramada Systems \u2013 Mary Ellen George, responsable de l&#039;Am\u00e9rique du Nord<\/li>\n<li>Conferma \u2013 Kelly Cleeton, Directrice du d\u00e9veloppement commercial<\/li>\n<li>FairFly \u2013 Aviel Siman-Tov, PDG et co-fondateur<\/li>\n<li>Travel Leaders Corporate \u2013 Gabe Rizzi, pr\u00e9sident et Mike Boult, vice-pr\u00e9sident directeur des ventes<\/li>\n<li>TRIPBAM, Inc. \u2013 Steve Reynolds, fondateur et PDG<\/li>\n<\/ul>\n<p>&nbsp;<\/p>\n<p><strong>12h-13h<\/strong><\/p>\n<ul>\n<li>Oakwood \u2013 Rebecca Tann, vice-pr\u00e9sidente principale, ventes et marketing<\/li>\n<li>Predict.X \u2013 Keesup Choe, PDG<\/li>\n<li>TripActions \u2013 Ariel Cohen, PDG et co-fondateur<\/li>\n<li>Lumo \u2013 Bala Chandran, co-fondateur<\/li>\n<li>ITS \u2013 Preston Smith, vice-pr\u00e9sident des ventes<\/li>\n<li>Carlson Wagonlit Travel \u2013 \u00c0 d\u00e9terminer<\/li>\n<li>Uber \u2013 Ronnie Gurion, responsable d&#039;Uber pour les entreprises<\/li>\n<\/ul>","protected":false},"excerpt":{"rendered":"<p>L&#039;industrie du voyage a mis le monde \u00e0 port\u00e9e de main, les fronti\u00e8res s&#039;estompant et les gens se croisant aux quatre coins du globe. L&#039;\u00e9lan ne s&#039;arr\u00eate jamais car l&#039;industrie du voyage d&#039;affaires \u00e9volue \u00e0 un rythme sans pr\u00e9c\u00e9dent. De nouvelles technologies ont \u00e9merg\u00e9, transformant le visage du programme de voyage mondial. De nouveaux risques de s\u00e9curit\u00e9 ont fait surface, qui\u2026<\/p>","protected":false},"author":25,"featured_media":0,"comment_status":"open","ping_status":"open","sticky":false,"template":"","format":"standard","meta":{"_acf_changed":false,"_seopress_robots_primary_cat":"none","_seopress_titles_title":"","_seopress_titles_desc":"","_seopress_robots_index":"","om_disable_all_campaigns":false,"_relevanssi_hide_post":"","_relevanssi_hide_content":"","_relevanssi_pin_for_all":"","_relevanssi_pin_keywords":"","_relevanssi_unpin_keywords":"","_relevanssi_related_keywords":"","_relevanssi_related_include_ids":"","_relevanssi_related_exclude_ids":"","_relevanssi_related_no_append":"","_relevanssi_related_not_related":"","_relevanssi_related_posts":"4069,6093,1957,1981,2091,2509","_relevanssi_noindex_reason":"","_kad_blocks_custom_css":"","_kad_blocks_head_custom_js":"","_kad_blocks_body_custom_js":"","_kad_blocks_footer_custom_js":"","_kad_post_transparent":"","_kad_post_title":"","_kad_post_layout":"","_kad_post_sidebar_id":"","_kad_post_content_style":"","_kad_post_vertical_padding":"","_kad_post_feature":"","_kad_post_feature_position":"","_kad_post_header":false,"_kad_post_footer":false,"footnotes":"","_links_to":"","_links_to_target":""},"categories":[37],"tags":[560,181,746,370,1323,233,1030,290],"class_list":["post-1677","post","type-post","status-publish","format-standard","hentry","category-research-and-travel-trends","tag-breaking-news","tag-convention","tag-exhibitors","tag-media-day","tag-mo","tag-news","tag-press","tag-trends"],"acf":[],"featured_image_src_large":false,"author_info":{"display_name":"jcampbell","author_link":"https:\/\/gbta.org\/fr\/author\/jcampbell\/"},"comment_info":"","category_info":[{"term_id":37,"name":"Research and Travel Trends","slug":"research-and-travel-trends","term_group":0,"term_taxonomy_id":37,"taxonomy":"category","description":"","parent":0,"count":966,"filter":"raw","cat_ID":37,"category_count":966,"category_description":"","cat_name":"Research and Travel Trends","category_nicename":"research-and-travel-trends","category_parent":0}],"tag_info":[{"term_id":560,"name":"breaking news","slug":"breaking-news","term_group":0,"term_taxonomy_id":560,"taxonomy":"post_tag","description":"","parent":0,"count":2,"filter":"raw"},{"term_id":181,"name":"Convention","slug":"convention","term_group":0,"term_taxonomy_id":181,"taxonomy":"post_tag","description":"","parent":0,"count":61,"filter":"raw"},{"term_id":746,"name":"exhibitors","slug":"exhibitors","term_group":0,"term_taxonomy_id":746,"taxonomy":"post_tag","description":"","parent":0,"count":5,"filter":"raw"},{"term_id":370,"name":"Media Day","slug":"media-day","term_group":0,"term_taxonomy_id":370,"taxonomy":"post_tag","description":"","parent":0,"count":7,"filter":"raw"},{"term_id":1323,"name":"mo","slug":"mo","term_group":0,"term_taxonomy_id":1323,"taxonomy":"post_tag","description":"","parent":0,"count":1,"filter":"raw"},{"term_id":233,"name":"news","slug":"news","term_group":0,"term_taxonomy_id":233,"taxonomy":"post_tag","description":"","parent":0,"count":307,"filter":"raw"},{"term_id":1030,"name":"press","slug":"press","term_group":0,"term_taxonomy_id":1030,"taxonomy":"post_tag","description":"","parent":0,"count":2,"filter":"raw"},{"term_id":290,"name":"trends","slug":"trends","term_group":0,"term_taxonomy_id":290,"taxonomy":"post_tag","description":"","parent":0,"count":6,"filter":"raw"}],"taxonomy_info":{"category":[{"value":37,"label":"Research and Travel Trends"}],"post_tag":[{"value":560,"label":"breaking news"},{"value":181,"label":"Convention"},{"value":746,"label":"exhibitors"},{"value":370,"label":"Media Day"},{"value":1323,"label":"mo"},{"value":233,"label":"news"},{"value":1030,"label":"press"},{"value":290,"label":"trends"}]},"featured_image_src":null,"featured_image_src_square":null,"mfb_rest_fields":["featured_image_src_large","author_info","comment_info","category_info","tag_info","taxonomy_info","featured_image_src","featured_image_src_square"],"_links":{"self":[{"href":"https:\/\/gbta.org\/fr\/wp-json\/wp\/v2\/posts\/1677","targetHints":{"allow":["GET"]}}],"collection":[{"href":"https:\/\/gbta.org\/fr\/wp-json\/wp\/v2\/posts"}],"about":[{"href":"https:\/\/gbta.org\/fr\/wp-json\/wp\/v2\/types\/post"}],"author":[{"embeddable":true,"href":"https:\/\/gbta.org\/fr\/wp-json\/wp\/v2\/users\/25"}],"replies":[{"embeddable":true,"href":"https:\/\/gbta.org\/fr\/wp-json\/wp\/v2\/comments?post=1677"}],"version-history":[{"count":0,"href":"https:\/\/gbta.org\/fr\/wp-json\/wp\/v2\/posts\/1677\/revisions"}],"wp:attachment":[{"href":"https:\/\/gbta.org\/fr\/wp-json\/wp\/v2\/media?parent=1677"}],"wp:term":[{"taxonomy":"category","embeddable":true,"href":"https:\/\/gbta.org\/fr\/wp-json\/wp\/v2\/categories?post=1677"},{"taxonomy":"post_tag","embeddable":true,"href":"https:\/\/gbta.org\/fr\/wp-json\/wp\/v2\/tags?post=1677"}],"curies":[{"name":"wp","href":"https:\/\/api.w.org\/{rel}","templated":true}]}}