{"id":18093,"date":"2024-10-14T03:43:33","date_gmt":"2024-10-14T07:43:33","guid":{"rendered":"https:\/\/gbta.org\/?p=18093"},"modified":"2024-11-16T10:55:42","modified_gmt":"2024-11-16T15:55:42","slug":"gbta-latam-advisory-board-highlight-conoce-a-felipe-cardona-lidereando-del-avance-de-la-industria-de-viajes-corporativos-en-america-latina","status":"publish","type":"post","link":"https:\/\/gbta.org\/fr\/gbta-latam-advisory-board-highlight-conoce-a-felipe-cardona-lidereando-del-avance-de-la-industria-de-viajes-corporativos-en-america-latina\/","title":{"rendered":"Point culminant du conseil consultatif de GBTA LATAM\u00a0: Conoce a Felipe Cardona, directeur de l&#039;avanc\u00e9e de l&#039;industrie des voyages corporatifs en Am\u00e9rique Latine."},"content":{"rendered":"<p><a href=\"https:\/\/nam10.safelinks.protection.outlook.com\/?url=https%3A%2F%2Fwww3.gbta.org%2Fe%2F5572%2Fin-felipecardonaf-%2F6v21gj%2F6190447779%2Fh%2FgizLaOw9JkFNEuLn77VYeGr_tq4BLFQSAsgeJ36F92o&amp;data=05%7C02%7Crjuarez%40gbta.org%7C6ba23f16897b4d3ba84708dcd8e67b6f%7C82808dbdcd83410b9a2d335b549ec8bd%7C0%7C0%7C638623731671383385%7CUnknown%7CTWFpbGZsb3d8eyJWIjoiMC4wLjAwMDAiLCJQIjoiV2luMzIiLCJBTiI6Ik1haWwiLCJXVCI6Mn0%3D%7C0%7C%7C%7C&amp;sdata=63q%2FAKkw1%2Bkd5NBIJGtopuLQg6UDKyOpQMyIo53zE%2FI%3D&amp;reserved=0\"><strong>Felipe Cardona<\/strong><\/a><strong>,<\/strong>&nbsp;Il est Administrateur d&#039;Entreprises avec un MBA et une vaste fili\u00e8re dans les industries des transports, de la consommation massive (CPG), de la s\u00e9curit\u00e9 et de la gestion des voyages. Il a exerc\u00e9 des fonctions de leader g\u00e9n\u00e9ral et dans des domaines cl\u00e9s comme la planification strat\u00e9gique, commerciale et de d\u00e9veloppement des affaires, avec une profonde connaissance des march\u00e9s de LATAM et des \u00c9tats-Unis. Son exp\u00e9rience consiste \u00e0 acqu\u00e9rir des comp\u00e9tences en mati\u00e8re de planification strat\u00e9gique, de gestion de projets, de transformation commerciale, d&#039;analyse, de n\u00e9gociation, d&#039;innovation et de travail en \u00e9quipe.<\/p>\n\n\n\n<p>Passionn\u00e9 par l&#039;apprentissage continu, il fait actuellement partie de la junte dirigeante mondiale de la GBTA en repr\u00e9sentation de LATAM. En outre, il est actuellement mentor pour les entrepreneurs en technologies propres et est avocat en comp\u00e9tences des p\u00f4les d&#039;emploi. R\u00e9cemment, j&#039;ai obtenu la certification Scrum Master et une sp\u00e9cialisation en Blockchain. Personnellement, vous \u00eates \u00e0 la maison, vous avez un chien Goldendoodle et vous participez au marathon de New York cet an. Il est \u00e9galement un passionn\u00e9 de l&#039;astronomie, de l&#039;astrophysique et du golf.<\/p>\n\n\n\n<figure class=\"wp-block-image size-large is-resized\"><img loading=\"lazy\" decoding=\"async\" width=\"768\" height=\"1024\" src=\"https:\/\/gbta.org\/wp-content\/uploads\/cardona-1-1-768x1024.png\" alt=\"cardona 1\" class=\"wp-image-18098\" style=\"width:369px;height:auto\" srcset=\"https:\/\/gbta.org\/wp-content\/uploads\/cardona-1-1-768x1024.png 768w, https:\/\/gbta.org\/wp-content\/uploads\/cardona-1-1-225x300.png 225w, https:\/\/gbta.org\/wp-content\/uploads\/cardona-1-1-9x12.png 9w, https:\/\/gbta.org\/wp-content\/uploads\/cardona-1-1.png 975w\" sizes=\"auto, (max-width: 768px) 100vw, 768px\" \/><\/figure>\n\n\n\n<p><strong>Sa motivation comme volontaire<\/strong><br><br>Alors que la question \u00e9tait de savoir si elle avait d\u00e9cid\u00e9 de consacrer son temps au volontariat, Felipe a mentionn\u00e9 que toujours il avait une de ses m\u00e9tas. \u00ab\u00a0Sentiment que le cycle de r\u00e9ception de tant d\u2019opportunit\u00e9s devrait \u00eatre r\u00e9tribu\u00e9 par la vocation de service. Aider les autres qui partagent le d\u00e9sir d\u2019avancer dans vos carri\u00e8res est une satisfaction profonde \u00bb. Pour cela, l&#039;enseignement et le service d\u00e9sint\u00e9ress\u00e9 sont des piliers fondamentaux pour la croissance personnelle et spirituelle, et vous permettent de combiner votre capacit\u00e9 \u00e0 communiquer avec votre passion pour contribuer au d\u00e9veloppement des personnes.<\/p>\n\n\n\n<figure class=\"wp-block-image size-full is-resized\"><img loading=\"lazy\" decoding=\"async\" width=\"975\" height=\"731\" src=\"https:\/\/gbta.org\/wp-content\/uploads\/cardona2.png\" alt=\"cardona2\" class=\"wp-image-18097\" style=\"width:575px;height:auto\" srcset=\"https:\/\/gbta.org\/wp-content\/uploads\/cardona2.png 975w, https:\/\/gbta.org\/wp-content\/uploads\/cardona2-300x225.png 300w, https:\/\/gbta.org\/wp-content\/uploads\/cardona2-768x576.png 768w, https:\/\/gbta.org\/wp-content\/uploads\/cardona2-16x12.png 16w\" sizes=\"auto, (max-width: 975px) 100vw, 975px\" \/><\/figure>\n\n\n\n<p><strong>Mensaje para l&#039;Industrie del Business Travel en Am\u00e9rique Latine<\/strong><br><br>Felipe partage un message inspirant pour tous les professionnels de l&#039;industrie<strong>: \u00ab So\u00f1ar y r\u00e9inventarse. La vie est une rue en mouvement constant, et cet endroit avec le changement est cl\u00e9 pour profiter de nouvelles opportunit\u00e9s. Le cerveau est comme un muscle, doit s&#039;exercer avec de nouveaux revenus et une vision plus large que le statu quo. Nous ne sommes pas en mesure de changer, nous nous effor\u00e7ons d&#039;avoir une voix, car c&#039;est notre impulsion \u00e0 \u00e9voluer sur le plan personnel et professionnel \u00bb.<br><\/strong><br>Il s&#039;agit d&#039;un appel \u00e0 l&#039;action pour maintenir les connexions, les mises \u00e0 jour et l&#039;ouverture des transformations qui se produisent dans le monde des voyages d&#039;affaires.<br><br><a href=\"http:\/\/https%3A%2F%2Fwww3.gbta.org%2Fe%2F5572%2Fin-felipecardonaf-%2F6v21gj%2F6190447779%2Fh%2FgizLaOw9JkFNEuLn77VYeGr_tq4BLFQSAsgeJ36F92o&amp;data=05%7C02%7Crjuarez%40gbta.org%7C6ba23f16897b4d3ba84708dcd8e67b6f%7C82808dbdcd83410b9a2d335b549ec8bd%7C0%7C0%7C638623731671397174%7CUnknown%7CTWFpbGZsb3d8eyJWIjoiMC4wLjAwMDAiLCJQIjoiV2luMzIiLCJBTiI6Ik1haWwiLCJXVCI6Mn0%3D%7C0%7C%7C%7C&amp;sdata=i3llsj%2BDVGBqkl2LsA3r3T4%2FCuyrhWlnsEqYUmaWyR0%3D&amp;reserved=0\" target=\"_blank\" rel=\"noreferrer noopener\"><em>Connectez-vous avec Felipe via LinkedIn&nbsp;<\/em><\/a><\/p>","protected":false},"excerpt":{"rendered":"<p>Felipe Cardona, est administrateur d&#039;entreprises avec un MBA et une vaste fili\u00e8re dans les industries des transports, de la consommation massive (CPG), de la s\u00e9curit\u00e9 et de la gestion des voyages. Il a exerc\u00e9 des fonctions de leader g\u00e9n\u00e9ral et dans des domaines cl\u00e9s comme la planification strat\u00e9gique, commerciale et de d\u00e9veloppement des affaires, avec une profonde connaissance des march\u00e9s de LATAM et des \u00c9tats-Unis. Su\u2026<\/p>","protected":false},"author":70,"featured_media":0,"comment_status":"open","ping_status":"open","sticky":false,"template":"","format":"standard","meta":{"_acf_changed":false,"_seopress_robots_primary_cat":"none","_seopress_titles_title":"","_seopress_titles_desc":"","_seopress_robots_index":"","om_disable_all_campaigns":false,"_relevanssi_hide_post":"","_relevanssi_hide_content":"","_relevanssi_pin_for_all":"","_relevanssi_pin_keywords":"","_relevanssi_unpin_keywords":"","_relevanssi_related_keywords":"","_relevanssi_related_include_ids":"","_relevanssi_related_exclude_ids":"","_relevanssi_related_no_append":"","_relevanssi_related_not_related":"","_relevanssi_related_posts":"725,2138,2341,2233,1029,1590","_relevanssi_noindex_reason":"","_kad_blocks_custom_css":"","_kad_blocks_head_custom_js":"","_kad_blocks_body_custom_js":"","_kad_blocks_footer_custom_js":"","_kad_post_transparent":"","_kad_post_title":"","_kad_post_layout":"","_kad_post_sidebar_id":"","_kad_post_content_style":"","_kad_post_vertical_padding":"","_kad_post_feature":"","_kad_post_feature_position":"","_kad_post_header":false,"_kad_post_footer":false,"footnotes":"","_links_to":"","_links_to_target":""},"categories":[106],"tags":[],"class_list":["post-18093","post","type-post","status-publish","format-standard","hentry","category-latin-america"],"acf":[],"featured_image_src_large":false,"author_info":{"display_name":"Ron Nucum","author_link":"https:\/\/gbta.org\/fr\/author\/rnucumgbta-org\/"},"comment_info":"","category_info":[{"term_id":106,"name":"Latin America","slug":"latin-america","term_group":0,"term_taxonomy_id":106,"taxonomy":"category","description":"","parent":0,"count":54,"filter":"raw","cat_ID":106,"category_count":54,"category_description":"","cat_name":"Latin America","category_nicename":"latin-america","category_parent":0}],"tag_info":false,"taxonomy_info":{"category":[{"value":106,"label":"Latin America"}]},"featured_image_src":null,"featured_image_src_square":null,"mfb_rest_fields":["featured_image_src_large","author_info","comment_info","category_info","tag_info","taxonomy_info","featured_image_src","featured_image_src_square"],"_links":{"self":[{"href":"https:\/\/gbta.org\/fr\/wp-json\/wp\/v2\/posts\/18093","targetHints":{"allow":["GET"]}}],"collection":[{"href":"https:\/\/gbta.org\/fr\/wp-json\/wp\/v2\/posts"}],"about":[{"href":"https:\/\/gbta.org\/fr\/wp-json\/wp\/v2\/types\/post"}],"author":[{"embeddable":true,"href":"https:\/\/gbta.org\/fr\/wp-json\/wp\/v2\/users\/70"}],"replies":[{"embeddable":true,"href":"https:\/\/gbta.org\/fr\/wp-json\/wp\/v2\/comments?post=18093"}],"version-history":[{"count":2,"href":"https:\/\/gbta.org\/fr\/wp-json\/wp\/v2\/posts\/18093\/revisions"}],"predecessor-version":[{"id":18960,"href":"https:\/\/gbta.org\/fr\/wp-json\/wp\/v2\/posts\/18093\/revisions\/18960"}],"wp:attachment":[{"href":"https:\/\/gbta.org\/fr\/wp-json\/wp\/v2\/media?parent=18093"}],"wp:term":[{"taxonomy":"category","embeddable":true,"href":"https:\/\/gbta.org\/fr\/wp-json\/wp\/v2\/categories?post=18093"},{"taxonomy":"post_tag","embeddable":true,"href":"https:\/\/gbta.org\/fr\/wp-json\/wp\/v2\/tags?post=18093"}],"curies":[{"name":"wp","href":"https:\/\/api.w.org\/{rel}","templated":true}]}}