{"id":1882,"date":"2016-04-27T09:58:00","date_gmt":"2016-04-27T13:58:00","guid":{"rendered":"https:\/\/gbta.org\/gbta-launches-registration-for-gbta-conference-2016-frankfurt-in-partnership-with-vdr\/"},"modified":"2022-10-01T12:00:02","modified_gmt":"2022-10-01T16:00:02","slug":"gbta-launches-registration-for-gbta-conference-2016-frankfurt-in-partnership-with-vdr","status":"publish","type":"post","link":"https:\/\/gbta.org\/fr\/gbta-launches-registration-for-gbta-conference-2016-frankfurt-in-partnership-with-vdr\/","title":{"rendered":"GBTA lance l&#039;inscription \u00e0 la conf\u00e9rence GBTA 2016 \u00e0 Francfort en partenariat avec VDR"},"content":{"rendered":"<p><span style=\"color: #655f5f;font-family: Arial\"><strong>Londres\/Francfort (27 avril 2016)<\/strong>&nbsp;\u2013 La Global Business Travel Association (GBTA) \u2013 la voix de l\u2019industrie mondiale du voyage d\u2019affaires \u2013 a annonc\u00e9 que&nbsp;<a title=\"\" href=\"http:\/\/europeconference.gbta.org\/Register\">les inscriptions sont maintenant ouvertes<\/a>&nbsp;pour&nbsp;<a title=\"\" href=\"http:\/\/europeconference.gbta.org\/\">Conf\u00e9rence GBTA 2016 Francfort en partenariat avec VDR<\/a>. Pour la troisi\u00e8me ann\u00e9e cons\u00e9cutive, GBTA rejoint son association partenaire allemande VDR \u2013 l&#039;association allemande des voyages d&#039;affaires \u2013 pour organiser le plus grand \u00e9v\u00e9nement de gestion de voyages de ce type en Europe.<\/span><\/p>\n<p><span style=\"color: #655f5f;font-family: Arial\">La conf\u00e9rence europ\u00e9enne aura lieu du 14 au 16 novembre \u00e0 Francfort, en Allemagne, au Forum de la Messe Frankfurt. Le th\u00e8me de la conf\u00e9rence, Balance, d\u00e9crit avec justesse l&#039;environnement actuel des voyages d&#039;affaires, dans lequel les acheteurs doivent concilier de nombreuses priorit\u00e9s, du devoir de diligence et de la gestion des risques \u00e0 la gestion des co\u00fbts et de la conformit\u00e9. Trouver un \u00e9quilibre est particuli\u00e8rement un d\u00e9fi \u00e0 un moment o\u00f9 le secteur subit des changements importants en raison de l\u2019\u00e9volution d\u00e9mographique, des technologies et des plateformes de voyage.<\/span><\/p>\n<p><span style=\"color: #655f5f;font-family: Arial\">\u00ab Nous sommes ravis de lancer les inscriptions pour ce qui promet d&#039;\u00eatre notre plus grande conf\u00e9rence europ\u00e9enne \u00e0 ce jour \u00bb, a d\u00e9clar\u00e9 Catherine McGavock, vice-pr\u00e9sidente r\u00e9gionale de la GBTA \u2013 EMEA. \u00ab\u00a0Avec un espace d&#039;exposition \u00e9tendu, un tout nouveau calendrier et des s\u00e9ances de formation passionnantes pr\u00e9vues, les d\u00e9l\u00e9gu\u00e9s peuvent s&#039;attendre \u00e0 une exp\u00e9rience de r\u00e9seautage et de formation encore meilleure.\u00a0\u00bb<\/span><\/p>\n<p><span style=\"color: #655f5f;font-family: Arial\">\u00ab La conf\u00e9rence conjointe de GBTA et VDR sera le moment fort de cette ann\u00e9e pour le march\u00e9 des voyages d&#039;affaires en Europe. Nous sommes fiers de proposer \u00e0 nouveau un programme passionnant avec un excellent contenu et des conf\u00e9renciers de haut niveau. Les inscriptions sont maintenant ouvertes, alors ne soyez pas en retard et b\u00e9n\u00e9ficiez des tarifs pr\u00e9f\u00e9rentiels en vous inscrivant d\u00e8s maintenant \u00bb, a ajout\u00e9 Hans-Ingo Biehl, directeur ex\u00e9cutif et membre du conseil d&#039;administration du VDR.<\/span><\/p>\n<p><span style=\"color: #655f5f;font-family: Arial\">L&#039;inscription des d\u00e9l\u00e9gu\u00e9s est maintenant ouverte et&nbsp;<a title=\"\" href=\"http:\/\/europeconference.gbta.org\/Register\">disponible en ligne<\/a>. Pour plus d&#039;informations, s&#039;il vous pla\u00eet visitez:&nbsp;<a title=\"\" href=\"http:\/\/europeconference.gbta.org\/\">gbta.org\/europeconference<\/a>.<\/span><\/p>\n<p><span style=\"color: #655f5f;font-family: Arial\">L\u2019inscription des m\u00e9dias est gratuite. La GBTA organisera \u00e9galement son deuxi\u00e8me petit-d\u00e9jeuner annuel des m\u00e9dias, donnant aux journalistes l&#039;occasion d&#039;entendre les derni\u00e8res nouvelles directement des principaux fournisseurs de l&#039;industrie. Pour l&#039;accr\u00e9ditation des m\u00e9dias, veuillez contacter Nikki Stimson au&nbsp;<a href=\"mailto:nstimson@gbta.org\">nstimson@gbta.org<\/a>&nbsp;ou +44 (0) 7764 618199.<\/span><\/p>\n<p>&nbsp;<\/p>\n<p><span style=\"color: #655f5f;font-family: Arial\"><strong>CONTACTEZ:&nbsp;&nbsp;&nbsp;<\/strong>&nbsp;&nbsp;&nbsp;&nbsp;&nbsp; Colleen Lerro Gallagher, +1 703-236-1133,&nbsp;<a href=\"mailto:cgallagher@gbta.org\">cgallagher@gbta.org<\/a><br \/>\nClaudia Giese, +49 69 695229 33,&nbsp;<a href=\"mailto:giese@vdr-service.de\">giese@vdr-service.de<\/a>&nbsp;<\/span><\/p>\n<p>&nbsp;<\/p>\n<p><u>\u00c0 propos de l&#039;Association mondiale des voyages d&#039;affaires<\/u><br \/>\nLa Global Business Travel Association (GBTA) est la premi\u00e8re organisation commerciale de voyages d&#039;affaires et de r\u00e9unions au monde. Son si\u00e8ge social est situ\u00e9 dans la r\u00e9gion de Washington, DC et elle op\u00e8re sur six continents. Plus de 9 000 membres de GBTA g\u00e8rent chaque ann\u00e9e plus de $345 milliards de d\u00e9penses mondiales de voyages d&#039;affaires et de r\u00e9unions. GBTA et la Fondation GBTA offrent une \u00e9ducation, des \u00e9v\u00e9nements, des recherches, des plaidoyers et des m\u00e9dias de classe mondiale \u00e0 un r\u00e9seau mondial en pleine croissance de plus de 28 000 professionnels du voyage et 125 000 contacts actifs. Pour d\u00e9couvrir comment les voyages d&#039;affaires stimulent la croissance durable des entreprises,&nbsp;<a href=\"https:\/\/gbta.org\/fr\/\">gbta.org<\/a><\/p>","protected":false},"excerpt":{"rendered":"<p>Londres\/Francfort (27 avril 2016) \u2013 La Global Business Travel Association (GBTA) \u2013 la voix de l&#039;industrie mondiale du voyage d&#039;affaires \u2013 a annonc\u00e9 que les inscriptions sont d\u00e9sormais ouvertes pour la conf\u00e9rence GBTA 2016 de Francfort en partenariat avec VDR. Pour la troisi\u00e8me ann\u00e9e cons\u00e9cutive, GBTA rejoint son association partenaire allemande VDR \u2013 l&#039;association allemande des voyages d&#039;affaires \u2013 pour accueillir le plus grand\u2026<\/p>","protected":false},"author":25,"featured_media":0,"comment_status":"open","ping_status":"open","sticky":false,"template":"","format":"standard","meta":{"_acf_changed":false,"_seopress_robots_primary_cat":"none","_seopress_titles_title":"","_seopress_titles_desc":"","_seopress_robots_index":"","om_disable_all_campaigns":false,"_relevanssi_hide_post":"","_relevanssi_hide_content":"","_relevanssi_pin_for_all":"","_relevanssi_pin_keywords":"","_relevanssi_unpin_keywords":"","_relevanssi_related_keywords":"","_relevanssi_related_include_ids":"","_relevanssi_related_exclude_ids":"","_relevanssi_related_no_append":"","_relevanssi_related_not_related":"","_relevanssi_related_posts":"1809,1797,2509,1803,4069,1840","_relevanssi_noindex_reason":"","_kad_blocks_custom_css":"","_kad_blocks_head_custom_js":"","_kad_blocks_body_custom_js":"","_kad_blocks_footer_custom_js":"","_kad_post_transparent":"","_kad_post_title":"","_kad_post_layout":"","_kad_post_sidebar_id":"","_kad_post_content_style":"","_kad_post_vertical_padding":"","_kad_post_feature":"","_kad_post_feature_position":"","_kad_post_header":false,"_kad_post_footer":false,"footnotes":"","_links_to":"","_links_to_target":""},"categories":[45],"tags":[233],"class_list":["post-1882","post","type-post","status-publish","format-standard","hentry","category-news-and-press-releases","tag-news"],"acf":[],"featured_image_src_large":false,"author_info":{"display_name":"jcampbell","author_link":"https:\/\/gbta.org\/fr\/author\/jcampbell\/"},"comment_info":"","category_info":[{"term_id":45,"name":"News and Press Releases","slug":"news-and-press-releases","term_group":0,"term_taxonomy_id":45,"taxonomy":"category","description":"","parent":0,"count":541,"filter":"raw","cat_ID":45,"category_count":541,"category_description":"","cat_name":"News and Press Releases","category_nicename":"news-and-press-releases","category_parent":0}],"tag_info":[{"term_id":233,"name":"news","slug":"news","term_group":0,"term_taxonomy_id":233,"taxonomy":"post_tag","description":"","parent":0,"count":308,"filter":"raw"}],"taxonomy_info":{"category":[{"value":45,"label":"News and Press Releases"}],"post_tag":[{"value":233,"label":"news"}]},"featured_image_src":null,"featured_image_src_square":null,"mfb_rest_fields":["featured_image_src_large","author_info","comment_info","category_info","tag_info","taxonomy_info","featured_image_src","featured_image_src_square"],"_links":{"self":[{"href":"https:\/\/gbta.org\/fr\/wp-json\/wp\/v2\/posts\/1882","targetHints":{"allow":["GET"]}}],"collection":[{"href":"https:\/\/gbta.org\/fr\/wp-json\/wp\/v2\/posts"}],"about":[{"href":"https:\/\/gbta.org\/fr\/wp-json\/wp\/v2\/types\/post"}],"author":[{"embeddable":true,"href":"https:\/\/gbta.org\/fr\/wp-json\/wp\/v2\/users\/25"}],"replies":[{"embeddable":true,"href":"https:\/\/gbta.org\/fr\/wp-json\/wp\/v2\/comments?post=1882"}],"version-history":[{"count":0,"href":"https:\/\/gbta.org\/fr\/wp-json\/wp\/v2\/posts\/1882\/revisions"}],"wp:attachment":[{"href":"https:\/\/gbta.org\/fr\/wp-json\/wp\/v2\/media?parent=1882"}],"wp:term":[{"taxonomy":"category","embeddable":true,"href":"https:\/\/gbta.org\/fr\/wp-json\/wp\/v2\/categories?post=1882"},{"taxonomy":"post_tag","embeddable":true,"href":"https:\/\/gbta.org\/fr\/wp-json\/wp\/v2\/tags?post=1882"}],"curies":[{"name":"wp","href":"https:\/\/api.w.org\/{rel}","templated":true}]}}