{"id":1917,"date":"2016-12-15T09:58:00","date_gmt":"2016-12-15T14:58:00","guid":{"rendered":"https:\/\/gbta.org\/gbta-announces-new-european-advisory-board-appointments\/"},"modified":"2022-10-03T12:57:27","modified_gmt":"2022-10-03T16:57:27","slug":"gbta-announces-new-european-advisory-board-appointments","status":"publish","type":"post","link":"https:\/\/gbta.org\/fr\/gbta-announces-new-european-advisory-board-appointments\/","title":{"rendered":"GBTA annonce de nouvelles nominations au conseil consultatif europ\u00e9en"},"content":{"rendered":"<p>Londres, Royaume-Uni (15 d\u00e9cembre 2016) \u2013 La Global Business Travel Association (GBTA) \u2013 la voix de l&#039;industrie mondiale du voyage d&#039;affaires \u2013 a annonc\u00e9 trois nouvelles nominations \u00e0 son conseil consultatif europ\u00e9en : Ricardo Crespo, AbbVie ; Flavio Ghiringhelli, HRS ; et Javier Amigo Prous, de Campofr\u00edo Food Group Holding. Scott Torrey de Concur a \u00e9galement \u00e9t\u00e9 r\u00e9cemment nomm\u00e9 au conseil consultatif europ\u00e9en de la Fondation GBTA.<\/p>\n<p>\u00ab Nous sommes heureux d&#039;accueillir des professionnels aussi exp\u00e9riment\u00e9s et comp\u00e9tents au sein du conseil consultatif de GBTA Europe \u00bb, a d\u00e9clar\u00e9 Gehan Colliander, pr\u00e9sident du conseil consultatif de GBTA Europe. \u00ab\u00a0Apr\u00e8s notre conf\u00e9rence europ\u00e9enne la plus r\u00e9ussie, en partenariat avec VDR, et ayant des plans ambitieux pour continuer \u00e0 am\u00e9liorer nos efforts d&#039;\u00e9ducation, de r\u00e9seautage et de plaidoyer pour nos membres au cours de l&#039;ann\u00e9e \u00e0 venir, il est plus important que jamais d&#039;avoir des personnes de ce calibre. pour aider \u00e0 guider l\u2019association.<\/p>\n<p>Ricardo Crespo est le responsable principal des voyages et des congr\u00e8s en Espagne, responsable de la cat\u00e9gorie r\u00e9unions et \u00e9v\u00e9nements EMEA pour AbbVie. Passionn\u00e9 par l&#039;industrie, il est dipl\u00f4m\u00e9 de l&#039;Universit\u00e9 de Bournemouth (PD) et compl\u00e8te l&#039;ETM (European Tourism Management) en anglais \u00e0 l&#039;Universit\u00e9 de Borl\u00e4nge (Su\u00e8de) et en fran\u00e7ais \u00e0 l&#039;Universit\u00e9 de Savoie (niveau DESS). Pour AbbVie, il g\u00e8re \u00e0 la fois les cat\u00e9gories Voyages d&#039;affaires et R\u00e9unions et \u00e9v\u00e9nements, et dans son nouveau r\u00f4le de responsable pour la r\u00e9gion EMEA, il travaille \u00e0 aligner les strat\u00e9gies, les politiques et la rationalisation des fournisseurs autour des d\u00e9penses de voyages d&#039;affaires. Ricardo apporte une attention particuli\u00e8re aux r\u00e9unions du conseil consultatif.<\/p>\n<p>Flavio Ghiringhelli est vice-pr\u00e9sident des solutions d&#039;entreprise \u2013 Europe occidentale, m\u00e9ridionale et orientale pour HRS. Il est un cadre exp\u00e9riment\u00e9 avec plus de 20 ans pass\u00e9s dans les secteurs du voyage de distribution a\u00e9rienne et technologique. Il apporte une solide connaissance du march\u00e9 B2B et B2C et est une force motrice au sein de HRS o\u00f9, au cours des 4 derni\u00e8res ann\u00e9es, il a transform\u00e9 leur activit\u00e9 italienne en une entreprise florissante. Il supervise la responsabilit\u00e9 de 5 march\u00e9s : Royaume-Uni, France, Espagne, Italie et Europe de l&#039;Est, a d\u00e9velopp\u00e9 un bon r\u00e9seau en Italie et en Europe et est \u00e9galement membre du conseil d&#039;administration de l&#039;association touristique italienne Federviaggio \u2013 FTO.<\/p>\n<p>Javier Amigo Prous g\u00e8re l&#039;approvisionnement strat\u00e9gique pour Campofr\u00edo Food Group Holding. Javier est dipl\u00f4m\u00e9 en droit et a travaill\u00e9 pendant plusieurs ann\u00e9es comme avocat d&#039;affaires dans de grandes entreprises. Depuis 4 ans, il est en charge du Sourcing Strat\u00e9gique responsable des familles Travel, Fleet, Marketing et Utilities, avec un budget de plus de 120 M\u20ac. Il participe r\u00e9guli\u00e8rement en tant que conf\u00e9rencier sur la gestion des voyages dans diff\u00e9rents forums et est \u00e9galement pr\u00e9sident du comit\u00e9 de technologie et de communication d&#039;IBTA.<\/p>\n<p>Scott Torrey est vice-pr\u00e9sident ex\u00e9cutif et directeur g\u00e9n\u00e9ral de l&#039;unit\u00e9 commerciale EMEA chez Concur. M. Torrey a assum\u00e9 la responsabilit\u00e9 de la croissance dans la r\u00e9gion EMEA et, au cours des trois premi\u00e8res ann\u00e9es, a vu le march\u00e9 cro\u00eetre par rapport \u00e0 200%. Depuis qu&#039;il a rejoint Concur en 1999, il a occup\u00e9 divers postes, notamment ceux de vice-pr\u00e9sident ex\u00e9cutif \u2013 Op\u00e9rations, vice-pr\u00e9sident ex\u00e9cutif et directeur g\u00e9n\u00e9ral du secteur public. Tout en dirigeant l&#039;activit\u00e9 secteur public de Concur, il a supervis\u00e9 l&#039;attribution d&#039;un contrat $1.5B de 15 ans \u2013 le plus important de l&#039;histoire de Concur. Au cours de ses 18 ann\u00e9es chez Concur, M. Torrey s&#039;est concentr\u00e9 sur les leviers qui contribuent \u00e0 stimuler la croissance de Concur. Avant de rejoindre Concur, Scott \u00e9tait directeur principal chez Ernst &amp; Young et Accenture, sp\u00e9cialis\u00e9 dans les syst\u00e8mes CRM dans le secteur des t\u00e9l\u00e9communications.<\/p>\n<p>CONTACTEZ:<\/p>\n<p>Catherine McGavock, +44 (0) 7980 588181, cmcgavock@gbta.org<\/p>\n<p>Ligne Colleen Gallagher, +1 703 236 1133, cgallagher@gbta.org<\/p>\n<p>\u00c0 propos de l&#039;Association mondiale des voyages d&#039;affaires<br \/>\nLa Global Business Travel Association (GBTA) est la premi\u00e8re organisation commerciale de voyages d&#039;affaires et de r\u00e9unions au monde. Son si\u00e8ge social est situ\u00e9 dans la r\u00e9gion de Washington, DC et elle op\u00e8re sur six continents. Plus de 9 000 membres de GBTA g\u00e8rent chaque ann\u00e9e plus de $345 milliards de d\u00e9penses mondiales de voyages d&#039;affaires et de r\u00e9unions. GBTA et la Fondation GBTA offrent une \u00e9ducation, des \u00e9v\u00e9nements, des recherches, des plaidoyers et des m\u00e9dias de classe mondiale \u00e0 un r\u00e9seau mondial en pleine croissance de plus de 28 000 professionnels du voyage et 125 000 contacts actifs. Pour savoir comment les voyages d&#039;affaires stimulent la croissance durable des entreprises, gbta.org<\/p>","protected":false},"excerpt":{"rendered":"<p>Londres, Royaume-Uni (15 d\u00e9cembre 2016) \u2013 La Global Business Travel Association (GBTA) \u2013 la voix de l&#039;industrie mondiale du voyage d&#039;affaires \u2013 a annonc\u00e9 trois nouvelles nominations \u00e0 son conseil consultatif europ\u00e9en : Ricardo Crespo, AbbVie ; Flavio Ghiringhelli, HRS ; et Javier Amigo Prous, de Campofr\u00edo Food Group Holding. Scott Torrey de Concur a \u00e9galement \u00e9t\u00e9 r\u00e9cemment nomm\u00e9 \u00e0\u2026<\/p>","protected":false},"author":25,"featured_media":0,"comment_status":"open","ping_status":"open","sticky":false,"template":"","format":"standard","meta":{"_acf_changed":false,"_seopress_robots_primary_cat":"none","_seopress_titles_title":"","_seopress_titles_desc":"","_seopress_robots_index":"","om_disable_all_campaigns":false,"_relevanssi_hide_post":"","_relevanssi_hide_content":"","_relevanssi_pin_for_all":"","_relevanssi_pin_keywords":"","_relevanssi_unpin_keywords":"","_relevanssi_related_keywords":"","_relevanssi_related_include_ids":"","_relevanssi_related_exclude_ids":"","_relevanssi_related_no_append":"","_relevanssi_related_not_related":"","_relevanssi_related_posts":"2509,2303,2551,2091,6093,2425","_relevanssi_noindex_reason":"","_kad_blocks_custom_css":"","_kad_blocks_head_custom_js":"","_kad_blocks_body_custom_js":"","_kad_blocks_footer_custom_js":"","_kad_post_transparent":"","_kad_post_title":"","_kad_post_layout":"","_kad_post_sidebar_id":"","_kad_post_content_style":"","_kad_post_vertical_padding":"","_kad_post_feature":"","_kad_post_feature_position":"","_kad_post_header":false,"_kad_post_footer":false,"footnotes":"","_links_to":"","_links_to_target":""},"categories":[45],"tags":[233],"class_list":["post-1917","post","type-post","status-publish","format-standard","hentry","category-news-and-press-releases","tag-news"],"acf":[],"featured_image_src_large":false,"author_info":{"display_name":"jcampbell","author_link":"https:\/\/gbta.org\/fr\/author\/jcampbell\/"},"comment_info":"","category_info":[{"term_id":45,"name":"News and Press Releases","slug":"news-and-press-releases","term_group":0,"term_taxonomy_id":45,"taxonomy":"category","description":"","parent":0,"count":540,"filter":"raw","cat_ID":45,"category_count":540,"category_description":"","cat_name":"News and Press Releases","category_nicename":"news-and-press-releases","category_parent":0}],"tag_info":[{"term_id":233,"name":"news","slug":"news","term_group":0,"term_taxonomy_id":233,"taxonomy":"post_tag","description":"","parent":0,"count":307,"filter":"raw"}],"taxonomy_info":{"category":[{"value":45,"label":"News and Press Releases"}],"post_tag":[{"value":233,"label":"news"}]},"featured_image_src":null,"featured_image_src_square":null,"mfb_rest_fields":["featured_image_src_large","author_info","comment_info","category_info","tag_info","taxonomy_info","featured_image_src","featured_image_src_square"],"_links":{"self":[{"href":"https:\/\/gbta.org\/fr\/wp-json\/wp\/v2\/posts\/1917","targetHints":{"allow":["GET"]}}],"collection":[{"href":"https:\/\/gbta.org\/fr\/wp-json\/wp\/v2\/posts"}],"about":[{"href":"https:\/\/gbta.org\/fr\/wp-json\/wp\/v2\/types\/post"}],"author":[{"embeddable":true,"href":"https:\/\/gbta.org\/fr\/wp-json\/wp\/v2\/users\/25"}],"replies":[{"embeddable":true,"href":"https:\/\/gbta.org\/fr\/wp-json\/wp\/v2\/comments?post=1917"}],"version-history":[{"count":0,"href":"https:\/\/gbta.org\/fr\/wp-json\/wp\/v2\/posts\/1917\/revisions"}],"wp:attachment":[{"href":"https:\/\/gbta.org\/fr\/wp-json\/wp\/v2\/media?parent=1917"}],"wp:term":[{"taxonomy":"category","embeddable":true,"href":"https:\/\/gbta.org\/fr\/wp-json\/wp\/v2\/categories?post=1917"},{"taxonomy":"post_tag","embeddable":true,"href":"https:\/\/gbta.org\/fr\/wp-json\/wp\/v2\/tags?post=1917"}],"curies":[{"name":"wp","href":"https:\/\/api.w.org\/{rel}","templated":true}]}}