{"id":2018,"date":"2018-09-05T09:58:00","date_gmt":"2018-09-05T13:58:00","guid":{"rendered":"https:\/\/gbta.org\/global-business-thought-leader-peter-fisk-to-deliver-opening-keynote-at-gbta-conference-2018-berlin-in-partnership-with-vdr\/"},"modified":"2022-10-01T10:12:26","modified_gmt":"2022-10-01T14:12:26","slug":"global-business-thought-leader-peter-fisk-to-deliver-opening-keynote-at-gbta-conference-2018-berlin-in-partnership-with-vdr","status":"publish","type":"post","link":"https:\/\/gbta.org\/fr\/global-business-thought-leader-peter-fisk-to-deliver-opening-keynote-at-gbta-conference-2018-berlin-in-partnership-with-vdr\/","title":{"rendered":"Peter Fisk, leader mondial d&#039;opinion en affaires, prononcera le discours d&#039;ouverture de la conf\u00e9rence GBTA 2018 \u00e0 Berlin en partenariat avec VDR"},"content":{"rendered":"<p><strong>Alexandrie, Virginie<\/strong>&nbsp;(5 septembre 2018) \u2013 La Global Business Travel Association (GBTA), la voix de l&#039;industrie mondiale du voyage d&#039;affaires, a annonc\u00e9 aujourd&#039;hui que le leader d&#039;opinion mondial Peter Fisk sera conf\u00e9rencier invit\u00e9 \u00e0 la conf\u00e9rence GBTA 2018 \u00e0 Berlin, en partenariat avec VDR. Le discours d&#039;ouverture de Fisk aura lieu au Center Stage le 27 novembre.<\/p>\n<p>\u00ab Nous sommes ravis d&#039;accueillir Peter sur sc\u00e8ne lors de notre neuvi\u00e8me conf\u00e9rence europ\u00e9enne annuelle \u00bb, a d\u00e9clar\u00e9 Catherine McGavock, vice-pr\u00e9sidente r\u00e9gionale de la GBTA \u2013 EMEA. \u00ab\u00a0Peter poss\u00e8de une exp\u00e9rience impressionnante en mati\u00e8re de leadership et de strat\u00e9gie et inspirera s\u00fbrement les participants \u00e0 devenir des leaders efficaces du changement dans notre industrie.\u00a0\u00bb<\/p>\n<p>&quot;Avec Peter Fisk, nous avons recrut\u00e9 pour notre conf\u00e9rence un visionnaire de renomm\u00e9e internationale, dont le savoir-faire, l&#039;exp\u00e9rience et la force d&#039;innovation fourniront de pr\u00e9cieuses pistes de r\u00e9flexion pour le d\u00e9veloppement futur du secteur des voyages d&#039;affaires&quot;, a ajout\u00e9 Dirk Gerdom, pr\u00e9sident de VDR.<\/p>\n<p>Peter Fisk expliquera comment la nouvelle g\u00e9n\u00e9ration d&#039;entreprises change la donne. Ils voient plus grand, sont plus diversifi\u00e9s et saisissent les opportunit\u00e9s de changer et de red\u00e9finir les march\u00e9s selon leur propre vision, et engagent le public de mani\u00e8re plus pertinente et inspirante. Ces r\u00e9volutionnaires gagnent gr\u00e2ce \u00e0 leur ambition et \u00e0 leur innovation plut\u00f4t qu\u2019\u00e0 leur h\u00e9ritage et \u00e0 leur \u00e9chelle, en devan\u00e7ant la concurrence, en se concentrant sur les march\u00e9s en croissance et en adoptant la technologie de mani\u00e8re plus humaine. Avec d\u00e9termination et passion, ils con\u00e7oivent et cr\u00e9ent, se connectent et collaborent, facilitent et enrichissent. Il se concentrera sur la mani\u00e8re dont ces entreprises exploitent le pouvoir des marques et des r\u00e9seaux pour construire des march\u00e9s sous forme de mouvements, de mod\u00e8les commerciaux durables et rentables, et qui font une diff\u00e9rence positive dans la vie des gens.<\/p>\n<p>Fisk est un leader d&#039;opinion mondial en mati\u00e8re de croissance et d&#039;innovation, de clients et de marketing. Il est auteur \u00e0 succ\u00e8s, consultant expert et conf\u00e9rencier principal, aidant les chefs d&#039;entreprise \u00e0 d\u00e9velopper des strat\u00e9gies innovantes pour les entreprises et les marques. Apr\u00e8s une formation de physicien nucl\u00e9aire, il a ensuite travaill\u00e9 avec des marques allant de Coca Cola \u00e0 RedBull, de Virgin \u00e0 Vodafone. Il est professeur \u00e0 l&#039;IE Business School, o\u00f9 il dirige leur programme phare de leadership ex\u00e9cutif, dirige sa propre soci\u00e9t\u00e9 d&#039;innovation, GeniusWorks, et est directeur de Thinkers50 Global, qui rassemble les meilleures id\u00e9es du monde des affaires.<\/p>\n<p>La conf\u00e9rence aura lieu du 27 au 29 novembre \u00e0 Berlin, en Allemagne, au centre de congr\u00e8s Estrel et r\u00e9unira plus de 60 conf\u00e9renciers de l&#039;industrie et plus de 50 exposants du monde entier. Le th\u00e8me de cette ann\u00e9e,&nbsp;<em>\u00c9lan<\/em>, est con\u00e7u pour r\u00e9pondre \u00e0 l&#039;acc\u00e9l\u00e9ration rapide des changements au sein de l&#039;industrie du voyage d&#039;affaires.<\/p>\n<p>L&#039;inscription des participants est ouverte d\u00e8s maintenant. Inscrivez-vous avant le 25 septembre pour b\u00e9n\u00e9ficier jusqu&#039;\u00e0 780\u00a0\u20ac d&#039;\u00e9conomies. Pour les derniers d\u00e9veloppements et plus d\u2019informations, veuillez visiter europeconference.gbta.org.<\/p>\n<p>L&#039;inscription des m\u00e9dias est gratuite. Pour l&#039;accr\u00e9ditation des m\u00e9dias, veuillez contacter Nikki Stimson \u00e0 nstimson@gbta.org.<\/p>\n<p>&nbsp;<\/p>\n<p>&nbsp;<\/p>\n<p><strong>\u00c0 propos de l&#039;Association mondiale des voyages d&#039;affaires<\/strong><br \/>\nLa Global Business Travel Association (GBTA) est la premi\u00e8re organisation commerciale de voyages d&#039;affaires et de r\u00e9unions au monde. Son si\u00e8ge social est situ\u00e9 dans la r\u00e9gion de Washington, DC et elle op\u00e8re sur six continents. Plus de 9 000 membres de GBTA g\u00e8rent chaque ann\u00e9e plus de $345 milliards de d\u00e9penses mondiales de voyages d&#039;affaires et de r\u00e9unions. GBTA offre une \u00e9ducation, des \u00e9v\u00e9nements, des recherches, des plaidoyers et des m\u00e9dias de classe mondiale \u00e0 un r\u00e9seau mondial en pleine croissance de plus de 28 000 professionnels du voyage et 125 000 contacts actifs. Pour savoir comment les voyages d&#039;affaires stimulent la croissance durable des entreprises, visitez gbta.org.<\/p>","protected":false},"excerpt":{"rendered":"<p>Alexandria, VA (5 septembre 2018) - La Global Business Travel Association (GBTA), la voix de l&#039;industrie mondiale du voyage d&#039;affaires, a annonc\u00e9 aujourd&#039;hui le leader mondial d&#039;opinion Peter Fisk en tant que conf\u00e9rencier invit\u00e9 \u00e0 la GBTA Conference 2018 Berlin en partenariat avec VDR. Le discours d&#039;ouverture de Fisk aura lieu au Center Stage le 27 novembre. &quot;Nous sommes\u2026<\/p>","protected":false},"author":25,"featured_media":0,"comment_status":"open","ping_status":"open","sticky":false,"template":"","format":"standard","meta":{"_acf_changed":false,"_seopress_robots_primary_cat":"none","_seopress_titles_title":"","_seopress_titles_desc":"","_seopress_robots_index":"","om_disable_all_campaigns":false,"_relevanssi_hide_post":"","_relevanssi_hide_content":"","_relevanssi_pin_for_all":"","_relevanssi_pin_keywords":"","_relevanssi_unpin_keywords":"","_relevanssi_related_keywords":"","_relevanssi_related_include_ids":"","_relevanssi_related_exclude_ids":"","_relevanssi_related_no_append":"","_relevanssi_related_not_related":"","_relevanssi_related_posts":"1813,1817,1797,1809,1837,5843","_relevanssi_noindex_reason":"","_kad_blocks_custom_css":"","_kad_blocks_head_custom_js":"","_kad_blocks_body_custom_js":"","_kad_blocks_footer_custom_js":"","_kad_post_transparent":"","_kad_post_title":"","_kad_post_layout":"","_kad_post_sidebar_id":"","_kad_post_content_style":"","_kad_post_vertical_padding":"","_kad_post_feature":"","_kad_post_feature_position":"","_kad_post_header":false,"_kad_post_footer":false,"footnotes":"","_links_to":"","_links_to_target":""},"categories":[105,45],"tags":[233],"class_list":["post-2018","post","type-post","status-publish","format-standard","hentry","category-europe-and-uk","category-news-and-press-releases","tag-news"],"acf":[],"featured_image_src_large":false,"author_info":{"display_name":"jcampbell","author_link":"https:\/\/gbta.org\/fr\/author\/jcampbell\/"},"comment_info":"","category_info":[{"term_id":105,"name":"Europe and UK","slug":"europe-and-uk","term_group":0,"term_taxonomy_id":105,"taxonomy":"category","description":"","parent":0,"count":153,"filter":"raw","cat_ID":105,"category_count":153,"category_description":"","cat_name":"Europe and UK","category_nicename":"europe-and-uk","category_parent":0},{"term_id":45,"name":"News and Press Releases","slug":"news-and-press-releases","term_group":0,"term_taxonomy_id":45,"taxonomy":"category","description":"","parent":0,"count":541,"filter":"raw","cat_ID":45,"category_count":541,"category_description":"","cat_name":"News and Press Releases","category_nicename":"news-and-press-releases","category_parent":0}],"tag_info":[{"term_id":233,"name":"news","slug":"news","term_group":0,"term_taxonomy_id":233,"taxonomy":"post_tag","description":"","parent":0,"count":308,"filter":"raw"}],"taxonomy_info":{"category":[{"value":105,"label":"Europe and UK"},{"value":45,"label":"News and Press Releases"}],"post_tag":[{"value":233,"label":"news"}]},"featured_image_src":null,"featured_image_src_square":null,"mfb_rest_fields":["featured_image_src_large","author_info","comment_info","category_info","tag_info","taxonomy_info","featured_image_src","featured_image_src_square"],"_links":{"self":[{"href":"https:\/\/gbta.org\/fr\/wp-json\/wp\/v2\/posts\/2018","targetHints":{"allow":["GET"]}}],"collection":[{"href":"https:\/\/gbta.org\/fr\/wp-json\/wp\/v2\/posts"}],"about":[{"href":"https:\/\/gbta.org\/fr\/wp-json\/wp\/v2\/types\/post"}],"author":[{"embeddable":true,"href":"https:\/\/gbta.org\/fr\/wp-json\/wp\/v2\/users\/25"}],"replies":[{"embeddable":true,"href":"https:\/\/gbta.org\/fr\/wp-json\/wp\/v2\/comments?post=2018"}],"version-history":[{"count":0,"href":"https:\/\/gbta.org\/fr\/wp-json\/wp\/v2\/posts\/2018\/revisions"}],"wp:attachment":[{"href":"https:\/\/gbta.org\/fr\/wp-json\/wp\/v2\/media?parent=2018"}],"wp:term":[{"taxonomy":"category","embeddable":true,"href":"https:\/\/gbta.org\/fr\/wp-json\/wp\/v2\/categories?post=2018"},{"taxonomy":"post_tag","embeddable":true,"href":"https:\/\/gbta.org\/fr\/wp-json\/wp\/v2\/tags?post=2018"}],"curies":[{"name":"wp","href":"https:\/\/api.w.org\/{rel}","templated":true}]}}