{"id":2049,"date":"2022-07-20T09:58:43","date_gmt":"2022-07-20T13:58:43","guid":{"rendered":"https:\/\/gbta.org\/week-in-review-150\/"},"modified":"2022-07-20T09:58:43","modified_gmt":"2022-07-20T13:58:43","slug":"week-in-review-150","status":"publish","type":"post","link":"https:\/\/gbta.org\/fr\/week-in-review-150\/","title":{"rendered":"Revue de la semaine"},"content":{"rendered":"<p>Les vols entre l&#039;Asie du Sud-Est et l&#039;Europe ont \u00e9t\u00e9 interrompus cette semaine en raison de la fermeture de\u00a0<a href=\"https:\/\/www.businesstraveller.com\/business-travel\/2019\/02\/27\/flights-disrupted-due-to-pakistan-air-space-closure\/\" target=\"_blank\" rel=\"noopener\">L&#039;espace a\u00e9rien du Pakistan<\/a>,\u00a0<em>Voyage d&#039;affaires\u00a0<\/em>rapports. Selon\u00a0<em>Horaires de Khaleej<\/em>, le Pakistan a\u00a0<a href=\"https:\/\/www.khaleejtimes.com\/international\/Pakistan-to-restore-its-airspace-with-restrictions\" target=\"_blank\" rel=\"noopener\">a rouvert son espace a\u00e9rien<\/a>\u00a0avec quelques restrictions.<\/p>\n<p>Les d\u00e9tails du client ont \u00e9t\u00e9 vol\u00e9s\u00a0<a href=\"https:\/\/www.phocuswire.com\/Resbird-Amadeus-customer-details-theft\" target=\"_blank\" rel=\"noopener\">un distributeur Amadeus<\/a>\u00a0en Inde,\u00a0<em>Phocusfil\u00a0<\/em>Remarques. Un employ\u00e9 de l&#039;entreprise Resbird Technologies a ill\u00e9galement extrait des informations d&#039;identification d&#039;un certain nombre de dossiers de passagers.<\/p>\n<p>La FAA a\u00a0<a href=\"https:\/\/gizmodo.com\/faa-bans-cargo-shipment-of-lithium-ion-batteries-on-pas-1832947332\" target=\"_blank\" rel=\"noopener\">interdit le transport de batteries et de cellules lithium-ion dans le fret des avions<\/a>en raison de leur potentiel d&#039;explosion,\u00a0<em>Gizmodo\u00a0<\/em>Remarques. L&#039;interdiction ne s&#039;applique pas aux passagers, qui sont toujours autoris\u00e9s \u00e0 emporter leurs appareils \u00e9lectroniques \u00e0 bord.<\/p>\n<p>Le fournisseur de transport terrestre Sixt pr\u00e9sente\u00a0<a href=\"https:\/\/www.electrive.com\/2019\/02\/25\/sixt-share-goes-electric-in-berlin\/\" target=\"_blank\" rel=\"noopener\">l&#039;autopartage \u00e9lectrique sur le march\u00e9 berlinois<\/a>,\u00a0<em>\u00c9lectrique\u00a0<\/em>Remarques. Selon la publication, \u00ab les signes sont d\u00e9j\u00e0 bien visibles : \u00e0 Berlin, les v\u00e9hicules \u00e9lectriques Sixt Share sont reconnaissables dans le paysage urbain depuis environ deux semaines \u00bb.<\/p>\n<p>Alors que les vols deviennent le moyen privil\u00e9gi\u00e9 de transport des victimes de la traite, le secteur a\u00e9rien est d\u00e9termin\u00e9 \u00e0 affronter ce probl\u00e8me. Selon\u00a0<em>ABC4<\/em>, d\u00e9clare le groupe \u00e0 but non lucratif Polaris\u00a0<a href=\"https:\/\/www.abc4.com\/news\/airlines-on-board-to-combat-human-trafficking\/1802424495\" target=\"_blank\" rel=\"noopener\">71% des victimes de trafic de travail<\/a>\u00a0sont amen\u00e9s aux \u00c9tats-Unis par avion.<\/p>\n<p>Le minist\u00e8re des Transports\u00a0<a href=\"https:\/\/www.usatoday.com\/story\/travel\/flights\/2019\/02\/28\/american-delta-dot-fine-lengthy-tarmac-delays-million\/3015837002\/\" target=\"_blank\" rel=\"noopener\">(DOT) inflige une amende \u00e0 American Airlines et Delta Air Lines<\/a>\u00a0pour maintenir les passagers \u00e0 bord des avions pendant les retards sur le tarmac,\u00a0<em>\u00c9TATS-UNIS AUJOURD&#039;HUI\u00a0<\/em>\u00e9crit. Les passagers sont cens\u00e9s d\u00e9barquer si leur vol int\u00e9rieur est rest\u00e9 sur le tarmac pendant trois heures ou quatre heures pour un vol international.<\/p>\n<p>Selon\u00a0<em>Skift<\/em>, les organisateurs de r\u00e9unions sont confront\u00e9s \u00e0 un d\u00e9fi unique lorsqu&#039;il s&#039;agit de\u00a0<a href=\"https:\/\/skift.com\/2019\/02\/27\/making-meetings-and-events-healthier-goes-beyond-tight-budgets\/\" target=\"_blank\" rel=\"noopener\">rendre les r\u00e9unions et les \u00e9v\u00e9nements plus sains<\/a>. Selon une nouvelle \u00e9tude, les organisateurs de r\u00e9unions ne consid\u00e8rent pas les \u00e9v\u00e9nements qu&#039;ils coordonnent comme enti\u00e8rement sains.<\/p>\n<p>Le 25 mai, le R\u00e8glement G\u00e9n\u00e9ral sur la Protection des Donn\u00e9es (RGPD) est entr\u00e9 en vigueur dans le but de renforcer la collecte, le transfert et la protection des donn\u00e9es des citoyens de l&#039;UE. Nous avons r\u00e9cemment parl\u00e9 \u00e0 Mark Sharoff, analyste de recherche senior de GBTA, et \u00e0 Kevin Iwamoto, vice-pr\u00e9sident senior de GoldSpring Consulting, pour discuter\u00a0<a href=\"https:\/\/gbta.org\/fr\/news-and-advocacy\/commentary\/postid\/5317\/podcast-gdpr-where-are-we-now\/\">l&#039;impact du RGPD dans le monde du voyage et des r\u00e9unions<\/a>.<\/p>\n<p>Airlineratings.com a publi\u00e9 sa liste des\u00a0<a href=\"https:\/\/www.bhg.com.au\/safest-airlines-in-the-world\" target=\"_blank\" rel=\"noopener\">Top 20 des meilleures compagnies a\u00e9riennes au monde pour la s\u00e9curit\u00e9<\/a>,\u00a0<em>De meilleures maisons et jardins\u00a0<\/em>\u00e9crit.<\/p>\n<p>La\u00a0<a href=\"https:\/\/www.businesstraveller.com\/business-travel\/2019\/02\/26\/full-opening-of-new-istanbul-airport-delayed-again\/\" target=\"_blank\" rel=\"noopener\">ouverture compl\u00e8te du nouvel a\u00e9roport d&#039;Istanbul<\/a>\u00a0a encore \u00e9t\u00e9 retard\u00e9,\u00a0<em>Voyage d&#039;affaires\u00a0<\/em>rapports. L&#039;ouverture est d\u00e9sormais pr\u00e9vue pour le 7 avril et non le 3 mars comme annonc\u00e9 pr\u00e9c\u00e9demment.<\/p>\n<p>Selon\u00a0<em>HotelMarketing&#039;com<\/em>,\u00a0<a href=\"https:\/\/www.hotelmarketing.com\/articles\/ihg-experimenting-with-dynamic-pricing-for-reward-bookings\" target=\"_blank\" rel=\"noopener\">IHG exp\u00e9rimente la tarification dynamique<\/a>\u00a0pour ses r\u00e9servations de r\u00e9compenses. La tarification dynamique permet aux fournisseurs d&#039;ajuster le tarif de la chambre ou le prix d&#039;un si\u00e8ge d&#039;avion en fonction de la demande du march\u00e9.<\/p>","protected":false},"excerpt":{"rendered":"<p>Les vols entre l&#039;Asie du Sud-Est et l&#039;Europe ont \u00e9t\u00e9 interrompus cette semaine en raison de la fermeture de l&#039;espace a\u00e9rien du Pakistan, rapporte Business Traveler. Selon Khaleej Times, le Pakistan a rouvert son espace a\u00e9rien avec certaines restrictions. Les coordonn\u00e9es d&#039;un client ont \u00e9t\u00e9 vol\u00e9es \u00e0 un distributeur Amadeus en Inde, note Phocuswire. Un employ\u00e9 de la soci\u00e9t\u00e9 Resbird Technologies a ill\u00e9galement pris des informations d&#039;identification \u00e0 partir d&#039;un certain nombre de dossiers de passagers. La FAA a interdit\u2026<\/p>","protected":false},"author":25,"featured_media":0,"comment_status":"open","ping_status":"open","sticky":false,"template":"","format":"standard","meta":{"_acf_changed":false,"_seopress_robots_primary_cat":"","_seopress_titles_title":"","_seopress_titles_desc":"","_seopress_robots_index":"","om_disable_all_campaigns":false,"_relevanssi_hide_post":"","_relevanssi_hide_content":"","_relevanssi_pin_for_all":"","_relevanssi_pin_keywords":"","_relevanssi_unpin_keywords":"","_relevanssi_related_keywords":"","_relevanssi_related_include_ids":"","_relevanssi_related_exclude_ids":"","_relevanssi_related_no_append":"","_relevanssi_related_not_related":"","_relevanssi_related_posts":"","_relevanssi_noindex_reason":"","_kad_blocks_custom_css":"","_kad_blocks_head_custom_js":"","_kad_blocks_body_custom_js":"","_kad_blocks_footer_custom_js":"","_kad_post_transparent":"","_kad_post_title":"","_kad_post_layout":"","_kad_post_sidebar_id":"","_kad_post_content_style":"","_kad_post_vertical_padding":"","_kad_post_feature":"","_kad_post_feature_position":"","_kad_post_header":false,"_kad_post_footer":false,"footnotes":"","_links_to":"","_links_to_target":""},"categories":[37],"tags":[],"class_list":["post-2049","post","type-post","status-publish","format-standard","hentry","category-research-and-travel-trends"],"acf":[],"featured_image_src_large":false,"author_info":{"display_name":"jcampbell","author_link":"https:\/\/gbta.org\/fr\/author\/jcampbell\/"},"comment_info":"","category_info":[{"term_id":37,"name":"Research and Travel Trends","slug":"research-and-travel-trends","term_group":0,"term_taxonomy_id":37,"taxonomy":"category","description":"","parent":0,"count":966,"filter":"raw","cat_ID":37,"category_count":966,"category_description":"","cat_name":"Research and Travel Trends","category_nicename":"research-and-travel-trends","category_parent":0}],"tag_info":false,"taxonomy_info":{"category":[{"value":37,"label":"Research and Travel Trends"}]},"featured_image_src":null,"featured_image_src_square":null,"mfb_rest_fields":["featured_image_src_large","author_info","comment_info","category_info","tag_info","taxonomy_info","featured_image_src","featured_image_src_square"],"_links":{"self":[{"href":"https:\/\/gbta.org\/fr\/wp-json\/wp\/v2\/posts\/2049","targetHints":{"allow":["GET"]}}],"collection":[{"href":"https:\/\/gbta.org\/fr\/wp-json\/wp\/v2\/posts"}],"about":[{"href":"https:\/\/gbta.org\/fr\/wp-json\/wp\/v2\/types\/post"}],"author":[{"embeddable":true,"href":"https:\/\/gbta.org\/fr\/wp-json\/wp\/v2\/users\/25"}],"replies":[{"embeddable":true,"href":"https:\/\/gbta.org\/fr\/wp-json\/wp\/v2\/comments?post=2049"}],"version-history":[{"count":0,"href":"https:\/\/gbta.org\/fr\/wp-json\/wp\/v2\/posts\/2049\/revisions"}],"wp:attachment":[{"href":"https:\/\/gbta.org\/fr\/wp-json\/wp\/v2\/media?parent=2049"}],"wp:term":[{"taxonomy":"category","embeddable":true,"href":"https:\/\/gbta.org\/fr\/wp-json\/wp\/v2\/categories?post=2049"},{"taxonomy":"post_tag","embeddable":true,"href":"https:\/\/gbta.org\/fr\/wp-json\/wp\/v2\/tags?post=2049"}],"curies":[{"name":"wp","href":"https:\/\/api.w.org\/{rel}","templated":true}]}}