{"id":2197,"date":"2019-09-09T09:59:00","date_gmt":"2019-09-09T13:59:00","guid":{"rendered":"https:\/\/gbta.org\/opening-center-stage-speaker-announced-for-gbta-western-canada-conference-2019\/"},"modified":"2022-10-01T04:40:31","modified_gmt":"2022-10-01T08:40:31","slug":"opening-center-stage-speaker-announced-for-gbta-western-canada-conference-2019","status":"publish","type":"post","link":"https:\/\/gbta.org\/fr\/opening-center-stage-speaker-announced-for-gbta-western-canada-conference-2019\/","title":{"rendered":"Annonce du conf\u00e9rencier d&#039;ouverture de la sc\u00e8ne centrale pour la GBTA Western Canada Conference 2019"},"content":{"rendered":"<p>Alexandria, Virginie (9 septembre 2019) \u2013 La Global Business Travel Association (GBTA), la voix de l&#039;industrie mondiale du voyage d&#039;affaires, a annonc\u00e9 aujourd&#039;hui qu&#039;Edward Sims, PDG de WestJet, serait le conf\u00e9rencier d&#039;ouverture de la sc\u00e8ne inaugurale de la GBTA dans l&#039;ouest du Canada. Conf\u00e9rence, qui se tiendra les 16 et 17 octobre \u00e0 Calgary.<\/p>\n<p>Sims montera sur sc\u00e8ne dans l&#039;apr\u00e8s-midi du mercredi 16 octobre avec le pr\u00e9sident nouvellement \u00e9lu de la GBTA, Bhart Sarin, pour discuter des derni\u00e8res tendances de l&#039;aviation et de leur impact sur les voyageurs d&#039;affaires et les acheteurs de voyages d&#039;aujourd&#039;hui.<\/p>\n<p>En tant que pr\u00e9sident et chef de la direction de WestJet, Sims est responsable \u00e0 la fois de l&#039;orientation strat\u00e9gique de la compagnie a\u00e9rienne et de ses op\u00e9rations quotidiennes. Avec plus de 30 ans d&#039;exp\u00e9rience dans l&#039;industrie du tourisme et de l&#039;aviation, sur les march\u00e9s europ\u00e9ens et australasiens, cette session promet de donner un aper\u00e7u des d\u00e9fis et des opportunit\u00e9s dans l&#039;industrie du transport a\u00e9rien.<\/p>\n<p>WestJet est une grande r\u00e9ussite canadienne : elle a commenc\u00e9 comme un transporteur \u00e0 bas prix et est maintenant devenue une compagnie a\u00e9rienne \u00e0 service complet desservant plus de 100 destinations \u00bb, a d\u00e9clar\u00e9 Scott Solombrino, directeur ex\u00e9cutif et chef de l&#039;exploitation de GBTA. \u00ab Je sais que nos d\u00e9l\u00e9gu\u00e9s seront impatients d&#039;en savoir plus sur sa transformation et la croissance de son entreprise. J&#039;ai h\u00e2te d&#039;entendre le point de vue d&#039;Ed sur l&#039;avenir de l&#039;entreprise et son impact sur le paysage des voyages d&#039;affaires.<\/p>\n<p>La conf\u00e9rence GBTA Western Canada se tiendra au nouvel h\u00f4tel Westin Calgary Airport, r\u00e9unissant plus de 300 professionnels du voyage d&#039;affaires de la Colombie-Britannique, de l&#039;Alberta, de la Saskatchewan et du Manitoba. Cette conf\u00e9rence tr\u00e8s attendue abordera l&#039;\u00e9volution des besoins et des tendances en mati\u00e8re de gestion des voyages d&#039;affaires et des r\u00e9unions, propres \u00e0 l&#039;Ouest canadien.<\/p>\n<p>L&#039;inscription des participants est ouverte, inscrivez-vous avant le 11 septembre pour \u00e9conomiser. Pour plus de d\u00e9tails, visitez <a href=\"https:\/\/gbta.org\/fr\/calendar\/programs-by-location\/north-america\/gbta-western-canada-conference-2019\/#agenda\">gbta.org.<\/a><\/p>\n<p><strong>\u00c0 propos de l&#039;Association mondiale des voyages d&#039;affaires<br \/>\n<\/strong>La Global Business Travel Association (GBTA) est la premi\u00e8re organisation commerciale de voyages d&#039;affaires et de r\u00e9unions au monde. Son si\u00e8ge social est situ\u00e9 dans la r\u00e9gion de Washington, DC et elle op\u00e8re sur six continents. Plus de 10 000 membres de GBTA g\u00e8rent chaque ann\u00e9e plus de $345 milliards de d\u00e9penses mondiales de voyages d&#039;affaires et de r\u00e9unions. GBTA offre une \u00e9ducation, des \u00e9v\u00e9nements, des recherches, des plaidoyers et des m\u00e9dias de classe mondiale \u00e0 un r\u00e9seau mondial en pleine croissance de plus de 28 000 professionnels du voyage et 125 000 contacts actifs. Pour d\u00e9couvrir comment les voyages d&#039;affaires stimulent la croissance durable des entreprises, visitez&nbsp;<a href=\"https:\/\/gbta.org\/fr\/Pages\/default.aspx\/\">gbta.org<\/a>.<\/p>","protected":false},"excerpt":{"rendered":"<p>Alexandria, Virginie (le 9 septembre 2019) \u2013 La Global Business Travel Association (GBTA) \u2013 la voix de l&#039;industrie mondiale du voyage d&#039;affaires, a annonc\u00e9 aujourd&#039;hui qu&#039;Edward Sims, PDG de WestJet, serait le conf\u00e9rencier d&#039;ouverture de la sc\u00e8ne centrale lors de la premi\u00e8re GBTA Western Canada Conf\u00e9rence, qui aura lieu les 16 et 17 octobre \u00e0 Calgary. Les Sims monteront sur sc\u00e8ne le\u2026<\/p>","protected":false},"author":25,"featured_media":0,"comment_status":"open","ping_status":"open","sticky":false,"template":"","format":"standard","meta":{"_acf_changed":false,"_seopress_robots_primary_cat":"none","_seopress_titles_title":"","_seopress_titles_desc":"","_seopress_robots_index":"","om_disable_all_campaigns":false,"_relevanssi_hide_post":"","_relevanssi_hide_content":"","_relevanssi_pin_for_all":"","_relevanssi_pin_keywords":"","_relevanssi_unpin_keywords":"","_relevanssi_related_keywords":"","_relevanssi_related_include_ids":"","_relevanssi_related_exclude_ids":"","_relevanssi_related_no_append":"","_relevanssi_related_not_related":"","_relevanssi_related_posts":"4069,2509,6093,1775,1797,2480","_relevanssi_noindex_reason":"","_kad_blocks_custom_css":"","_kad_blocks_head_custom_js":"","_kad_blocks_body_custom_js":"","_kad_blocks_footer_custom_js":"","_kad_post_transparent":"","_kad_post_title":"","_kad_post_layout":"","_kad_post_sidebar_id":"","_kad_post_content_style":"","_kad_post_vertical_padding":"","_kad_post_feature":"","_kad_post_feature_position":"","_kad_post_header":false,"_kad_post_footer":false,"footnotes":"","_links_to":"","_links_to_target":""},"categories":[375,45],"tags":[],"class_list":["post-2197","post","type-post","status-publish","format-standard","hentry","category-canada","category-news-and-press-releases"],"acf":[],"featured_image_src_large":false,"author_info":{"display_name":"jcampbell","author_link":"https:\/\/gbta.org\/fr\/author\/jcampbell\/"},"comment_info":"","category_info":[{"term_id":375,"name":"Canada","slug":"canada","term_group":0,"term_taxonomy_id":375,"taxonomy":"category","description":"","parent":0,"count":61,"filter":"raw","cat_ID":375,"category_count":61,"category_description":"","cat_name":"Canada","category_nicename":"canada","category_parent":0},{"term_id":45,"name":"News and Press Releases","slug":"news-and-press-releases","term_group":0,"term_taxonomy_id":45,"taxonomy":"category","description":"","parent":0,"count":540,"filter":"raw","cat_ID":45,"category_count":540,"category_description":"","cat_name":"News and Press Releases","category_nicename":"news-and-press-releases","category_parent":0}],"tag_info":false,"taxonomy_info":{"category":[{"value":375,"label":"Canada"},{"value":45,"label":"News and Press Releases"}]},"featured_image_src":null,"featured_image_src_square":null,"mfb_rest_fields":["featured_image_src_large","author_info","comment_info","category_info","tag_info","taxonomy_info","featured_image_src","featured_image_src_square"],"_links":{"self":[{"href":"https:\/\/gbta.org\/fr\/wp-json\/wp\/v2\/posts\/2197","targetHints":{"allow":["GET"]}}],"collection":[{"href":"https:\/\/gbta.org\/fr\/wp-json\/wp\/v2\/posts"}],"about":[{"href":"https:\/\/gbta.org\/fr\/wp-json\/wp\/v2\/types\/post"}],"author":[{"embeddable":true,"href":"https:\/\/gbta.org\/fr\/wp-json\/wp\/v2\/users\/25"}],"replies":[{"embeddable":true,"href":"https:\/\/gbta.org\/fr\/wp-json\/wp\/v2\/comments?post=2197"}],"version-history":[{"count":0,"href":"https:\/\/gbta.org\/fr\/wp-json\/wp\/v2\/posts\/2197\/revisions"}],"wp:attachment":[{"href":"https:\/\/gbta.org\/fr\/wp-json\/wp\/v2\/media?parent=2197"}],"wp:term":[{"taxonomy":"category","embeddable":true,"href":"https:\/\/gbta.org\/fr\/wp-json\/wp\/v2\/categories?post=2197"},{"taxonomy":"post_tag","embeddable":true,"href":"https:\/\/gbta.org\/fr\/wp-json\/wp\/v2\/tags?post=2197"}],"curies":[{"name":"wp","href":"https:\/\/api.w.org\/{rel}","templated":true}]}}